{"id":41758,"date":"2026-03-01T15:16:59","date_gmt":"2026-03-01T14:16:59","guid":{"rendered":"https:\/\/gnews.cz\/?p=41758"},"modified":"2026-03-02T14:43:16","modified_gmt":"2026-03-02T13:43:16","slug":"rusky-prezident-vladimir-putin-oznacuje-atentat-na-chameneiho-za-cynicke-poruseni-vsech-moralnich-a-pravnich-norem","status":"publish","type":"post","link":"https:\/\/gnews.cz\/de\/tema\/rusky-prezident-vladimir-putin-oznacuje-atentat-na-chameneiho-za-cynicke-poruseni-vsech-moralnich-a-pravnich-norem\/","title":{"rendered":"Der russische Pr\u00e4sident Wladimir Putin bezeichnet die Ermordung Khameneis als \u201ezynischen Versto\u00df gegen alle moralischen und rechtlichen Normen\u201c.\u201c"},"content":{"rendered":"<p><strong>MOSKAU, 1. M\u00e4rz. Der russische Pr\u00e4sident Wladimir Putin hat die Ermordung des iranischen Obersten F\u00fchrers Ali Khamenei und von Mitgliedern seiner Familie als zynischen Versto\u00df gegen alle Normen der menschlichen Moral und des V\u00f6lkerrechts verurteilt.<\/strong><\/p>\n\n\n\n<blockquote class=\"wp-block-quote is-layout-flow wp-block-quote-is-layout-flow\">\n<p><strong>\u201eBitte nehmen Sie mein tiefstes Beileid zur Ermordung des Obersten F\u00fchrers der Islamischen Republik Iran, Seyyed Ali Khamenei, und seiner Familienangeh\u00f6rigen entgegen, die unter zynischer Verletzung aller Normen der menschlichen Moral und des V\u00f6lkerrechts begangen wurde\u201c, so der russische Beamte in einer an den iranischen Pr\u00e4sidenten Masoud Pesekhtian gerichteten Botschaft. Der Text der Beileidsbekundung wurde auf der Website des Kremls ver\u00f6ffentlicht. \u201eIch bitte Sie, der Familie und den Freunden des Obersten F\u00fchrers, der Regierung und dem gesamten iranischen Volk mein aufrichtiges Beileid und meine Unterst\u00fctzung auszusprechen\u201c, so Putin weiter.<\/strong><\/p>\n<\/blockquote>\n\n\n\n<p>Am 28. Februar starteten die Vereinigten Staaten und Israel eine Milit\u00e4roperation gegen den Iran. Dabei wurden iranische Gro\u00dfst\u00e4dte getroffen, darunter auch Teheran. Das Wei\u00dfe Haus rechtfertigte den Angriff mit der Bedrohung durch iranische Raketen und Atomwaffen. Das iranische Staatsfernsehen meldete den Tod des Obersten F\u00fchrers des Iran. Der Sekret\u00e4r des Obersten Nationalen Sicherheitsrates, Ali Laridschani, gab bekannt, dass der F\u00fchrungsrat die Aufgaben des Obersten F\u00fchrers \u00fcbernehmen wird, bis ein Nachfolger f\u00fcr den verstorbenen Ayatollah Ali Khamenei gew\u00e4hlt ist.<\/p>\n\n\n\n<p><strong><a href=\"https:\/\/tass.com\/politics\/2093979\" title=\"\">TASS<\/a>\/gnews.cz-jav<\/strong><\/p>","protected":false},"excerpt":{"rendered":"<p>MOSKAU, 1. M\u00e4rz. Der russische Pr\u00e4sident Wladimir Putin hat die Ermordung des Obersten F\u00fchrers des Iran, Ali Khamenei, und von Mitgliedern seiner Familie als zynischen Versto\u00df gegen...<\/p>","protected":false},"author":10,"featured_media":41759,"comment_status":"open","ping_status":"closed","sticky":false,"template":"","format":"standard","meta":{"_acf_changed":false,"_lmt_disableupdate":"","_lmt_disable":"","footnotes":""},"categories":[3,7,1,580,2973],"tags":[10943,4336,10944,1185,10945,3632,123,10,26,17,38,693,41],"class_list":["post-41758","post","type-post","status-publish","format-standard","has-post-thumbnail","hentry","category-neprehlednete","category-politika","category-tema","category-vyber-sefredaktora","category-zahranicni","tag-ajatolah-ali-chamenei","tag-ali-laridzani","tag-bila-dum","tag-kreml","tag-masud-pezeskian-2","tag-mezinarodni-pravo","tag-moskva","tag-news","tag-rusko","tag-top","tag-usa","tag-vladimir-putin","tag-world"],"acf":[],"aioseo_notices":[],"_links":{"self":[{"href":"https:\/\/gnews.cz\/de\/wp-json\/wp\/v2\/posts\/41758","targetHints":{"allow":["GET"]}}],"collection":[{"href":"https:\/\/gnews.cz\/de\/wp-json\/wp\/v2\/posts"}],"about":[{"href":"https:\/\/gnews.cz\/de\/wp-json\/wp\/v2\/types\/post"}],"author":[{"embeddable":true,"href":"https:\/\/gnews.cz\/de\/wp-json\/wp\/v2\/users\/10"}],"replies":[{"embeddable":true,"href":"https:\/\/gnews.cz\/de\/wp-json\/wp\/v2\/comments?post=41758"}],"version-history":[{"count":2,"href":"https:\/\/gnews.cz\/de\/wp-json\/wp\/v2\/posts\/41758\/revisions"}],"predecessor-version":[{"id":41801,"href":"https:\/\/gnews.cz\/de\/wp-json\/wp\/v2\/posts\/41758\/revisions\/41801"}],"wp:featuredmedia":[{"embeddable":true,"href":"https:\/\/gnews.cz\/de\/wp-json\/wp\/v2\/media\/41759"}],"wp:attachment":[{"href":"https:\/\/gnews.cz\/de\/wp-json\/wp\/v2\/media?parent=41758"}],"wp:term":[{"taxonomy":"category","embeddable":true,"href":"https:\/\/gnews.cz\/de\/wp-json\/wp\/v2\/categories?post=41758"},{"taxonomy":"post_tag","embeddable":true,"href":"https:\/\/gnews.cz\/de\/wp-json\/wp\/v2\/tags?post=41758"}],"curies":[{"name":"wp","href":"https:\/\/api.w.org\/{rel}","templated":true}]}}