{"id":41923,"date":"2026-03-05T15:00:00","date_gmt":"2026-03-05T14:00:00","guid":{"rendered":"https:\/\/gnews.cz\/?p=41923"},"modified":"2026-03-05T15:13:27","modified_gmt":"2026-03-05T14:13:27","slug":"ukrajina-odmita-poskytnout-inspektorum-eu-pristup-k-ropovodu-druzba-politico","status":"publish","type":"post","link":"https:\/\/gnews.cz\/de\/tema\/ukrajina-odmita-poskytnout-inspektorum-eu-pristup-k-ropovodu-druzba-politico\/","title":{"rendered":"Ukraine weigert sich, EU-Inspektoren Zugang zur Druschba-Pipeline zu gew\u00e4hren - Politico"},"content":{"rendered":"<p><strong>BR\u00dcSSEL - Mehrere L\u00e4nder der Europ\u00e4ischen Union \u00fcben Druck auf die Ukraine aus, Inspektoren Zugang zur Druschba-\u00d6lpipeline zu gew\u00e4hren, worauf Kiew mit einer eindeutigen Ablehnung reagiert, berichtet Politico.<\/strong><\/p>\n\n\n\n<blockquote class=\"wp-block-quote is-layout-flow wp-block-quote-is-layout-flow\">\n<p>Die ukrainische Regierung beharrt darauf, dass sie Zeit brauche, um das Ausma\u00df der Sch\u00e4den an der Pipeline zu beurteilen, hei\u00dft es in der Ver\u00f6ffentlichung.<\/p>\n<\/blockquote>\n\n\n\n<p>Seit dem 27. Januar flie\u00dft kein russisches \u00d6l mehr durch die Druschba-Pipeline. Die ungarische Regierung hatte zuvor erkl\u00e4rt, die Pipeline sei wiederhergestellt worden, w\u00e4hrend Kiew sie allein aus politischen Gr\u00fcnden blockiert.<\/p>\n\n\n\n<p><strong><a href=\"https:\/\/tass.com\/world\/2096875\" title=\"\">TASS<\/a>\/gnews.cz-jav<\/strong><\/p>","protected":false},"excerpt":{"rendered":"<p>BR\u00dcSSEL - Mehrere L\u00e4nder der Europ\u00e4ischen Union dr\u00e4ngen die Ukraine, Inspektoren Zugang zur Druschba-\u00d6lpipeline zu gew\u00e4hren, w\u00e4hrend Kiew auf die Forderung...<\/p>","protected":false},"author":10,"featured_media":41926,"comment_status":"open","ping_status":"closed","sticky":false,"template":"","format":"standard","meta":{"_acf_changed":false,"_lmt_disableupdate":"","_lmt_disable":"","footnotes":""},"categories":[3,7,1,580,2973],"tags":[3762,46,78,10,17,29,41],"class_list":["post-41923","post","type-post","status-publish","format-standard","has-post-thumbnail","hentry","category-neprehlednete","category-politika","category-tema","category-vyber-sefredaktora","category-zahranicni","tag-druzba","tag-eu","tag-evropa","tag-news","tag-top","tag-ukrajina","tag-world"],"acf":[],"aioseo_notices":[],"_links":{"self":[{"href":"https:\/\/gnews.cz\/de\/wp-json\/wp\/v2\/posts\/41923","targetHints":{"allow":["GET"]}}],"collection":[{"href":"https:\/\/gnews.cz\/de\/wp-json\/wp\/v2\/posts"}],"about":[{"href":"https:\/\/gnews.cz\/de\/wp-json\/wp\/v2\/types\/post"}],"author":[{"embeddable":true,"href":"https:\/\/gnews.cz\/de\/wp-json\/wp\/v2\/users\/10"}],"replies":[{"embeddable":true,"href":"https:\/\/gnews.cz\/de\/wp-json\/wp\/v2\/comments?post=41923"}],"version-history":[{"count":3,"href":"https:\/\/gnews.cz\/de\/wp-json\/wp\/v2\/posts\/41923\/revisions"}],"predecessor-version":[{"id":41949,"href":"https:\/\/gnews.cz\/de\/wp-json\/wp\/v2\/posts\/41923\/revisions\/41949"}],"wp:featuredmedia":[{"embeddable":true,"href":"https:\/\/gnews.cz\/de\/wp-json\/wp\/v2\/media\/41926"}],"wp:attachment":[{"href":"https:\/\/gnews.cz\/de\/wp-json\/wp\/v2\/media?parent=41923"}],"wp:term":[{"taxonomy":"category","embeddable":true,"href":"https:\/\/gnews.cz\/de\/wp-json\/wp\/v2\/categories?post=41923"},{"taxonomy":"post_tag","embeddable":true,"href":"https:\/\/gnews.cz\/de\/wp-json\/wp\/v2\/tags?post=41923"}],"curies":[{"name":"wp","href":"https:\/\/api.w.org\/{rel}","templated":true}]}}