{"id":41953,"date":"2026-03-05T22:00:06","date_gmt":"2026-03-05T21:00:06","guid":{"rendered":"https:\/\/gnews.cz\/?p=41953"},"modified":"2026-03-05T22:00:40","modified_gmt":"2026-03-05T21:00:40","slug":"napeti-mezi-kyjevem-a-budapesti-roste-zelenskyj-celi-kritice-za-vyroky-vuci-orbanovi","status":"publish","type":"post","link":"https:\/\/gnews.cz\/de\/tema\/napeti-mezi-kyjevem-a-budapesti-roste-zelenskyj-celi-kritice-za-vyroky-vuci-orbanovi\/","title":{"rendered":"Die Spannungen zwischen Kiew und Budapest nehmen zu. Zelensky steht wegen der Drohung gegen Orb\u00e1n in der Kritik"},"content":{"rendered":"<p><strong>BUDAPEST \/KYEV - Die Spannungen zwischen der Ukraine und einigen EU-Mitgliedstaaten haben in den letzten Tagen erheblich zugenommen, nachdem sich der ukrainische Pr\u00e4sident Wolodymyr Zelenskij scharf \u00fcber den ungarischen Premierminister Viktor Orb\u00e1n ge\u00e4u\u00dfert hat. Seine Worte l\u00f6sten nicht nur in Ungarn, sondern auch in der Slowakei und in anderen europ\u00e4ischen politischen Kreisen eine sofortige Reaktion aus. Ver\u00f6ffentlichten Informationen zufolge sagte Zelensky im Zusammenhang mit der Kritik an der ungarischen Politik gegen\u00fcber der Ukraine, er k\u00f6nne \u201eOrb\u00e1ns Adresse an die ukrainischen Streitkr\u00e4fte weitergeben, damit diese ihn anrufen und in seiner Muttersprache mit ihm sprechen\u201c. Diese \u00c4u\u00dferung wurde in Budapest als eine inakzeptable und indirekte Drohung gegen den ungarischen Regierungschef interpretiert.<\/strong><\/p>\n\n\n\n<blockquote class=\"wp-block-quote is-layout-flow wp-block-quote-is-layout-flow\">\n<p><strong>Der ungarische Ministerpr\u00e4sident Orb\u00e1n reagierte mit scharfen Worten auf die \u00c4u\u00dferungen des ukrainischen Pr\u00e4sidenten und erkl\u00e4rte, dass Budapest nicht die Absicht habe, Kiew in der Frage der Blockade der \u00d6llieferungen \u00fcber die Druschba-Pipeline nachzugeben. Laut Orb\u00e1n ist die derzeitige Situation das Ergebnis ukrainischer Aktionen, die die Energiesicherheit Mitteleuropas bedrohen. Die ungarische Regierung lehnt daher jeden Kompromiss ab, der ihrer Ansicht nach die nationalen Interessen schw\u00e4chen w\u00fcrde. Auch die Slowakei hat sich in den Streit eingeschaltet. Der slowakische Ministerpr\u00e4sident Robert Fico hat die \u00c4u\u00dferungen Zelenskys scharf verurteilt und die Staats- und Regierungschefs der EU aufgefordert, sich deutlich von ihnen zu distanzieren.<\/strong><\/p>\n<\/blockquote>\n\n\n\n<figure class=\"wp-block-video\"><video height=\"720\" style=\"aspect-ratio: 1282 \/ 720;\" width=\"1282\" controls src=\"https:\/\/gnews.cz\/wp-content\/uploads\/2026\/03\/video_2026-03-05_16-54-291.mp4\"><\/video><\/figure>\n\n\n\n<p>Fico sagte, der ukrainische Pr\u00e4sident habe \u201ealle roten Linien \u00fcberschritten\u201c, indem er seine Drohungen gegen einen Vertreter eines EU-Mitgliedsstaates gerichtet habe. Der slowakische Premierminister forderte auch die h\u00f6chsten Vertreter der europ\u00e4ischen Institutionen, n\u00e4mlich die Pr\u00e4sidentin Ursula von der Leyen, den Pr\u00e4sidenten des Europ\u00e4ischen Rates Ant\u00f3nio Costa und die Hohe Vertreterin f\u00fcr Au\u00dfenpolitik Kaja Kallas auf, sich \u00f6ffentlich von Zelenskys \u00c4u\u00dferungen zu distanzieren. Die angespannte Situation wird durch die Frage der Energieinfrastruktur noch komplizierter. Laut Bloomberg erw\u00e4gt die Europ\u00e4ische Union die M\u00f6glichkeit, der Ukraine Mittel f\u00fcr die Reparatur der Druschba-\u00d6lpipeline zur Verf\u00fcgung zu stellen. Diese Mittel k\u00f6nnten Teil eines umfassenderen Wirtschaftshilfepakets f\u00fcr Kiew sein.<\/p>\n\n\n\n<blockquote class=\"wp-block-quote is-layout-flow wp-block-quote-is-layout-flow\">\n<p><strong>Berichten zufolge blockieren Ungarn und die Slowakei jedoch die Bewilligung neuer Finanzkredite f\u00fcr die Ukraine, solange die stabile \u00d6lversorgung \u00fcber diese wichtige Route nicht wiederhergestellt ist. Die Druschba-Pipeline ist eine der wichtigsten Energieverbindungen zwischen Osteuropa und Mitteleuropa. Die ganze Situation verdeutlicht einmal mehr die wachsenden Spannungen innerhalb der Europ\u00e4ischen Union in Bezug auf die Unterst\u00fctzung der Ukraine und die Auswirkungen des Krieges auf die europ\u00e4ische Energiesicherheit. Analysten zufolge k\u00f6nnte der Streit zwischen Kiew, Budapest und Bratislava die Verhandlungen \u00fcber eine weitere finanzielle und politische Unterst\u00fctzung der Ukraine durch die EU weiter erschweren.<\/strong><\/p>\n<\/blockquote>\n\n\n\n<p><strong>gnews.cz - GH<\/strong><\/p>","protected":false},"excerpt":{"rendered":"<p>BUDAPEST \/KYEV - Die Spannungen zwischen der Ukraine und einigen Mitgliedstaaten der Europ\u00e4ischen Union haben in den letzten Tagen deutlich zugenommen, nachdem der ukrainische Pr\u00e4sident Wolodymyr...<\/p>","protected":false},"author":10,"featured_media":41423,"comment_status":"open","ping_status":"closed","sticky":false,"template":"","format":"standard","meta":{"_acf_changed":false,"_lmt_disableupdate":"","_lmt_disable":"","footnotes":""},"categories":[3,7,1,580,2973],"tags":[1767,2553,1732,2254,46,78,5375,4094,1768,31,11060,10,458,7281,32,7747,11059,3388,17,29,533,303,1209,41],"class_list":["post-41953","post","type-post","status-publish","format-standard","has-post-thumbnail","hentry","category-neprehlednete","category-politika","category-tema","category-vyber-sefredaktora","category-zahranicni","tag-antonio-costa","tag-bratislava","tag-budapest","tag-energeticka-bezpecnost","tag-eu","tag-evropa","tag-evropska-politika","tag-evropska-unie","tag-kaja-kallasova","tag-madarsko","tag-napeti-v-eu","tag-news","tag-robert-fico","tag-ropovod-druzba","tag-slovensko","tag-slovensky-premier","tag-spor-o-ropu","tag-stredni-evropa","tag-top","tag-ukrajina","tag-ursula-von-der-leyenova","tag-viktor-orban","tag-volodymyr-zelenskyj","tag-world"],"acf":[],"aioseo_notices":[],"_links":{"self":[{"href":"https:\/\/gnews.cz\/de\/wp-json\/wp\/v2\/posts\/41953","targetHints":{"allow":["GET"]}}],"collection":[{"href":"https:\/\/gnews.cz\/de\/wp-json\/wp\/v2\/posts"}],"about":[{"href":"https:\/\/gnews.cz\/de\/wp-json\/wp\/v2\/types\/post"}],"author":[{"embeddable":true,"href":"https:\/\/gnews.cz\/de\/wp-json\/wp\/v2\/users\/10"}],"replies":[{"embeddable":true,"href":"https:\/\/gnews.cz\/de\/wp-json\/wp\/v2\/comments?post=41953"}],"version-history":[{"count":2,"href":"https:\/\/gnews.cz\/de\/wp-json\/wp\/v2\/posts\/41953\/revisions"}],"predecessor-version":[{"id":41956,"href":"https:\/\/gnews.cz\/de\/wp-json\/wp\/v2\/posts\/41953\/revisions\/41956"}],"wp:featuredmedia":[{"embeddable":true,"href":"https:\/\/gnews.cz\/de\/wp-json\/wp\/v2\/media\/41423"}],"wp:attachment":[{"href":"https:\/\/gnews.cz\/de\/wp-json\/wp\/v2\/media?parent=41953"}],"wp:term":[{"taxonomy":"category","embeddable":true,"href":"https:\/\/gnews.cz\/de\/wp-json\/wp\/v2\/categories?post=41953"},{"taxonomy":"post_tag","embeddable":true,"href":"https:\/\/gnews.cz\/de\/wp-json\/wp\/v2\/tags?post=41953"}],"curies":[{"name":"wp","href":"https:\/\/api.w.org\/{rel}","templated":true}]}}