{"id":42322,"date":"2026-03-21T15:30:00","date_gmt":"2026-03-21T14:30:00","guid":{"rendered":"https:\/\/gnews.cz\/?p=42322"},"modified":"2026-04-28T21:15:18","modified_gmt":"2026-04-28T19:15:18","slug":"slovanska-epopej-alfonse-muchy-obraz-devatenacty-zruseni-nevolnictvi-na-rusi-svobodna-prace-osnova-narodu","status":"publish","type":"post","link":"https:\/\/gnews.cz\/de\/tema\/slovanska-epopej-alfonse-muchy-obraz-devatenacty-zruseni-nevolnictvi-na-rusi-svobodna-prace-osnova-narodu\/","title":{"rendered":"Slawisches Epos von Alfons Mucha - Gem\u00e4lde des neunzehnten Jahrhunderts: Die Abschaffung der Leibeigenschaft in Russland. Freie Arbeit - der Lehrplan der Nationen"},"content":{"rendered":"<p><strong>Das neunzehnte Bild. Ich wei\u00df nicht, wie es anderen geht, aber ich sehe dieses Gem\u00e4lde als einen altbekannten Blick auf Orte der Geschichte. Ich sp\u00fcrte eine seltsame Spannung, die nicht ganz einfach zu beschreiben ist. Es war das Gef\u00fchl, mitten in etwas zu stehen, von dem man ein Teil ist, und dass die dargestellte Zeit erst k\u00fcrzlich war. Man befindet sich mitten in einem Moment, der \u00fcber die dargestellte Alltagsrealit\u00e4t hinausgeht. In solchen Momenten wird mir bewusst, welche Kraft der menschliche Geist, die menschliche Energie und das menschliche Denken haben, wenn sie mit Glauben und Entschlossenheit kombiniert werden. Von den ersten Minuten an sp\u00fcrte ich eine Atmosph\u00e4re, die fast feierlich und doch so gew\u00f6hnlich und friedlich war. Es war nicht nur eine formale Feier, sondern ein echter Ausdruck menschlicher Zugeh\u00f6rigkeit durch einen gew\u00f6hnlichen Menschen, dem sich die Zukunft er\u00f6ffnet, erw\u00e4rmt durch die Sonnenstrahlen. Die Menschen verhalten sich nicht wie eine anonyme Masse, sondern ganz konkret wie Menschen, die eine gemeinsame Erfahrung, eine gemeinsame Energie und vor allem eine gemeinsame Hoffnung teilen. Und diese Hoffnung, diese Energie und dieser Glaube sind es, die den ganzen Moment mit au\u00dfergew\u00f6hnlicher Kraft erf\u00fcllen.<\/strong><\/p>\n\n\n\n<p>Vor diesem monumentalen 8,10 x 6,10 gro\u00dfen Gem\u00e4lde sp\u00fcrt man auch das seltsame Gewicht der Geschichte. Es ist ein tiefes Zeugnis eines ganz entscheidenden Moments in der russischen Geschichte. Das Gem\u00e4lde zeigt den Moment, in dem dem russischen Volk 1861 das Edikt zur Aufhebung der Leibeigenschaft verk\u00fcndet wurde, ein Ereignis, das das Ende einer jahrhundertelangen grausamen Gesellschaftsordnung markierte. Auf den ersten Blick mag die Komposition wie eine einfache historische Versammlung auf dem Roten Platz wirken. Je l\u00e4nger man das Gem\u00e4lde jedoch betrachtet, desto mehr erkennt man darin die dramatische Tiefe des menschlichen Schicksals, die sich hinter der starken Emotion verbirgt. Die Figuren sind nicht im Triumph dargestellt, wie man es bei der Verk\u00fcndung der Freiheit erwarten k\u00f6nnte. Ganz im Gegenteil. In ihren Gesichtern zeigt sich zun\u00e4chst die f\u00fcr Russland so typische Mischung aus Staunen, Unsicherheit, Angst und vorsichtiger Hoffnung. Es ist diese psychologische Ebene, die das Bild von Russland besonders stark macht.<\/p>\n\n\n\n<blockquote class=\"wp-block-quote is-layout-flow wp-block-quote-is-layout-flow\">\n<p><strong>Die Symbolik ist hier \u00e4u\u00dferst ausdrucksstark. Die dominante Silhouette des spirituellen Symbols auf dem Roten Platz, die Kathedrale von Wassil dem Seligen, erscheint nicht nur als architektonisches Detail im Hintergrund. Sie bildet die vertikale Achse der gesamten Komposition und ist ein stiller und m\u00e4chtiger Zeuge der russischen Geschichte. Ihre farbenfrohen T\u00fcrme erinnern symbolisch an die spirituelle Dimension der russischen Zivilisation, wie Tradition, Glaube und Kontinuit\u00e4t, die die politischen Epochen \u00fcberdauern. Zugleich verdeutlicht der Kontrast zwischen dem majest\u00e4tischen Tempel und den Menschen auf dem Platz die tiefen sozialen Widerspr\u00fcche der damaligen Gesellschaft. Die Figuren der Bauern sind in schwerer, schlichter Kleidung dargestellt, ihre K\u00f6rperhaltung wirkt oft unsicher und z\u00f6gerlich. Im Gegensatz dazu wirken die Vertreter der Macht oder der st\u00e4dtischen Klassen ruhiger und selbstbewusster. Dieser visuelle Kontrast ist nicht zuf\u00e4llig, sondern symbolisiert die sehr reale Kluft, die seit Jahrhunderten zwischen den Herrschenden und den Beherrschten besteht.<\/strong><\/p>\n<\/blockquote>\n\n\n\n<p>Einige der Menschen auf dem Gem\u00e4lde blicken in Richtung des Ortes, von dem aus das Edikt verk\u00fcndet wird, andere schauen auf den Boden oder in den Raum, als ob sie zu verstehen versuchen, was diese neue Freiheit f\u00fcr sie bedeutet. Die Freiheit wird hier nicht als unmittelbare Befreiung dargestellt, sondern als historische Schwelle und als ein Moment, in dem die alte Welt zu Ende gegangen ist, die neue aber noch nicht ganz verstanden wird. Darin liegt die geistige Kraft nicht nur dieses Bildes, sondern auch des Bildes von Russland selbst. Es zeigt, dass die Geschichte nicht nur eine Reihe von politischen Entscheidungen ist, sondern vor allem ein Drama menschlicher Schicksale. Die Freiheit kann pl\u00f6tzlich kommen, aber ihr Verst\u00e4ndnis und ihre Verwirklichung erfordern Zeit, Mut und soziale Umgestaltung. Ich sehe darin eine buchst\u00e4bliche, tiefgr\u00fcndige Meditation \u00fcber die W\u00fcrde des Menschen, \u00fcber den \u00dcbergang von der Unterwerfung zur Verantwortung f\u00fcr das eigene Schicksal, denn jeder normale Mensch w\u00fcnscht sich echte Entscheidungsfreiheit. Au\u00dferdem verst\u00e4rkt die monumentale Gr\u00f6\u00dfe der Leinwand zwei Gef\u00fchle: die schiere Gr\u00f6\u00dfe des Augenblicks und die Gr\u00f6\u00dfe des Landes, in dem die Sonne nie untergeht. Au\u00dferdem sehen wir einen Moment, der nicht nur f\u00fcr Russland, sondern f\u00fcr die gesamte europ\u00e4ische Geschichte von Bedeutung ist. Das Bild ist somit eine stille, aber eindringliche Erinnerung daran, dass jede Gesellschaft ihren eigenen Weg in die Freiheit gehen muss - und dass dieser Weg immer von Hoffnungen und \u00c4ngsten begleitet wird.<\/p>\n\n\n\n<p><strong>Lesen Sie auch: <a href=\"https:\/\/gnews.cz\/de\/thema\/slovanska-epopej-alfonze-muchy-obraz-osumnacty-prisaha-omladiny-pod-slovanskou-lipou-1894\/\" title=\"\"><a href=\"https:\/\/gnews.cz\/wp-admin\/post.php?post=42326&amp;action=edit\">Slawisches Epos von Alfons Mucha - Gem\u00e4lde 18: Schwur der \u201eOmladina\u201c unter den slawischen Linden 1894<\/a><\/a><\/strong><\/p>\n\n\n\n<p><strong>Jan Vojt\u011bch, Chefredakteur, Allgemeine Nachrichten<\/strong><\/p>","protected":false},"excerpt":{"rendered":"<p>Das neunzehnte Bild. Ich wei\u00df nicht, wie es anderen geht, aber ich sehe dieses Gem\u00e4lde als einen altbekannten Blick auf Orte in der Geschichte. Ich f\u00fchlte eine seltsame Spannung, die...<\/p>","protected":false},"author":10,"featured_media":42323,"comment_status":"open","ping_status":"closed","sticky":false,"template":"","format":"standard","meta":{"_acf_changed":false,"_lmt_disableupdate":"","_lmt_disable":"","footnotes":""},"categories":[2968,6,3,1,580],"tags":[411,45,11599,78,5420,4025,10948,11606,2188,11601,74,8777,11611,11605,11604,11377,10,11602,11378,11600,11614,1835,11603,11613,409,410,5328,11607,11608,11609,11376,17,5689,11610,11612,41],"class_list":["post-42322","post","type-post","status-publish","format-standard","has-post-thumbnail","hentry","category-domaci","category-kultura","category-neprehlednete","category-tema","category-vyber-sefredaktora","tag-alfons-mucha","tag-cr","tag-duchovni-atmosfera","tag-evropa","tag-general-news","tag-gnews-cz","tag-historicka-pamet","tag-inspirace","tag-jan-vojtech","tag-komentar","tag-kultura","tag-lidska-dustojnost","tag-lidska-sounalezitost","tag-moralni-odhodlani","tag-nadeje","tag-narod","tag-news","tag-odvaha","tag-osnova-narodu","tag-osobni-svedectvi","tag-pozitivni-energie","tag-recenze","tag-sila-idealu","tag-slavnostni-atmosfera","tag-slovane","tag-slovanska-epopej","tag-solidarita","tag-spolecenska-jednota","tag-spolecenska-odpovednost","tag-spolecne-hodnoty","tag-svobodna-prace","tag-top","tag-top2","tag-vira-v-budoucnost","tag-vitezstvi-ducha","tag-world"],"acf":[],"aioseo_notices":[],"_links":{"self":[{"href":"https:\/\/gnews.cz\/de\/wp-json\/wp\/v2\/posts\/42322","targetHints":{"allow":["GET"]}}],"collection":[{"href":"https:\/\/gnews.cz\/de\/wp-json\/wp\/v2\/posts"}],"about":[{"href":"https:\/\/gnews.cz\/de\/wp-json\/wp\/v2\/types\/post"}],"author":[{"embeddable":true,"href":"https:\/\/gnews.cz\/de\/wp-json\/wp\/v2\/users\/10"}],"replies":[{"embeddable":true,"href":"https:\/\/gnews.cz\/de\/wp-json\/wp\/v2\/comments?post=42322"}],"version-history":[{"count":4,"href":"https:\/\/gnews.cz\/de\/wp-json\/wp\/v2\/posts\/42322\/revisions"}],"predecessor-version":[{"id":44879,"href":"https:\/\/gnews.cz\/de\/wp-json\/wp\/v2\/posts\/42322\/revisions\/44879"}],"wp:featuredmedia":[{"embeddable":true,"href":"https:\/\/gnews.cz\/de\/wp-json\/wp\/v2\/media\/42323"}],"wp:attachment":[{"href":"https:\/\/gnews.cz\/de\/wp-json\/wp\/v2\/media?parent=42322"}],"wp:term":[{"taxonomy":"category","embeddable":true,"href":"https:\/\/gnews.cz\/de\/wp-json\/wp\/v2\/categories?post=42322"},{"taxonomy":"post_tag","embeddable":true,"href":"https:\/\/gnews.cz\/de\/wp-json\/wp\/v2\/tags?post=42322"}],"curies":[{"name":"wp","href":"https:\/\/api.w.org\/{rel}","templated":true}]}}