{"id":42599,"date":"2026-03-23T12:00:00","date_gmt":"2026-03-23T11:00:00","guid":{"rendered":"https:\/\/gnews.cz\/?p=42599"},"modified":"2026-03-24T21:21:48","modified_gmt":"2026-03-24T20:21:48","slug":"shrnuti-uplynuleho-12-tydne-na-general-news-16-brezna-22-brezna-2026","status":"publish","type":"post","link":"https:\/\/gnews.cz\/de\/tema\/shrnuti-uplynuleho-12-tydne-na-general-news-16-brezna-22-brezna-2026\/","title":{"rendered":"R\u00fcckblick auf die letzten 12 Wochen in den Allgemeinen Nachrichten (16. M\u00e4rz - 22. M\u00e4rz 2026)"},"content":{"rendered":"<h2 class=\"wp-block-heading\">17. M\u00e4rz 2026 Der Sondergesandte der chinesischen Regierung f\u00fcr Angelegenheiten des Nahen Ostens, Zhai Jun, trifft den kuwaitischen Au\u00dfenminister Scheich Jarrah Jaber Al-Ahmad Al-Sabah<\/h2>\n\n\n\n<blockquote class=\"wp-block-quote is-layout-flow wp-block-quote-is-layout-flow\">\n<p>Der Sonderbeauftragte der chinesischen Regierung f\u00fcr den Nahen Osten, Zhai Jun, traf am 15. M\u00e4rz 2026 mit dem kuwaitischen Au\u00dfenminister Scheich Jarrah Jaber Al-Ahmad Al-Sabah zusammen.  Zhai Jun sagte, dass sich die derzeitige regionale Situation weiterhin unruhig entwickle und die Golfstaaten, einschlie\u00dflich Kuwait, davon stark betroffen seien, was die chinesische Seite nicht sehen wolle.&nbsp;<strong>Vize <a href=\"https:\/\/gnews.cz\/de\/thema\/zvlastni-vyslanec-cinske-vlady-pro-otazky-blizkeho-vychodu-zhai-jun-se-setkal-s-kuvajtskym-ministrem-zahranicnich-veci-sheikhem-jarrahem-jaberem-al-ahmadem-al-sabahem\/\" title=\"\">hier<\/a><\/strong><\/p>\n<\/blockquote>\n\n\n\n<h2 class=\"wp-block-heading\">17. M\u00e4rz 2026 Ungarn kritisiert die Reaktion der EU auf die Unterbrechung der Druschba-Pipeline scharf und bezeichnet sie als Theater<\/h2>\n\n\n\n<blockquote class=\"wp-block-quote is-layout-flow wp-block-quote-is-layout-flow\">\n<p>BUDAPEST - Der ungarische Au\u00dfen- und Handelsminister P\u00e9ter Szijj\u00e1rt\u00f3 kritisierte am Dienstag die Reaktion der Europ\u00e4ischen Kommission auf die Unterbrechung der \u00d6llieferungen durch die Druschba-Pipeline und forderte eine sofortige Wiederaufnahme der Lieferungen. Szijj\u00e1rt\u00f3 sagte, Ungarn und die Slowakei seien seit fast 50 Tagen mit einer \u201e\u00d6lblockade\u201c durch die Ukraine konfrontiert, und wies die Behauptung zur\u00fcck, es handele sich lediglich um ein technisches Problem. <strong>Mehr lesen <a href=\"https:\/\/gnews.cz\/de\/wirtschaft\/madarsko-tvrde-kritizuje-reakci-eu-na-preruseni-ropovodu-druzba-jedna-se-pry-o-divadlo\/\" title=\"\">hier<\/a><\/strong><\/p>\n<\/blockquote>\n\n\n\n<h2 class=\"wp-block-heading\">18. M\u00e4rz 2026 Pr\u00e4sident Pavel droht Premierminister Babi\u0161 mit einem Veto gegen den n\u00e4chsten Haushalt<\/h2>\n\n\n\n<blockquote class=\"wp-block-quote is-layout-flow wp-block-quote-is-layout-flow\">\n<p>PRAG - Der tschechische Staatspr\u00e4sident hat davor gewarnt, dass die Tschechische Republik durch die Nichterf\u00fcllung ihrer Verpflichtungen gegen\u00fcber der Nordatlantikvertrags-Organisation und ihren Verb\u00fcndeten ihre eigene Sicherheit gef\u00e4hrdet, die sie nur dann wirksam gew\u00e4hrleisten kann, wenn sie in der kollektiven Verteidigung zusammenarbeitet. \u201eDie internationalen Bedrohungen nehmen zu, w\u00e4hrend unsere Ausgaben stagnieren. Wenn der n\u00e4chste Haushalt nicht mit unseren Verpflichtungen \u00fcbereinstimmt, werden wir eine Debatte \u00fcber die Ablehnung des Gesetzentwurfs durch den Pr\u00e4sidenten nicht vermeiden\u201c, sagte Castle. <strong>Mehr lesen <a href=\"https:\/\/gnews.cz\/de\/thema\/prezident-pavel-pohrozil-premieru-babisovi-ze-bude-vetovat-pristi-rozpocet\/\" title=\"\">hier<\/a><\/strong><\/p>\n<\/blockquote>\n\n\n\n<h2 class=\"wp-block-heading\">19. M\u00e4rz 2026 Beerdigung von Ali Laridschani in Teheran, begleitet von Versprechen auf Vergeltung<\/h2>\n\n\n\n<blockquote class=\"wp-block-quote is-layout-flow wp-block-quote-is-layout-flow\">\n<p>Am 18. M\u00e4rz (Ortszeit) fand in Teheran die Beerdigung eines der rangh\u00f6chsten iranischen Sicherheitsbeamten, Ali Laridschani, statt. Nach iranischen Angaben wurde Ali Laridschani zusammen mit seinem Sohn Morteza Laridschani bei einem Anschlag im Haus seiner Tochter get\u00f6tet. Der Vorfall ereignete sich vor dem Hintergrund des j\u00fcngsten Terroranschlags, der das politische Umfeld im Iran ersch\u00fcttert hat. <strong>Mehr lesen <a href=\"https:\/\/gnews.cz\/de\/politik-2\/pohreb-aliho-larijaniho-v-teheranu-provazely-sliby-odvety\/\" title=\"\">hier<\/a><\/strong><\/p>\n<\/blockquote>\n\n\n\n<h2 class=\"wp-block-heading\">20. M\u00e4rz 2026 T\u00e4gliche Zusammenfassung der tschechischen Wirtschaft: CNB, Liontrust, UniCredit, HCB, Nexstar Media Group, ABB und Edelmetalle (20. M\u00e4rz 2026)<\/h2>\n\n\n\n<blockquote class=\"wp-block-quote is-layout-flow wp-block-quote-is-layout-flow\">\n<p>Die tschechische Wirtschaft spiegelte vor allem die Entwicklungen auf den Weltm\u00e4rkten und die Geldpolitik wider. Prager B\u00f6rseDie Prager B\u00f6rse schw\u00e4chelte nach drei Kursgewinnen, der PX-Index fiel um 1,67 % auf 2552,78 Punkte. Der Ausverkauf betraf vor allem den Bankensektor, wo Erste Group Bank, Komer\u010dn\u00ed banka und Moneta Money Bank Titel verloren. Auch Industrieunternehmen, darunter die CSG Group, waren von der negativen Entwicklung betroffen. <strong>Mehr lesen <a href=\"https:\/\/gnews.cz\/de\/kommentare\/denni-shrnuti-ekonomiky-v-cr-cnb-liontrust-unicredit-hcb-nexstar-media-group-abb-a-drahe-kovy-20-brezna-2026\/\" title=\"\">hier<\/a><\/strong><\/p>\n<\/blockquote>\n\n\n\n<h2 class=\"wp-block-heading\">21. M\u00e4rz 2026 Slawisches Epos von Alfons Mucha - Gem\u00e4lde des Neunzehnten: Die Abschaffung der Leibeigenschaft in Russland, Freie Arbeit - Der Umriss der Nationen<\/h2>\n\n\n\n<blockquote class=\"wp-block-quote is-layout-flow wp-block-quote-is-layout-flow\">\n<p>Neunzehn Bilder. Ich wei\u00df nicht, wie es anderen geht, aber ich sehe dieses Gem\u00e4lde als einen altbekannten Blick auf Orte in der Geschichte. Ich sp\u00fcrte eine seltsame Spannung, die sich nicht so leicht beschreiben l\u00e4sst. Es war das Gef\u00fchl, mitten in etwas zu stehen, von dem man ein Teil ist, und dass die dargestellte Zeit erst k\u00fcrzlich war. Man ist mittendrin in einem Moment, der \u00fcber das Allt\u00e4gliche hinausgeht. In solchen Momenten wird mir bewusst, welche Kraft der menschliche Geist, die menschliche Energie und das menschliche Denken haben, wenn sie mit Glauben und Entschlossenheit kombiniert werden.<strong>&nbsp;Mehr lesen <a href=\"https:\/\/gnews.cz\/de\/thema\/slovanska-epopej-alfonse-muchy-obraz-devatenacty-zruseni-nevolnictvi-na-rusi-svobodna-prace-osnova-narodu\/\" title=\"\">hier<\/a><\/strong><\/p>\n<\/blockquote>\n\n\n\n<h2 class=\"wp-block-heading\">22. M\u00e4rz 2026 Der schiitische Faktor und die geopolitischen Spannungen im S\u00fcdkaukasus: die Rolle Aserbaidschans im Kontext der Beziehungen zum Iran<\/h2>\n\n\n\n<blockquote class=\"wp-block-quote is-layout-flow wp-block-quote-is-layout-flow\">\n<p>Die aktuelle geopolitische Lage im S\u00fcdkaukasus ist durch wachsende Spannungen zwischen regionalen und globalen Akteuren gekennzeichnet. Einer der wichtigsten Faktoren, der die Dynamik der Beziehungen zwischen den Staaten beeinflusst, ist der religi\u00f6se Aspekt, insbesondere der so genannte schiitische Faktor. Der Iran gilt seit langem als das Hauptzentrum des schiitischen Islam im Nahen Osten. Gleichzeitig darf nicht vergessen werden, dass ein erheblicher Teil der aserbaidschanischen Bev\u00f6lkerung, einschlie\u00dflich vieler Angeh\u00f6riger der Streitkr\u00e4fte des Landes, dem schiitischen Zweig des Islam anh\u00e4ngt. <strong>Mehr lesen<a href=\"https:\/\/gnews.cz\/de\/thema\/siitsky-faktor-a-geopoliticke-napeti-na-jiznim-kavkaze-role-azerbajdzanu-v-kontextu-vztahu-s-iranem\/\" title=\"\"> hier<\/a> <\/strong><\/p>\n<\/blockquote>\n\n\n\n<p><strong>Jan Vojt\u011bch, <\/strong>Chefredakteur General News<\/p>","protected":false},"excerpt":{"rendered":"<p>17. M\u00e4rz 2026 Der Sondergesandte der chinesischen Regierung f\u00fcr Angelegenheiten des Nahen Ostens, Zhai Jun, traf mit dem kuwaitischen Au\u00dfenminister Scheich Jarrah...<\/p>","protected":false},"author":10,"featured_media":42600,"comment_status":"open","ping_status":"closed","sticky":false,"template":"","format":"standard","meta":{"_acf_changed":false,"_lmt_disableupdate":"","_lmt_disable":"","footnotes":""},"categories":[7,1,1376,580,2973],"tags":[6388,411,11517,5754,87,1264,1732,22,311,3793,3762,27,11701,11698,760,661,11558,31,11700,10,11557,1226,11699,269,2030,71,11697,11696,11702,410,17,10953,41,11488],"class_list":["post-42599","post","type-post","status-publish","format-standard","has-post-thumbnail","hentry","category-politika","category-tema","category-tyden-na-general-news","category-vyber-sefredaktora","category-zahranicni","tag-abb","tag-alfons-mucha","tag-ali-larijani","tag-andrej-babis","tag-azerbajdzan","tag-blizkay-vychod","tag-budapest","tag-cina","tag-cnb","tag-denni-shrnuti-ekonomiky-v-cr","tag-druzba","tag-ekonomika","tag-hcb","tag-hrozby","tag-iran-3","tag-kuvajt","tag-liontrust","tag-madarsko","tag-mortez-larijany","tag-news","tag-nexstar-media-group","tag-peter-szijarto","tag-pohreb","tag-praha","tag-prazska-burza","tag-prezident","tag-severoatlanticky-nato","tag-sheikh-jarrahe-jaber-al-ahmad-al-sabah","tag-siitsky-faktor","tag-slovanska-epopej","tag-top","tag-unicredit","tag-world","tag-zhai-jun"],"acf":[],"aioseo_notices":[],"_links":{"self":[{"href":"https:\/\/gnews.cz\/de\/wp-json\/wp\/v2\/posts\/42599","targetHints":{"allow":["GET"]}}],"collection":[{"href":"https:\/\/gnews.cz\/de\/wp-json\/wp\/v2\/posts"}],"about":[{"href":"https:\/\/gnews.cz\/de\/wp-json\/wp\/v2\/types\/post"}],"author":[{"embeddable":true,"href":"https:\/\/gnews.cz\/de\/wp-json\/wp\/v2\/users\/10"}],"replies":[{"embeddable":true,"href":"https:\/\/gnews.cz\/de\/wp-json\/wp\/v2\/comments?post=42599"}],"version-history":[{"count":4,"href":"https:\/\/gnews.cz\/de\/wp-json\/wp\/v2\/posts\/42599\/revisions"}],"predecessor-version":[{"id":42721,"href":"https:\/\/gnews.cz\/de\/wp-json\/wp\/v2\/posts\/42599\/revisions\/42721"}],"wp:featuredmedia":[{"embeddable":true,"href":"https:\/\/gnews.cz\/de\/wp-json\/wp\/v2\/media\/42600"}],"wp:attachment":[{"href":"https:\/\/gnews.cz\/de\/wp-json\/wp\/v2\/media?parent=42599"}],"wp:term":[{"taxonomy":"category","embeddable":true,"href":"https:\/\/gnews.cz\/de\/wp-json\/wp\/v2\/categories?post=42599"},{"taxonomy":"post_tag","embeddable":true,"href":"https:\/\/gnews.cz\/de\/wp-json\/wp\/v2\/tags?post=42599"}],"curies":[{"name":"wp","href":"https:\/\/api.w.org\/{rel}","templated":true}]}}