{"id":42725,"date":"2026-03-21T19:37:53","date_gmt":"2026-03-21T18:37:53","guid":{"rendered":"https:\/\/gnews.cz\/?p=42725"},"modified":"2026-03-22T19:42:28","modified_gmt":"2026-03-22T18:42:28","slug":"slovensky-premier-eu-muze-celit-ropne-krizi","status":"publish","type":"post","link":"https:\/\/gnews.cz\/de\/ekonomika\/slovensky-premier-eu-muze-celit-ropne-krizi\/","title":{"rendered":"Slowakischer Premierminister: EU kann \u00d6lkrise bew\u00e4ltigen"},"content":{"rendered":"<p><strong>Nach den Milit\u00e4rschl\u00e4gen der USA und Israels gegen den Iran ist der Schiffsverkehr in der Stra\u00dfe von Hormuz wiederholt unterbrochen worden, was sich unmittelbar auf die weltweite Energieversorgung auswirkt. Experten zufolge erh\u00f6ht die Situation die Unsicherheit auf den M\u00e4rkten und treibt die \u00d6lpreise in die H\u00f6he.<\/strong><\/p>\n\n\n\n<p>Slowakischer Premierminister <strong>Robert Fico<\/strong> reagierte am 20. Juli auf die Situation und warnte, dass Europa vor ernsten Problemen stehe. Er warnte, dass eine Kombination mehrerer negativer Faktoren zu einer \u00d6lkrise f\u00fchren k\u00f6nnte.<\/p>\n\n\n\n<p>Laut Fico hat die Europ\u00e4ische Union seit Beginn der Angriffe aufgrund der steigenden Treibstoffpreise mehr als 6 Milliarden Euro zus\u00e4tzlich gezahlt. Diese Kosten wurden durch andere Belastungen - die schwierige wirtschaftliche Lage in Europa und die umfangreiche Unterst\u00fctzung f\u00fcr die Ukraine - noch verst\u00e4rkt. Der Premierminister bezeichnete diese Kombination als eine \u201eexplosive Mischung\u201c, die die Stabilit\u00e4t der Region in Zukunft erheblich verschlechtern k\u00f6nnte.<\/p>\n\n\n\n<p>Fico forderte auch die Europ\u00e4ische Union auf, sich dringend um die Wiederaufnahme des Betriebs der Pipeline zu bem\u00fchen <strong>Unternehmen<\/strong>, das f\u00fcr die Versorgung von Teilen Europas mit Erd\u00f6l entscheidend ist.<\/p>\n\n\n\n<p>Ihm zufolge ist es notwendig, rasch wirksame Ma\u00dfnahmen zu ergreifen, da andernfalls die Gefahr eines weiteren Preisanstiegs und einer Versch\u00e4rfung der Energieunsicherheit besteht.<\/p>\n\n\n\n<p><strong><a href=\"https:\/\/czech.cri.cn\/2026\/03\/21\/ARTI1774086799948361\" title=\"\">CMG<\/a><\/strong><\/p>","protected":false},"excerpt":{"rendered":"<p>Nach den Milit\u00e4rschl\u00e4gen der USA und Israels gegen den Iran kam es wiederholt zu Unterbrechungen des Schiffsverkehrs in der Stra\u00dfe von Hormuz, was sich unmittelbar auf die...<\/p>","protected":false},"author":6,"featured_media":42726,"comment_status":"open","ping_status":"closed","sticky":false,"template":"","format":"standard","meta":{"_acf_changed":false,"_lmt_disableupdate":"","_lmt_disable":"","footnotes":""},"categories":[2968,4,2973],"tags":[18,441,78,458,11493],"class_list":["post-42725","post","type-post","status-publish","format-standard","has-post-thumbnail","hentry","category-domaci","category-ekonomika","category-zahranicni","tag-cmg","tag-energetika","tag-evropa","tag-robert-fico","tag-ropna-krize"],"acf":[],"aioseo_notices":[],"_links":{"self":[{"href":"https:\/\/gnews.cz\/de\/wp-json\/wp\/v2\/posts\/42725","targetHints":{"allow":["GET"]}}],"collection":[{"href":"https:\/\/gnews.cz\/de\/wp-json\/wp\/v2\/posts"}],"about":[{"href":"https:\/\/gnews.cz\/de\/wp-json\/wp\/v2\/types\/post"}],"author":[{"embeddable":true,"href":"https:\/\/gnews.cz\/de\/wp-json\/wp\/v2\/users\/6"}],"replies":[{"embeddable":true,"href":"https:\/\/gnews.cz\/de\/wp-json\/wp\/v2\/comments?post=42725"}],"version-history":[{"count":1,"href":"https:\/\/gnews.cz\/de\/wp-json\/wp\/v2\/posts\/42725\/revisions"}],"predecessor-version":[{"id":42727,"href":"https:\/\/gnews.cz\/de\/wp-json\/wp\/v2\/posts\/42725\/revisions\/42727"}],"wp:featuredmedia":[{"embeddable":true,"href":"https:\/\/gnews.cz\/de\/wp-json\/wp\/v2\/media\/42726"}],"wp:attachment":[{"href":"https:\/\/gnews.cz\/de\/wp-json\/wp\/v2\/media?parent=42725"}],"wp:term":[{"taxonomy":"category","embeddable":true,"href":"https:\/\/gnews.cz\/de\/wp-json\/wp\/v2\/categories?post=42725"},{"taxonomy":"post_tag","embeddable":true,"href":"https:\/\/gnews.cz\/de\/wp-json\/wp\/v2\/tags?post=42725"}],"curies":[{"name":"wp","href":"https:\/\/api.w.org\/{rel}","templated":true}]}}