{"id":42728,"date":"2026-03-18T19:42:41","date_gmt":"2026-03-18T18:42:41","guid":{"rendered":"https:\/\/gnews.cz\/?p=42728"},"modified":"2026-03-22T19:45:43","modified_gmt":"2026-03-22T18:45:43","slug":"madarsko-a-slovensko-planuji-novy-ropovod-reaguji-na-vypadky-dodavek-ropy","status":"publish","type":"post","link":"https:\/\/gnews.cz\/de\/neprehlednete\/madarsko-a-slovensko-planuji-novy-ropovod-reaguji-na-vypadky-dodavek-ropy\/","title":{"rendered":"Ungarn und die Slowakei planen eine neue Pipeline. Reaktion auf Engp\u00e4sse bei der \u00d6lversorgung"},"content":{"rendered":"<p><strong>Am 16. M\u00e4rz unterzeichneten Ungarn und die Slowakei ein Abkommen \u00fcber den Bau einer neuen Pipeline f\u00fcr den Transport von Benzin und Diesel zwischen den beiden L\u00e4ndern. Das Projekt f\u00e4llt in eine Zeit wachsender Unsicherheit \u00fcber die Energieversorgung in Mitteleuropa.<\/strong><\/p>\n\n\n\n<p>Slowakischer Premierminister <strong>Robert Fico<\/strong> kritisierte bei dieser Gelegenheit scharf die Entscheidung der Ukraine, die russischen \u00d6llieferungen einzustellen. Er bezeichnete sie als einseitig und sch\u00e4dlich und betonte, dass die slowakische Regierung einem solchen Schritt nicht zustimmen k\u00f6nne.<\/p>\n\n\n\n<p>Die geplante Pipeline wird Bratislava mit einer Raffinerie in der ungarischen Stadt <strong>Sz\u00e1zhalombatta<\/strong>. Sie soll etwa 127 Kilometer lang sein und eine Jahreskapazit\u00e4t von bis zu 1,5 Millionen Tonnen haben. Sie wird in erster Linie f\u00fcr den Transport von Raffinerieprodukten wie Kraftstoff genutzt werden. Mit der Fertigstellung wird in der ersten H\u00e4lfte des Jahres 2027 gerechnet.<\/p>\n\n\n\n<p>Zur gleichen Zeit, w\u00e4hrend eines Telefongespr\u00e4chs mit dem Pr\u00e4sidenten <strong>Europ\u00e4ischer Rat<\/strong> <strong>Ant\u00f3nio Costa<\/strong> bekr\u00e4ftigte, dass die Slowakei eine Unterbrechung der \u00d6llieferungen durch die Pipeline nicht akzeptieren k\u00f6nne <strong>Unternehmen<\/strong>. Er \u00e4u\u00dferte die Erwartung, dass die Europ\u00e4ische Union Druck auf die Ukraine aus\u00fcben werde, um den \u00d6lfluss wiederherzustellen.<\/p>\n\n\n\n<p>Nach Ansicht des slowakischen Premierministers sollte die Europ\u00e4ische Union den Interessen der Ukraine keinen Vorrang vor den Bed\u00fcrfnissen ihrer Mitgliedstaaten, einschlie\u00dflich der Slowakei und Ungarns, einr\u00e4umen.<\/p>\n\n\n\n<p><strong><a href=\"https:\/\/czech.cri.cn\/2026\/03\/18\/ARTI1773804897053543\" title=\"\">CMG<\/a><\/strong><\/p>","protected":false},"excerpt":{"rendered":"<p>Am 16. M\u00e4rz unterzeichneten Ungarn und die Slowakei ein Abkommen \u00fcber den Bau einer neuen Pipeline f\u00fcr den Transport von Benzin und Diesel zwischen den beiden L\u00e4ndern. Das Projekt...<\/p>","protected":false},"author":6,"featured_media":42729,"comment_status":"open","ping_status":"closed","sticky":false,"template":"","format":"standard","meta":{"_acf_changed":false,"_lmt_disableupdate":"","_lmt_disable":"","footnotes":""},"categories":[4,3,2973],"tags":[18,31,458,2578,32],"class_list":["post-42728","post","type-post","status-publish","format-standard","has-post-thumbnail","hentry","category-ekonomika","category-neprehlednete","category-zahranicni","tag-cmg","tag-madarsko","tag-robert-fico","tag-ropovod","tag-slovensko"],"acf":[],"aioseo_notices":[],"_links":{"self":[{"href":"https:\/\/gnews.cz\/de\/wp-json\/wp\/v2\/posts\/42728","targetHints":{"allow":["GET"]}}],"collection":[{"href":"https:\/\/gnews.cz\/de\/wp-json\/wp\/v2\/posts"}],"about":[{"href":"https:\/\/gnews.cz\/de\/wp-json\/wp\/v2\/types\/post"}],"author":[{"embeddable":true,"href":"https:\/\/gnews.cz\/de\/wp-json\/wp\/v2\/users\/6"}],"replies":[{"embeddable":true,"href":"https:\/\/gnews.cz\/de\/wp-json\/wp\/v2\/comments?post=42728"}],"version-history":[{"count":1,"href":"https:\/\/gnews.cz\/de\/wp-json\/wp\/v2\/posts\/42728\/revisions"}],"predecessor-version":[{"id":42730,"href":"https:\/\/gnews.cz\/de\/wp-json\/wp\/v2\/posts\/42728\/revisions\/42730"}],"wp:featuredmedia":[{"embeddable":true,"href":"https:\/\/gnews.cz\/de\/wp-json\/wp\/v2\/media\/42729"}],"wp:attachment":[{"href":"https:\/\/gnews.cz\/de\/wp-json\/wp\/v2\/media?parent=42728"}],"wp:term":[{"taxonomy":"category","embeddable":true,"href":"https:\/\/gnews.cz\/de\/wp-json\/wp\/v2\/categories?post=42728"},{"taxonomy":"post_tag","embeddable":true,"href":"https:\/\/gnews.cz\/de\/wp-json\/wp\/v2\/tags?post=42728"}],"curies":[{"name":"wp","href":"https:\/\/api.w.org\/{rel}","templated":true}]}}