{"id":42750,"date":"2026-03-23T15:00:00","date_gmt":"2026-03-23T14:00:00","guid":{"rendered":"https:\/\/gnews.cz\/?p=42750"},"modified":"2026-03-23T12:18:44","modified_gmt":"2026-03-23T11:18:44","slug":"ceska-vladni-koalice-navrhuje-castecne-zruseni-poplatku-za-televizi-a-rozhlas-pro-seniory-mlade-a-zdravotne-postizene","status":"publish","type":"post","link":"https:\/\/gnews.cz\/de\/neprehlednete\/ceska-vladni-koalice-navrhuje-castecne-zruseni-poplatku-za-televizi-a-rozhlas-pro-seniory-mlade-a-zdravotne-postizene\/","title":{"rendered":"Tschechische Regierungskoalition schl\u00e4gt teilweise Abschaffung der Fernseh- und Rundfunkgeb\u00fchren f\u00fcr \u00e4ltere, junge und behinderte Menschen vor"},"content":{"rendered":"<p><strong>Die Regierungskoalition in der Tschechischen Republik k\u00fcndigte heute an, dass sie dem Abgeordnetenhaus am Dienstag, den 24. M\u00e4rz 2026, einen Gesetzentwurf vorlegen wird, der die teilweise Abschaffung der Lizenzgeb\u00fchren f\u00fcr \u00f6ffentlich-rechtliche Medien vorsieht. Der Vorschlag wurde von den Vorsitzenden der Regierungsparteien ANO, SPD und Motoristen nach der heutigen Sitzung des Koalitionsrates vorgelegt, sagte Tomio Okamura, Sprecher der Abgeordnetenkammer und SPD-Vorsitzender.<\/strong><\/p>\n\n\n\n<p>Nach Ansicht von Okamura sollte sich der Vorschlag auf folgende Punkte konzentrieren <strong>Abschaffung der Geb\u00fchren f\u00fcr bestimmte Gruppen von Einwohnern und Unternehmen<\/strong>, die Folgendes umfassen <strong>Senioren, Unternehmen, abh\u00e4ngige junge Menschen bis 26 Jahre und Menschen mit Behinderungen<\/strong>. Weiter hie\u00df es, dass die Geb\u00fchreneinnahmen <strong>zum Status von 2024 zur\u00fcckkehren<\/strong>, d.h. so, wie sie vor einem Teil der im letzten Jahr in Kraft getretenen \u00c4nderungen waren.<\/p>\n\n\n\n<p>Nach den vorliegenden Berichten k\u00f6nnten sie zum Beispiel f\u00fcr einige <strong>Senioren ab einem bestimmten Alter<\/strong> die Geb\u00fchrenzahlungen ganz abzuschaffen, was f\u00fcr Tausende von Haushalten eine Entlastung bedeuten w\u00fcrde.<\/p>\n\n\n\n<blockquote class=\"wp-block-quote is-layout-flow wp-block-quote-is-layout-flow\">\n<p>Die Konzessionsabgaben in der Tschechischen Republik funktionieren nach dem geltenden Recht so, dass <strong>jeder, der ein Ger\u00e4t besitzt, mit dem Fernseh- oder Radiosendungen empfangen werden k\u00f6nnen, muss eine monatliche Geb\u00fchr entrichten<\/strong>. Er ist jetzt <strong>150 CZK f\u00fcr TV und 55 CZK f\u00fcr Radio<\/strong>, und die pandemischen und digitalen Trends der letzten Jahre haben dazu gef\u00fchrt, dass die Verpflichtung auf Ger\u00e4te mit Internetzugang ausgedehnt wurde.<\/p>\n<\/blockquote>\n\n\n\n<p>Beamte der Koalition sagten Anfang Januar, dass <strong>Die vollst\u00e4ndige Abschaffung dieser Geb\u00fchren ist nicht vor 2027 geplant.<\/strong>, die \u00f6ffentlich-rechtlichen Medien - das tschechische Fernsehen und der tschechische Rundfunk - sollten direkt aus dem Staatshaushalt und nicht \u00fcber Rundfunkgeb\u00fchren finanziert werden.<\/p>\n\n\n\n<p>Die Reaktionen der \u00d6ffentlichkeit und der Fachwelt auf den heutigen Schritt sind widerspr\u00fcchlich. Einige politische Kommentare in den sozialen Medien und in der \u00f6ffentlichen Debatte deuten darauf hin, dass <strong>die Frage der Geb\u00fchren ist heikel<\/strong>, weil es sich um eine Finanzierungsquelle handelt, die das Funktionieren der \u00f6ffentlich-rechtlichen Medien ohne direkte staatliche Intervention gew\u00e4hrleistet.<\/p>\n\n\n\n<blockquote class=\"wp-block-quote is-layout-flow wp-block-quote-is-layout-flow\">\n<p>Andere Debatten \u00fcber die \u00f6ffentlich-rechtlichen Medien sind in letzter Zeit h\u00e4ufig aufgekommen - so wurde beispielsweise dar\u00fcber spekuliert, wie sich \u00c4nderungen der Finanzierung auf die Unabh\u00e4ngigkeit des Rundfunks auswirken k\u00f6nnten und ob <strong>\u00c4nderungen in der redaktionellen Autonomie<\/strong> h\u00e4tte st\u00e4rker ausgepr\u00e4gt sein k\u00f6nnen.<\/p>\n<\/blockquote>\n\n\n\n<p>Die Regierungsparteien in der Koalition haben heute jedoch wiederholt betont, dass der Vorschlag <strong>nur der erste Schritt zu einer langfristigen Reform der Finanzierung der \u00f6ffentlichen Medien<\/strong> und dass die derzeitigen Schritte dazu dienen, die <strong>Sofortige Erleichterungen f\u00fcr ausgew\u00e4hlte Gruppen und Unternehmen<\/strong>.\u202f<\/p>\n\n\n\n<p><strong>gnews.cz - GH<\/strong><\/p>","protected":false},"excerpt":{"rendered":"<p>Die Regierungskoalition in der Tschechischen Republik k\u00fcndigte heute an, dass sie am Dienstag, den 24. M\u00e4rz 2026, einen Gesetzentwurf in die Abgeordnetenkammer einbringen wird, der die teilweise Abschaffung der Rundfunkgeb\u00fchren...<\/p>","protected":false},"author":6,"featured_media":42751,"comment_status":"open","ping_status":"closed","sticky":false,"template":"","format":"standard","meta":{"_acf_changed":false,"_lmt_disableupdate":"","_lmt_disable":"","footnotes":""},"categories":[2968,3,7],"tags":[6807,3953,11706,11709,11707,8977,574,17,6784,336,41,11708],"class_list":["post-42750","post","type-post","status-publish","format-standard","has-post-thumbnail","hentry","category-domaci","category-neprehlednete","category-politika","tag-ceska-televize","tag-cesky-rozhlas","tag-koncesionarske-poplatky","tag-mladi-lide-do-26-let","tag-reforma-medii","tag-seniori","tag-tomio-okamura","tag-top","tag-verejnopravni-media","tag-vladni-koalice","tag-world","tag-zdravotne-postizene"],"acf":[],"aioseo_notices":[],"_links":{"self":[{"href":"https:\/\/gnews.cz\/de\/wp-json\/wp\/v2\/posts\/42750","targetHints":{"allow":["GET"]}}],"collection":[{"href":"https:\/\/gnews.cz\/de\/wp-json\/wp\/v2\/posts"}],"about":[{"href":"https:\/\/gnews.cz\/de\/wp-json\/wp\/v2\/types\/post"}],"author":[{"embeddable":true,"href":"https:\/\/gnews.cz\/de\/wp-json\/wp\/v2\/users\/6"}],"replies":[{"embeddable":true,"href":"https:\/\/gnews.cz\/de\/wp-json\/wp\/v2\/comments?post=42750"}],"version-history":[{"count":1,"href":"https:\/\/gnews.cz\/de\/wp-json\/wp\/v2\/posts\/42750\/revisions"}],"predecessor-version":[{"id":42752,"href":"https:\/\/gnews.cz\/de\/wp-json\/wp\/v2\/posts\/42750\/revisions\/42752"}],"wp:featuredmedia":[{"embeddable":true,"href":"https:\/\/gnews.cz\/de\/wp-json\/wp\/v2\/media\/42751"}],"wp:attachment":[{"href":"https:\/\/gnews.cz\/de\/wp-json\/wp\/v2\/media?parent=42750"}],"wp:term":[{"taxonomy":"category","embeddable":true,"href":"https:\/\/gnews.cz\/de\/wp-json\/wp\/v2\/categories?post=42750"},{"taxonomy":"post_tag","embeddable":true,"href":"https:\/\/gnews.cz\/de\/wp-json\/wp\/v2\/tags?post=42750"}],"curies":[{"name":"wp","href":"https:\/\/api.w.org\/{rel}","templated":true}]}}