{"id":42758,"date":"2026-03-23T21:00:00","date_gmt":"2026-03-23T20:00:00","guid":{"rendered":"https:\/\/gnews.cz\/?p=42758"},"modified":"2026-03-23T19:25:18","modified_gmt":"2026-03-23T18:25:18","slug":"cesko-a-slovensko-prohlubuji-spolupraci-vlada-zaroven-chysta-desitky-novych-zakonu","status":"publish","type":"post","link":"https:\/\/gnews.cz\/de\/neprehlednete\/cesko-a-slovensko-prohlubuji-spolupraci-vlada-zaroven-chysta-desitky-novych-zakonu\/","title":{"rendered":"Tschechische Republik und Slowakei vertiefen ihre Zusammenarbeit, Regierung bereitet Dutzende neuer Gesetze vor"},"content":{"rendered":"<p><strong>Die tschechische Regierung von Andrej Babi\u0161 hat am Montag, den 23. M\u00e4rz, ihre regul\u00e4re Sitzung abgehalten. Das Kabinett billigte ein Memorandum \u00fcber die verst\u00e4rkte Zusammenarbeit mit der slowakischen Regierung, das die gegenseitigen Beziehungen zwischen den beiden L\u00e4ndern deutlich st\u00e4rken soll. Die Unterzeichnung des Dokuments durch den tschechischen und den slowakischen Premierminister wird f\u00fcr Dienstag, den 31. M\u00e4rz, in einer erneuten gemeinsamen Kabinettssitzung erwartet.<\/strong><\/p>\n\n\n\n<p>Das Memorandum wurde anl\u00e4sslich der Wiederaufnahme dieser gemeinsamen Verhandlungen ausgearbeitet. Sein Ziel ist es, konkrete Formen der Zusammenarbeit zwischen den Ministerien in einer Reihe von Bereichen zu f\u00f6rdern - von der Au\u00dfenpolitik \u00fcber Wirtschaft, Sicherheit und Verteidigung bis hin zu Tourismus und Sport. Es soll auch dazu beitragen, die Wettbewerbsf\u00e4higkeit und den Wohlstand beider L\u00e4nder zu st\u00e4rken und den regelm\u00e4\u00dfigen strategischen Dialog und die Koordinierung der Positionen innerhalb der Europ\u00e4ischen Union, der Nordatlantischen Allianz und der Visegrad-Gruppe zu vertiefen.<\/p>\n\n\n\n<p>Die Regierung billigte auch den Arbeitsplan f\u00fcr die Gesetzgebung f\u00fcr den Rest dieses Jahres und den Ausblick auf die Jahre 2027 und 2028, der auf der Programmerkl\u00e4rung der Regierung, den Bed\u00fcrfnissen der einzelnen Ministerien und den Verpflichtungen der Tschechischen Republik gegen\u00fcber der Europ\u00e4ischen Union beruht.<\/p>\n\n\n\n<p>Bis Ende des Jahres sind insgesamt 114 Gesetzgebungsaufgaben vorgesehen. Dazu geh\u00f6ren ein Entwurf f\u00fcr ein Verfassungsgesetz, zwei Gesetzesvorlagen, f\u00fcnfzehn Gesetzesentw\u00fcrfe, zweiundsiebzig Gesetzes\u00e4nderungen, vierzehn Entw\u00fcrfe f\u00fcr Regierungsverordnungen und zehn \u00c4nderungen dieser Verordnungen.<\/p>\n\n\n\n<blockquote class=\"wp-block-quote is-layout-flow wp-block-quote-is-layout-flow\">\n<p>Zu den wichtigsten Priorit\u00e4ten geh\u00f6ren die Vorbereitung des Staatshaushalts f\u00fcr das kommende Jahr, der Gesetzesentwurf zur Steuerregistrierung, die \u00c4nderung des Rentenversicherungsgesetzes, die auf langfristige Nachhaltigkeit und eine gerechte Rentenindexierung abzielt, und das Gesetz \u00fcber k\u00fcnstliche Intelligenz. Letzteres zielt darauf ab, die Rolle der Tschechischen Republik als aktiver Gestalter der europ\u00e4ischen Digitalpolitik auf dem Gebiet der KI zu st\u00e4rken.<\/p>\n<\/blockquote>\n\n\n\n<p>Das Kabinett beschloss auch eine personelle Ver\u00e4nderung. Luk\u00e1\u0161 Klu\u010dka, Erster Stellvertreter des Innenministers und gesetzlicher Vertreter des Ministeriums f\u00fcr Digitalisierung und innere Sicherheit, wurde mit Wirkung vom 23. M\u00e4rz zum neuen Regierungsbeauftragten f\u00fcr Digitalisierung und strategische Sicherheit ernannt.<\/p>\n\n\n\n<p><strong><a href=\"https:\/\/vlada.gov.cz\/cz\/media-centrum\/aktualne\/vlada-schvalila-memorandum-o-prohloubene-spolupraci-se-slovenskou-vladou-a-svuj-plan-legislativnich-praci-226040\/\" title=\"\">Regierung<\/a>\/gnews.cz - GH<\/strong><\/p>","protected":false},"excerpt":{"rendered":"<p>Die tschechische Regierung von Andrej Babi\u0161 ist am Montag, den 23. M\u00e4rz, zu ihrer regul\u00e4ren Sitzung zusammengekommen. Das Kabinett billigte ein Memorandum \u00fcber die verst\u00e4rkte Zusammenarbeit mit...<\/p>","protected":false},"author":6,"featured_media":42759,"comment_status":"open","ping_status":"closed","sticky":false,"template":"","format":"standard","meta":{"_acf_changed":false,"_lmt_disableupdate":"","_lmt_disable":"","footnotes":""},"categories":[2968,3,7],"tags":[11714,11717,11715,11719,11713,11718,11712,10761,17,10695,41,11716],"class_list":["post-42758","post","type-post","status-publish","format-standard","has-post-thumbnail","hentry","category-domaci","category-neprehlednete","category-politika","tag-cesko-slovensko-spoluprace","tag-digitalizace-statni-spravy","tag-duchodova-reforma-cesko","tag-evropska-politika-eu","tag-legislativni-plan-2026","tag-lukas-klucka","tag-memorandum-vlady","tag-statni-rozpocet-cr","tag-top","tag-vlada-andreje-babise","tag-world","tag-zakon-o-umele-inteligenci"],"acf":[],"aioseo_notices":[],"_links":{"self":[{"href":"https:\/\/gnews.cz\/de\/wp-json\/wp\/v2\/posts\/42758","targetHints":{"allow":["GET"]}}],"collection":[{"href":"https:\/\/gnews.cz\/de\/wp-json\/wp\/v2\/posts"}],"about":[{"href":"https:\/\/gnews.cz\/de\/wp-json\/wp\/v2\/types\/post"}],"author":[{"embeddable":true,"href":"https:\/\/gnews.cz\/de\/wp-json\/wp\/v2\/users\/6"}],"replies":[{"embeddable":true,"href":"https:\/\/gnews.cz\/de\/wp-json\/wp\/v2\/comments?post=42758"}],"version-history":[{"count":1,"href":"https:\/\/gnews.cz\/de\/wp-json\/wp\/v2\/posts\/42758\/revisions"}],"predecessor-version":[{"id":42760,"href":"https:\/\/gnews.cz\/de\/wp-json\/wp\/v2\/posts\/42758\/revisions\/42760"}],"wp:featuredmedia":[{"embeddable":true,"href":"https:\/\/gnews.cz\/de\/wp-json\/wp\/v2\/media\/42759"}],"wp:attachment":[{"href":"https:\/\/gnews.cz\/de\/wp-json\/wp\/v2\/media?parent=42758"}],"wp:term":[{"taxonomy":"category","embeddable":true,"href":"https:\/\/gnews.cz\/de\/wp-json\/wp\/v2\/categories?post=42758"},{"taxonomy":"post_tag","embeddable":true,"href":"https:\/\/gnews.cz\/de\/wp-json\/wp\/v2\/tags?post=42758"}],"curies":[{"name":"wp","href":"https:\/\/api.w.org\/{rel}","templated":true}]}}