{"id":42777,"date":"2026-03-24T18:00:00","date_gmt":"2026-03-24T17:00:00","guid":{"rendered":"https:\/\/gnews.cz\/?p=42777"},"modified":"2026-03-24T14:45:27","modified_gmt":"2026-03-24T13:45:27","slug":"mezinarodni-unie-novinaru-durazne-odsuzuje-utoky-na-novinare-a-medialni-organizace","status":"publish","type":"post","link":"https:\/\/gnews.cz\/de\/tema\/mezinarodni-unie-novinaru-durazne-odsuzuje-utoky-na-novinare-a-medialni-organizace\/","title":{"rendered":"Internationale Journalisten-Union verurteilt Angriffe auf Journalisten und Medienorganisationen auf das Sch\u00e4rfste"},"content":{"rendered":"<p><strong>Die Internationale Journalisten-Union (IUJ) dr\u00fcckt ihre tiefe Besorgnis und <a href=\"https:\/\/www.intuj.com\/uncategorized\/iuj-strongly-condemns-attacks-on-journalists-and-media-organizations\/\" title=\"\">verurteilt nachdr\u00fccklich die zunehmende Zahl von Angriffen<\/a> \u00fcber Journalisten und Medienorganisationen in aller Welt.<\/strong><\/p>\n\n\n\n<p><em>\u201eDie wichtigste Aufgabe von Journalisten ist es, die \u00d6ffentlichkeit mit genauen, sachlichen und ausgewogenen Informationen zu versorgen. Unsere Arbeit ist streng professionell, frei von politischer Voreingenommenheit und Hintergedanken. Dennoch werden Journalisten in Kriegs- und Konfliktgebieten zunehmend zur ersten Zielscheibe. Die IUJ betont, dass ein Angriff auf eine Medienorganisation nicht nur die Zerst\u00f6rung eines Geb\u00e4udes bedeutet, sondern ein direkter Angriff auf die Redefreiheit, das Recht der \u00d6ffentlichkeit auf Information und grundlegende demokratische Werte ist.\u201c<\/em> schrieb die IUJ in einer Erkl\u00e4rung.<\/p>\n\n\n\n<p>Die IUJ warnte, dass Journalisten, die in Konfliktgebieten arbeiten, extremen Gefahren ausgesetzt sind und jeden Tag ihr Leben riskieren, um ihre Arbeit zu machen. <em>\u201eSie spielen eine entscheidende Rolle, wenn es darum geht, die Realit\u00e4t vor Ort zu dokumentieren, Menschenrechtsverletzungen aufzudecken und die Welt\u00f6ffentlichkeit zu informieren. Jeder Angriff oder Schaden, der sich gegen sie oder ihre Organisationen richtet, ist v\u00f6llig inakzeptabel\u201c.\u201c<\/em><\/p>\n\n\n\n<blockquote class=\"wp-block-quote is-layout-flow wp-block-quote-is-layout-flow\">\n<p><em>\u201eDie Exekutive ruft alle an Konflikten beteiligten Parteien auf, das V\u00f6lkerrecht und Vereinbarungen zu respektieren, die die Sicherheit von Journalisten garantieren. Medienorganisationen m\u00fcssen als zivile R\u00e4ume angesehen werden und d\u00fcrfen unter keinen Umst\u00e4nden als milit\u00e4rische Ziele betrachtet werden\u201c.\u201c<\/em> sagte die Gewerkschaft.<\/p>\n<\/blockquote>\n\n\n\n<p><em>\u201eWir fordern internationale Organisationen, Menschenrechtsinstitutionen und Regierungen auf, unverz\u00fcglich Ma\u00dfnahmen zu ergreifen, um die Sicherheit von Journalisten und Medieneinrichtungen in Konfliktgebieten zu gew\u00e4hrleisten. Wir fordern, dass diejenigen, die f\u00fcr Angriffe auf Medienschaffende verantwortlich sind, zur Rechenschaft gezogen und mit strengen rechtlichen Sanktionen belegt werden.\u201c<\/em><\/p>\n\n\n\n<p>Die IUJ erkl\u00e4rt sich mit allen betroffenen Medienschaffenden und Institutionen solidarisch. <em>\u201eWir bekr\u00e4ftigen unser Engagement f\u00fcr die Pressefreiheit und fordern ein sicheres Umfeld, in dem Journalisten ohne Angst, Drohungen oder Einsch\u00fcchterung ihrer Arbeit nachgehen k\u00f6nnen.\u201c<\/em><\/p>\n\n\n\n<p><strong><a href=\"https:\/\/www.intuj.com\/uncategorized\/iuj-strongly-condemns-attacks-on-journalists-and-media-organizations\/\" title=\"\">IUJ<\/a>\/gnews.cz - GH<\/strong><\/p>","protected":false},"excerpt":{"rendered":"<p>Die Internationale Journalisten-Union (IUJ) bringt ihre tiefe Besorgnis zum Ausdruck und verurteilt aufs Sch\u00e4rfste die zunehmende Zahl von Angriffen auf Journalisten und Medienorganisationen in aller Welt. \u201eDie wichtigsten...<\/p>","protected":false},"author":6,"featured_media":42778,"comment_status":"open","ping_status":"closed","sticky":false,"template":"","format":"standard","meta":{"_acf_changed":false,"_lmt_disableupdate":"","_lmt_disable":"","footnotes":""},"categories":[2968,3,7,1,2973],"tags":[11728,3480,11730,11726,351,11729,3632,318,9945,17,11727,41],"class_list":["post-42777","post","type-post","status-publish","format-standard","has-post-thumbnail","hentry","category-domaci","category-neprehlednete","category-politika","category-tema","category-zahranicni","tag-bezpecnost-novinaru","tag-demokracie","tag-iuj","tag-konfliktni-zony","tag-lidska-prava","tag-medialni-organizace","tag-mezinarodni-pravo","tag-novinari","tag-svoboda-tisku","tag-top","tag-utoky-na-media","tag-world"],"acf":[],"aioseo_notices":[],"_links":{"self":[{"href":"https:\/\/gnews.cz\/de\/wp-json\/wp\/v2\/posts\/42777","targetHints":{"allow":["GET"]}}],"collection":[{"href":"https:\/\/gnews.cz\/de\/wp-json\/wp\/v2\/posts"}],"about":[{"href":"https:\/\/gnews.cz\/de\/wp-json\/wp\/v2\/types\/post"}],"author":[{"embeddable":true,"href":"https:\/\/gnews.cz\/de\/wp-json\/wp\/v2\/users\/6"}],"replies":[{"embeddable":true,"href":"https:\/\/gnews.cz\/de\/wp-json\/wp\/v2\/comments?post=42777"}],"version-history":[{"count":1,"href":"https:\/\/gnews.cz\/de\/wp-json\/wp\/v2\/posts\/42777\/revisions"}],"predecessor-version":[{"id":42779,"href":"https:\/\/gnews.cz\/de\/wp-json\/wp\/v2\/posts\/42777\/revisions\/42779"}],"wp:featuredmedia":[{"embeddable":true,"href":"https:\/\/gnews.cz\/de\/wp-json\/wp\/v2\/media\/42778"}],"wp:attachment":[{"href":"https:\/\/gnews.cz\/de\/wp-json\/wp\/v2\/media?parent=42777"}],"wp:term":[{"taxonomy":"category","embeddable":true,"href":"https:\/\/gnews.cz\/de\/wp-json\/wp\/v2\/categories?post=42777"},{"taxonomy":"post_tag","embeddable":true,"href":"https:\/\/gnews.cz\/de\/wp-json\/wp\/v2\/tags?post=42777"}],"curies":[{"name":"wp","href":"https:\/\/api.w.org\/{rel}","templated":true}]}}