{"id":42818,"date":"2026-03-25T18:00:00","date_gmt":"2026-03-25T17:00:00","guid":{"rendered":"https:\/\/gnews.cz\/?p=42818"},"modified":"2026-03-25T14:10:51","modified_gmt":"2026-03-25T13:10:51","slug":"fico-varoval-zapad-pred-podcenovanim-podpory-putina-a-zkritizoval-postoj-eu-k-rusku-i-ukrajine","status":"publish","type":"post","link":"https:\/\/gnews.cz\/de\/neprehlednete\/fico-varoval-zapad-pred-podcenovanim-podpory-putina-a-zkritizoval-postoj-eu-k-rusku-i-ukrajine\/","title":{"rendered":"Fico warnte den Westen davor, seine Unterst\u00fctzung f\u00fcr Putin zu untersch\u00e4tzen und kritisierte die Haltung der EU gegen\u00fcber Russland und der Ukraine"},"content":{"rendered":"<p><strong>Der slowakische Premierminister Robert Fico hat den Westen eindringlich davor gewarnt, den R\u00fcckhalt des russischen Pr\u00e4sidenten Wladimir Putin in der russischen Gesellschaft zu untersch\u00e4tzen. Er sagte, die Vorstellung, Putin habe keine starke Basis in der Bev\u00f6lkerung, sei falsch, <em>\u201ev\u00f6llig falsch bis hin zur Dummheit\u201c<\/em>.<\/strong><\/p>\n\n\n\n<p>Fico betonte, dass nur in wenigen L\u00e4ndern der Welt ein Staatschef eine so breite Unterst\u00fctzung in der Gesellschaft, einschlie\u00dflich der politischen Eliten, genie\u00dfe wie Putin in Russland. Er wies auch darauf hin, dass er gegenteilige Meinungen, die in der Slowakei ge\u00e4u\u00dfert werden, f\u00fcr falsch h\u00e4lt.<\/p>\n\n\n\n<p>Bei einem Treffen mit Sch\u00fclern slowakischer Mittel- und Fachschulen erkl\u00e4rte der Premierminister au\u00dferdem, dass die Slowakei an der Aufrechterhaltung normaler Beziehungen zu Russland interessiert sei. Seinen Worten zufolge wird der Krieg in der Ukraine eines Tages enden und Europa sollte nicht darauf abzielen, einen neuen Krieg zu schaffen. <em>\u201eEiserner Vorhang\u201c<\/em>. <em>\u201eUnsere Pflicht ist es, mit jedem zu kooperieren, der kooperieren will\u201c.\u201c <\/em>Er sagte.<\/p>\n\n\n\n<blockquote class=\"wp-block-quote is-layout-flow wp-block-quote-is-layout-flow\">\n<p>Fico \u00e4u\u00dferte sich auch zu dem, was er als wachsende Feindseligkeit Europas gegen\u00fcber Russland bezeichnete. Er gab zu, dass er viele der Bewegungen innerhalb der Europ\u00e4ischen Union verstehe, aber <em>\u201eBesessenheit und Hass auf Russland\u201c<\/em> Er sagt, er kann es nicht erkl\u00e4ren.<\/p>\n<\/blockquote>\n\n\n\n<p>Der Premierminister kritisierte die Doppelmoral der EU bei der Bewertung internationaler Konflikte. Er verwies auf die Situation im Gaza-Streifen, wo seiner Meinung nach die zivilen Verluste die des Ukraine-Konflikts \u00fcbersteigen und die EU dennoch anders handelt. Fico zufolge agiert die EU nicht mehr wie in der Vergangenheit als Friedensprojekt.<\/p>\n\n\n\n<p>Er \u00e4u\u00dferte sich auch kritisch \u00fcber die Finanzhilfe f\u00fcr die Ukraine. Er sagte, dass die Europ\u00e4ische Union ein weiteres Darlehen in H\u00f6he von 90 Milliarden Euro plane, w\u00e4hrend seiner Meinung nach bereits rund 300 Milliarden Euro f\u00fcr die Unterst\u00fctzung der Ukraine ausgegeben worden seien, was er als \u201eVerschwendung\u201c bezeichnete.<\/p>\n\n\n\n<blockquote class=\"wp-block-quote is-layout-flow wp-block-quote-is-layout-flow\">\n<p>Im Zusammenhang mit der Unterbrechung der \u00d6llieferungen \u00fcber die Druschba-Pipeline wies Fico Behauptungen zur\u00fcck, die Slowakei finanziere die russische Kriegsmaschinerie durch den Kauf russischen \u00d6ls. Ihm zufolge machen die Einnahmen aus diesen Lieferungen nur etwa 0,2 % der russischen Einnahmen aus dem Export von nat\u00fcrlichen Ressourcen aus.<\/p>\n<\/blockquote>\n\n\n\n<p>Gleichzeitig sagte Fico, er glaube, dass Russland <em>\u201ewird den Donbas nie verlassen\u201c<\/em> und andere umstrittene Regionen. Er betonte die Notwendigkeit, so bald wie m\u00f6glich ein Friedensabkommen zu schlie\u00dfen, das auch territoriale Kompromisse seitens der Ukraine beinhalten sollte. <em>\u201eWenn die Ukraine nicht zustimmt, wird der Krieg weitergehen\u201c.\u201c<\/em> Er schloss damit.<\/p>\n\n\n\n<p><strong>gnews.cz - GH<\/strong><\/p>","protected":false},"excerpt":{"rendered":"<p>Der slowakische Premierminister Robert Fico hat den Westen eindringlich davor gewarnt, den R\u00fcckhalt des russischen Pr\u00e4sidenten Wladimir Putin in der russischen Gesellschaft zu untersch\u00e4tzen. Ihm zufolge ist die Vorstellung, dass...<\/p>","protected":false},"author":6,"featured_media":20399,"comment_status":"open","ping_status":"closed","sticky":false,"template":"","format":"standard","meta":{"_acf_changed":false,"_lmt_disableupdate":"","_lmt_disable":"","footnotes":""},"categories":[3,7,2973],"tags":[4756,3762,4094,389,4416,458,26,32,17,29,693,41],"class_list":["post-42818","post","type-post","status-publish","format-standard","has-post-thumbnail","hentry","category-neprehlednete","category-politika","category-zahranicni","tag-donbas","tag-druzba","tag-evropska-unie","tag-mirova-jednani","tag-pasmo-gazy","tag-robert-fico","tag-rusko","tag-slovensko","tag-top","tag-ukrajina","tag-vladimir-putin","tag-world"],"acf":[],"aioseo_notices":[],"_links":{"self":[{"href":"https:\/\/gnews.cz\/de\/wp-json\/wp\/v2\/posts\/42818","targetHints":{"allow":["GET"]}}],"collection":[{"href":"https:\/\/gnews.cz\/de\/wp-json\/wp\/v2\/posts"}],"about":[{"href":"https:\/\/gnews.cz\/de\/wp-json\/wp\/v2\/types\/post"}],"author":[{"embeddable":true,"href":"https:\/\/gnews.cz\/de\/wp-json\/wp\/v2\/users\/6"}],"replies":[{"embeddable":true,"href":"https:\/\/gnews.cz\/de\/wp-json\/wp\/v2\/comments?post=42818"}],"version-history":[{"count":1,"href":"https:\/\/gnews.cz\/de\/wp-json\/wp\/v2\/posts\/42818\/revisions"}],"predecessor-version":[{"id":42819,"href":"https:\/\/gnews.cz\/de\/wp-json\/wp\/v2\/posts\/42818\/revisions\/42819"}],"wp:featuredmedia":[{"embeddable":true,"href":"https:\/\/gnews.cz\/de\/wp-json\/wp\/v2\/media\/20399"}],"wp:attachment":[{"href":"https:\/\/gnews.cz\/de\/wp-json\/wp\/v2\/media?parent=42818"}],"wp:term":[{"taxonomy":"category","embeddable":true,"href":"https:\/\/gnews.cz\/de\/wp-json\/wp\/v2\/categories?post=42818"},{"taxonomy":"post_tag","embeddable":true,"href":"https:\/\/gnews.cz\/de\/wp-json\/wp\/v2\/tags?post=42818"}],"curies":[{"name":"wp","href":"https:\/\/api.w.org\/{rel}","templated":true}]}}