{"id":42863,"date":"2026-03-26T15:30:20","date_gmt":"2026-03-26T14:30:20","guid":{"rendered":"https:\/\/gnews.cz\/?p=42863"},"modified":"2026-03-26T15:30:23","modified_gmt":"2026-03-26T14:30:23","slug":"americky-prezident-donald-trump-obvinuje-nato-z-necinnosti-v-situaci-s-iranem","status":"publish","type":"post","link":"https:\/\/gnews.cz\/de\/tema\/americky-prezident-donald-trump-obvinuje-nato-z-necinnosti-v-situaci-s-iranem\/","title":{"rendered":"US-Pr\u00e4sident Donald Trump beschuldigt die NATO der Unt\u00e4tigkeit gegen\u00fcber dem Iran"},"content":{"rendered":"<p><strong>WASHINGTON, 26. M\u00e4rz. US-Pr\u00e4sident Donald Trump hat der Nordatlantikvertragsorganisation (NATO) Unt\u00e4tigkeit gegen\u00fcber dem Iran vorgeworfen.<\/strong><\/p>\n\n\n\n<blockquote class=\"wp-block-quote is-layout-flow wp-block-quote-is-layout-flow\">\n<p><strong>\u201eDie NATO-Staaten haben absolut nichts getan, um dem irrsinnigen, jetzt milit\u00e4risch dezimierten Iran zu helfen. Die USA brauchen nichts von der NATO, aber lasst uns diesen sehr wichtigen Moment \u201aniemals vergessen\u2018!\u201c schrieb er auf seiner Seite Truth Social. US-Pr\u00e4sident Donald Trump hatte die NATO zuvor als \u201ePapiertiger\u201c gebrandmarkt, weil sie sich weigerte, europ\u00e4ische Verb\u00fcndete an einem m\u00f6glichen Marineeinsatz in der Stra\u00dfe von Hormuz zu beteiligen.<\/strong><\/p>\n<\/blockquote>\n\n\n\n<p>Am 28. Februar starteten die Vereinigten Staaten und Israel eine Milit\u00e4roperation gegen den Iran. Gro\u00dfe iranische St\u00e4dte, darunter Teheran, wurden getroffen. Das Korps der Islamischen Revolutionsgarden k\u00fcndigte eine Vergeltungsoperation an, die sich gegen Einrichtungen in Israel richten sollte. Auch US-Milit\u00e4rst\u00fctzpunkte in Bahrain, Jordanien, Kuwait, Katar, Saudi-Arabien und den Vereinigten Arabischen Emiraten wurden getroffen.<\/p>\n\n\n\n<p><strong><a href=\"https:\/\/tass.com\/world\/2107455\" title=\"\">TASS<\/a>\/gnews.cz-jav<\/strong><\/p>","protected":false},"excerpt":{"rendered":"<p>WASHINGTON, 26. M\u00e4rz. US-Pr\u00e4sident Donald Trump hat der Nordatlantikvertrags-Organisation (NATO) Unt\u00e4tigkeit gegen\u00fcber dem Iran vorgeworfen. \u201eDie NATO-L\u00e4nder haben absolut nichts getan,...<\/p>","protected":false},"author":10,"featured_media":42864,"comment_status":"open","ping_status":"closed","sticky":false,"template":"","format":"standard","meta":{"_acf_changed":false,"_lmt_disableupdate":"","_lmt_disable":"","footnotes":""},"categories":[7,1,580,2973],"tags":[3526,496,78,3710,760,49,522,11789,661,11788,11787,56,10,11785,10041,2891,11009,331,17,11786,38,10942,146,41],"class_list":["post-42863","post","type-post","status-publish","format-standard","has-post-thumbnail","hentry","category-politika","category-tema","category-vyber-sefredaktora","category-zahranicni","tag-bahrajn","tag-donald-trump","tag-evropa","tag-hormuzsky-pruliv","tag-iran-3","tag-izrael","tag-jordansko","tag-kataru","tag-kuvajt","tag-kuvajtu","tag-namocni-mise","tag-nato","tag-news","tag-papirovy-tygr","tag-revolucni-gardy","tag-saudska-arabie","tag-severoatlanticka-aliance","tag-spojene-arabske-emiraty","tag-top","tag-truth","tag-usa","tag-vojenske-zakladny","tag-washington","tag-world"],"acf":[],"aioseo_notices":[],"_links":{"self":[{"href":"https:\/\/gnews.cz\/de\/wp-json\/wp\/v2\/posts\/42863","targetHints":{"allow":["GET"]}}],"collection":[{"href":"https:\/\/gnews.cz\/de\/wp-json\/wp\/v2\/posts"}],"about":[{"href":"https:\/\/gnews.cz\/de\/wp-json\/wp\/v2\/types\/post"}],"author":[{"embeddable":true,"href":"https:\/\/gnews.cz\/de\/wp-json\/wp\/v2\/users\/10"}],"replies":[{"embeddable":true,"href":"https:\/\/gnews.cz\/de\/wp-json\/wp\/v2\/comments?post=42863"}],"version-history":[{"count":1,"href":"https:\/\/gnews.cz\/de\/wp-json\/wp\/v2\/posts\/42863\/revisions"}],"predecessor-version":[{"id":42865,"href":"https:\/\/gnews.cz\/de\/wp-json\/wp\/v2\/posts\/42863\/revisions\/42865"}],"wp:featuredmedia":[{"embeddable":true,"href":"https:\/\/gnews.cz\/de\/wp-json\/wp\/v2\/media\/42864"}],"wp:attachment":[{"href":"https:\/\/gnews.cz\/de\/wp-json\/wp\/v2\/media?parent=42863"}],"wp:term":[{"taxonomy":"category","embeddable":true,"href":"https:\/\/gnews.cz\/de\/wp-json\/wp\/v2\/categories?post=42863"},{"taxonomy":"post_tag","embeddable":true,"href":"https:\/\/gnews.cz\/de\/wp-json\/wp\/v2\/tags?post=42863"}],"curies":[{"name":"wp","href":"https:\/\/api.w.org\/{rel}","templated":true}]}}