{"id":42868,"date":"2026-03-26T21:00:00","date_gmt":"2026-03-26T20:00:00","guid":{"rendered":"https:\/\/gnews.cz\/?p=42868"},"modified":"2026-04-01T06:26:14","modified_gmt":"2026-04-01T04:26:14","slug":"gnews-rozhovor-s-poslancem-janem-hrncirem-spd-dil-iii-bez-ciny-pry-evropa-nezvladne-technologie-ani-elektromobily","status":"publish","type":"post","link":"https:\/\/gnews.cz\/de\/tema\/gnews-rozhovor-s-poslancem-janem-hrncirem-spd-dil-iii-bez-ciny-pry-evropa-nezvladne-technologie-ani-elektromobily\/","title":{"rendered":"GNEWS-Interview mit dem Europaabgeordneten Jan Hrn\u010d\u00ed\u0159 (SPD), Teil III: Ohne China wird Europa nicht in der Lage sein, Technologie und Elektroautos zu handhaben"},"content":{"rendered":"<p><strong>Der Abgeordnete Jan Hrn\u010d\u00ed\u0159 von der Bewegung f\u00fcr Freiheit und direkte Demokratie (SPD) sparte in seinem offenen Interview nicht mit deutlichen Worten.<strong>. Im n\u00e4chsten Teil des Interviews f\u00fcr&nbsp;<a href=\"https:\/\/gnews.cz\/de\/\">Gnews.cz<\/a>&nbsp;<\/strong>. Ihm zufolge hat sich die Volksrepublik China in den letzten drei\u00dfig Jahren von einer unbedeutenden Volkswirtschaft zu einem weltweit f\u00fchrenden Unternehmen entwickelt, auf das die Welt heute nicht verzichten kann.<\/strong><\/p>\n\n\n\n<figure class=\"wp-block-embed is-provider-youtube wp-block-embed-youtube\"><div class=\"wp-block-embed__wrapper\">\n<iframe title=\"Jan Hrn\u010d\u00ed\u0159 (SPD) zur Volksrepublik China\" width=\"1170\" height=\"658\" src=\"https:\/\/www.youtube.com\/embed\/_H6TAGFwnDk?feature=oembed\" frameborder=\"0\" allow=\"accelerometer; autoplay; clipboard-write; encrypted-media; gyroscope; picture-in-picture; web-share\" referrerpolicy=\"strict-origin-when-cross-origin\" allowfullscreen><\/iframe>\n<\/div><\/figure>\n\n\n\n<p><em>Sie k\u00f6nnen den dritten Teil unseres Interviews mit Jan Hrn\u010d\u00ed\u0159 anh\u00f6ren<\/em> <strong><a href=\"https:\/\/youtu.be\/_H6TAGFwnDk\" title=\"\">hier<\/a><\/strong><\/p>\n\n\n\n<blockquote class=\"wp-block-quote is-layout-flow wp-block-quote-is-layout-flow\">\n<p><strong>\u201eVor drei\u00dfig Jahren war es ein wirtschaftlich relativ unbedeutendes Land. Heute ist es nach den Vereinigten Staaten die zweitgr\u00f6\u00dfte Volkswirtschaft der Welt\u201c, sagte Hrn\u010d\u00ed\u0159. Seiner Ansicht nach ist nicht nur die Gr\u00f6\u00dfe der Wirtschaft entscheidend, sondern auch das Tempo des technologischen Fortschritts, bei dem China f\u00fchrend ist.<\/strong><\/p>\n<\/blockquote>\n\n\n\n<p>Nach Ansicht des Abgeordneten ist der Schl\u00fcssel zum Erfolg die Kontrolle \u00fcber strategische Rohstoffe. China hat sich den Zugang zu den Mineralien gesichert, die f\u00fcr die Herstellung von Chips, Batterien und f\u00fcr die Entwicklung der Elektromobilit\u00e4t ben\u00f6tigt werden. Dies verschafft dem Land eine starke Position in der globalen Lieferkette. Europa hingegen befindet sich in einer schwierigen Situation. Die Europ\u00e4ische Union ist zu fast 100 % von der Einfuhr dieser Rohstoffe und Komponenten aus China abh\u00e4ngig. Dies schr\u00e4nke ihre Wettbewerbsf\u00e4higkeit bei modernen Technologien grundlegend ein.<\/p>\n\n\n\n<blockquote class=\"wp-block-quote is-layout-flow wp-block-quote-is-layout-flow\">\n<p><strong>\u201eOhne China ist heute weder Elektromobilit\u00e4t noch ein technologischer Wandel m\u00f6glich\u201c, sagt Hrn\u010d\u00ed\u0159 und f\u00fcgt hinzu, dass diese Abh\u00e4ngigkeit in Europa offensichtlich ist, w\u00e4hrend die Situation in den USA nur wenig besser ist.<\/strong><\/p>\n<\/blockquote>\n\n\n\n<p>Die Erkl\u00e4rung wirft somit eine grundlegende Frage neu auf: Hat China heute den Schl\u00fcssel zur Zukunft der Welttechnologie in der Hand?<\/p>\n\n\n\n<p><em>Sie k\u00f6nnen sich den vorherigen Teil des Interviews ansehen<\/em>: <strong><a href=\"https:\/\/gnews.cz\/de\/kommentare\/gnews-rozhovor-s-poslancem-janem-hrncirem-spd-dil-ii-obavy-z-nove-migracni-vlny\/\" target=\"_blank\" rel=\"noopener\" title=\"\">hier<\/a><\/strong><\/p>\n\n\n\n<p><strong>Allgemeine Nachrichten<\/strong><\/p>","protected":false},"excerpt":{"rendered":"<p>Der tschechische Abgeordnete Jan Hrn\u010d\u00ed\u0159 von der Bewegung f\u00fcr Freiheit und direkte Demokratie (SPD) sparte in seinem offenen Interview nicht mit starken Worten. Im n\u00e4chsten Teil des Interviews...<\/p>","protected":false},"author":9,"featured_media":42785,"comment_status":"open","ping_status":"closed","sticky":false,"template":"","format":"standard","meta":{"_acf_changed":false,"_lmt_disableupdate":"","_lmt_disable":"","footnotes":""},"categories":[2968,7,2,1,580,2973],"tags":[45,22,6802,27,968,78,11732,11793,10,573,11792,11755,11791,11794,17,38,41],"class_list":["post-42868","post","type-post","status-publish","format-standard","has-post-thumbnail","hentry","category-domaci","category-politika","category-rozhovory","category-tema","category-vyber-sefredaktora","category-zahranicni","tag-cr","tag-cina","tag-cinska-lidova-republika","tag-ekonomika","tag-elektromobilita","tag-evropa","tag-jan-hrncir","tag-moderni-technologie","tag-news","tag-spd","tag-strategickei-suroviny","tag-svoboda-a-prima-demokracie-spd","tag-technologicky-pokrok","tag-technologicky-posun","tag-top","tag-usa","tag-world"],"acf":[],"aioseo_notices":[],"_links":{"self":[{"href":"https:\/\/gnews.cz\/de\/wp-json\/wp\/v2\/posts\/42868","targetHints":{"allow":["GET"]}}],"collection":[{"href":"https:\/\/gnews.cz\/de\/wp-json\/wp\/v2\/posts"}],"about":[{"href":"https:\/\/gnews.cz\/de\/wp-json\/wp\/v2\/types\/post"}],"author":[{"embeddable":true,"href":"https:\/\/gnews.cz\/de\/wp-json\/wp\/v2\/users\/9"}],"replies":[{"embeddable":true,"href":"https:\/\/gnews.cz\/de\/wp-json\/wp\/v2\/comments?post=42868"}],"version-history":[{"count":5,"href":"https:\/\/gnews.cz\/de\/wp-json\/wp\/v2\/posts\/42868\/revisions"}],"predecessor-version":[{"id":43283,"href":"https:\/\/gnews.cz\/de\/wp-json\/wp\/v2\/posts\/42868\/revisions\/43283"}],"wp:featuredmedia":[{"embeddable":true,"href":"https:\/\/gnews.cz\/de\/wp-json\/wp\/v2\/media\/42785"}],"wp:attachment":[{"href":"https:\/\/gnews.cz\/de\/wp-json\/wp\/v2\/media?parent=42868"}],"wp:term":[{"taxonomy":"category","embeddable":true,"href":"https:\/\/gnews.cz\/de\/wp-json\/wp\/v2\/categories?post=42868"},{"taxonomy":"post_tag","embeddable":true,"href":"https:\/\/gnews.cz\/de\/wp-json\/wp\/v2\/tags?post=42868"}],"curies":[{"name":"wp","href":"https:\/\/api.w.org\/{rel}","templated":true}]}}