{"id":42888,"date":"2026-03-27T04:00:00","date_gmt":"2026-03-27T03:00:00","guid":{"rendered":"https:\/\/gnews.cz\/?p=42888"},"modified":"2026-03-27T09:09:48","modified_gmt":"2026-03-27T08:09:48","slug":"spolecne-setkani-na-jarni-schuzce-globalni-kapital-se-spojuje-a-hledi-na-vychod","status":"publish","type":"post","link":"https:\/\/gnews.cz\/de\/tema\/spolecne-setkani-na-jarni-schuzce-globalni-kapital-se-spojuje-a-hledi-na-vychod\/","title":{"rendered":"Gemeinsames Treffen auf der \u201eFr\u00fchjahrstagung\u201c: Das globale Kapital reicht sich die H\u00e4nde und blickt nach Osten"},"content":{"rendered":"<p>Ende M\u00e4rz in Peking. Auf der Jahrestagung des China Development Forum 2026 versammelten sich Vertreter von fast hundert multinationalen Unternehmen, um das \u201eFr\u00fchjahrstreffen\u201c mit China durchzuf\u00fchren. Im Tagungsraum ging es um neuen Konsum, k\u00fcnstliche Intelligenz, gr\u00fcne und kohlenstoffarme Themen... Die G\u00e4ste tauschten Ideen aus und diskutierten \u00fcber die Zusammenarbeit; au\u00dferhalb des Tagungsraums besuchten F\u00fchrungskr\u00e4fte multinationaler Unternehmen intensiv das Handelsministerium und andere Ministerien, um neue Chancen zu Beginn von Chinas 15.<\/p>\n\n\n\n<p>Diese Welle des Interesses an einem Besuch in China setzt den Trend fort, dass die Welt seit Ende letzten Jahres ihren Blick nach Osten richtet, und \u201eHinwendung zu China\u201c ist zu einem h\u00e4ufig verwendeten Begriff in der internationalen Medienberichterstattung \u00fcber China geworden. Der Grund f\u00fcr dieses Ph\u00e4nomen ist, wie der chinesische Ministerpr\u00e4sident Li Qiang (Li Qiang) in seiner Grundsatzrede auf der Jahrestagung des China Development Forum 2026 erkl\u00e4rte, dass China sich verpflichtet hat, der \u201eEckpfeiler der Sicherheit\u201c und ein \u201eHafen der Stabilit\u00e4t\u201c f\u00fcr die Welt zu sein.<\/p>\n\n\n\n<p><strong>Diese Sicherheit und Stabilit\u00e4t resultiert aus Chinas strategischer Entschlossenheit, \u201eeinen einzigen Plan bis zum Ende zu verfolgen\u201c.<\/strong><\/p>\n\n\n\n<p>In diesen Tagen ist immer wieder vom 15. F\u00fcnfjahresplan die Rede. 18 Teile, 62 Kapitel - dieses Programmdokument, das Chinas wirtschaftliche und soziale Entwicklung in den n\u00e4chsten f\u00fcnf Jahren leiten soll, legt sieben gro\u00dfe Ziele fest, darunter \u201ebedeutende Fortschritte bei der qualitativen Entwicklung\u201c. Er ist nicht nur eine \u201eneue Landkarte\u201c f\u00fcr Chinas Entwicklung, sondern auch eine \u201eneue Chance\u201c f\u00fcr die globale Entwicklung.<\/p>\n\n\n\n<figure class=\"wp-block-gallery has-nested-images columns-default is-cropped wp-block-gallery-1 is-layout-flex wp-block-gallery-is-layout-flex\">\n<figure class=\"wp-block-image size-large\"><img fetchpriority=\"high\" decoding=\"async\" width=\"1024\" height=\"575\" data-id=\"42889\" src=\"https:\/\/gnews.cz\/wp-content\/uploads\/2026\/03\/1774408493709_53-1024x575.webp\" alt=\"\" class=\"wp-image-42889\" srcset=\"https:\/\/gnews.cz\/wp-content\/uploads\/2026\/03\/1774408493709_53-1024x575.webp 1024w, https:\/\/gnews.cz\/wp-content\/uploads\/2026\/03\/1774408493709_53-300x169.webp 300w, https:\/\/gnews.cz\/wp-content\/uploads\/2026\/03\/1774408493709_53-768x432.webp 768w, https:\/\/gnews.cz\/wp-content\/uploads\/2026\/03\/1774408493709_53-18x10.webp 18w, https:\/\/gnews.cz\/wp-content\/uploads\/2026\/03\/1774408493709_53-1170x658.webp 1170w, https:\/\/gnews.cz\/wp-content\/uploads\/2026\/03\/1774408493709_53-585x329.webp 585w, https:\/\/gnews.cz\/wp-content\/uploads\/2026\/03\/1774408493709_53.webp 1500w\" sizes=\"(max-width: 1024px) 100vw, 1024px\" \/><\/figure>\n<\/figure>\n\n\n\n<p><strong>Diese Sicherheit und Stabilit\u00e4t ergibt sich auch aus dem enormen Potenzial von Chinas extrem gro\u00dfem Markt.<\/strong><\/p>\n\n\n\n<p>In der heutigen Welt, in der der Protektionismus st\u00e4ndig zunimmt, ist der Markt zu einer knappen Ressource geworden, aber gleichzeitig kann er st\u00e4ndig neu geschaffen werden. Als zweitgr\u00f6\u00dfte Volkswirtschaft der Welt ist der chinesische Markt nicht nur gro\u00df, sondern verf\u00fcgt auch \u00fcber ein gro\u00dfes Potenzial. W\u00e4hrend des 14. F\u00fcnfjahresplans stieg das Pro-Kopf-BIP Chinas von 10.000 auf \u00fcber 13.000 Dollar, der Konsum von Waren entwickelte sich in neue und bessere Richtungen, und der Verbrauch von Dienstleistungen nahm stark zu. In diesem Jahr hat die chinesische Regierung die \u201eBem\u00fchungen um den Aufbau eines starken Binnenmarktes\u201c zu ihrer Hauptaufgabe erkl\u00e4rt. Auf dem Forum verpflichtete sich die chinesische Seite, mehr hochwertige ausl\u00e4ndische Waren zu importieren, die optimierte und ausgewogene Entwicklung des Handels mit allen Parteien gemeinsam zu f\u00f6rdern und den globalen Wirtschafts- und Handelskuchen gemeinsam zu vergr\u00f6\u00dfern.<\/p>\n\n\n\n<p><strong>Diese Sicherheit und Stabilit\u00e4t ergibt sich auch aus Chinas \u201eharter\u201c Innovationskraft.<\/strong><\/p>\n\n\n\n<p>\u201eJedes Mal, wenn die Weltwirtschaft aus einer Krise herausgekommen ist und sich in Richtung Wohlstand bewegt hat, geschah dies nicht durch den Kampf um einen bestehenden Markt, sondern durch Offenheit und technologische Fortschritte, die einen neuen Markt geschaffen haben.\u201c Diese Aussage der chinesischen Seite auf dem Forum beeindruckte Volkswagen-Chef Oliver Blum. Gerade f\u00fcr die Automobilindustrie sei es wichtig, durch Innovation neue Industrien zu entwickeln und damit die gesamtwirtschaftliche Entwicklung zu f\u00f6rdern.<\/p>\n\n\n\n<p><strong>Diese Sicherheit und Stabilit\u00e4t kommt auch von der T\u00fcr Chinas, die sich immer mehr \u00f6ffnet\u201e.<\/strong><\/p>\n\n\n\n<p>In China war Offenheit nie eine theoretische Angelegenheit, sondern es ging immer darum, konkrete Probleme zu l\u00f6sen und individuelle Entscheidungen umzusetzen. Auf dem Forum bekr\u00e4ftigte die chinesische Seite ihre Zusage, weiterhin ein g\u00fcnstiges Gesch\u00e4ftsumfeld zu schaffen, die Inl\u00e4nderbehandlung ausl\u00e4ndischer Unternehmen in vollem Umfang umzusetzen und Unternehmen aus allen L\u00e4ndern, die nach China kommen, eine friedliche Entwicklung und die Umsetzung gro\u00dfer Pl\u00e4ne zu erm\u00f6glichen.<\/p>\n\n\n\n<p><strong><a href=\"https:\/\/czech.cri.cn\/2026\/03\/25\/ARTI1774408507461484\" title=\"\">CMG<\/a><\/strong><\/p>","protected":false},"excerpt":{"rendered":"<p>Ende M\u00e4rz in Peking. Auf der Jahrestagung des China Development Forum 2026 kamen Vertreter von fast hundert multinationalen Unternehmen zusammen, um die...<\/p>","protected":false},"author":10,"featured_media":42891,"comment_status":"open","ping_status":"closed","sticky":false,"template":"","format":"standard","meta":{"_acf_changed":false,"_lmt_disableupdate":"","_lmt_disable":"","footnotes":""},"categories":[7,658,1,2973],"tags":[22,27,11799,309,11802,10,11796,11795,11798,11803,17,614,11801,41,11797,11800,3677],"class_list":["post-42888","post","type-post","status-publish","format-standard","has-post-thumbnail","hentry","category-politika","category-prectete-si","category-tema","category-zahranicni","tag-cina","tag-ekonomika","tag-forum-o-rozvoji-ciny-2026","tag-hdp","tag-inovacni-sily-ciny","tag-news","tag-nizkouhlikova-temata","tag-nova-spotreba","tag-obraceni-pohledu-na-vychod","tag-oliver-blum","tag-top","tag-umela-inteligence","tag-velky-trh","tag-world","tag-zacatek-cinske-15-petiletky","tag-zakladni-kamenem-jistoty","tag-zelena"],"acf":[],"aioseo_notices":[],"_links":{"self":[{"href":"https:\/\/gnews.cz\/de\/wp-json\/wp\/v2\/posts\/42888","targetHints":{"allow":["GET"]}}],"collection":[{"href":"https:\/\/gnews.cz\/de\/wp-json\/wp\/v2\/posts"}],"about":[{"href":"https:\/\/gnews.cz\/de\/wp-json\/wp\/v2\/types\/post"}],"author":[{"embeddable":true,"href":"https:\/\/gnews.cz\/de\/wp-json\/wp\/v2\/users\/10"}],"replies":[{"embeddable":true,"href":"https:\/\/gnews.cz\/de\/wp-json\/wp\/v2\/comments?post=42888"}],"version-history":[{"count":2,"href":"https:\/\/gnews.cz\/de\/wp-json\/wp\/v2\/posts\/42888\/revisions"}],"predecessor-version":[{"id":42892,"href":"https:\/\/gnews.cz\/de\/wp-json\/wp\/v2\/posts\/42888\/revisions\/42892"}],"wp:featuredmedia":[{"embeddable":true,"href":"https:\/\/gnews.cz\/de\/wp-json\/wp\/v2\/media\/42891"}],"wp:attachment":[{"href":"https:\/\/gnews.cz\/de\/wp-json\/wp\/v2\/media?parent=42888"}],"wp:term":[{"taxonomy":"category","embeddable":true,"href":"https:\/\/gnews.cz\/de\/wp-json\/wp\/v2\/categories?post=42888"},{"taxonomy":"post_tag","embeddable":true,"href":"https:\/\/gnews.cz\/de\/wp-json\/wp\/v2\/tags?post=42888"}],"curies":[{"name":"wp","href":"https:\/\/api.w.org\/{rel}","templated":true}]}}