{"id":42907,"date":"2026-03-27T12:30:00","date_gmt":"2026-03-27T11:30:00","guid":{"rendered":"https:\/\/gnews.cz\/?p=42907"},"modified":"2026-03-27T10:27:22","modified_gmt":"2026-03-27T09:27:22","slug":"rusky-dum-v-praze-byl-26-brezna-napaden-molotovovymi-koktejly-reditel","status":"publish","type":"post","link":"https:\/\/gnews.cz\/de\/tema\/rusky-dum-v-praze-byl-26-brezna-napaden-molotovovymi-koktejly-reditel\/","title":{"rendered":"Russisches Haus in Prag wurde am 26. M\u00e4rz mit Molotowcocktails angegriffen - Direktor"},"content":{"rendered":"<p><strong>MOSKAU, 27. M\u00e4rz. Das Russische Haus in Prag wurde am 26. M\u00e4rz angegriffen, als Unbekannte Molotow-Cocktails auf das Geb\u00e4ude warfen, sagte Igor Girenko, Direktor des Kulturzentrums.<\/strong><\/p>\n\n\n\n<blockquote class=\"wp-block-quote is-layout-flow wp-block-quote-is-layout-flow\">\n<p><strong>\u201eAm sp\u00e4ten Abend des 26. M\u00e4rz wurde das Russische Haus in Prag angegriffen. Unbekannte Angreifer warfen Flaschen mit brennbarem Gemisch auf das Geb\u00e4ude des Kulturzentrums\u201c, sagte der Direktor. \u201eDurch einen gl\u00fccklichen Zufall sind drei der sechs Molotow-Cocktails nicht explodiert\u201c, betonte er.<\/strong><\/p>\n<\/blockquote>\n\n\n\n<p>Girenko f\u00fcgte hinzu, dass gl\u00fccklicherweise \u201edie Flaschen, die direkt in das Geb\u00e4ude geworfen wurden\u201c, nicht explodiert seien.<\/p>\n\n\n\n<blockquote class=\"wp-block-quote is-layout-flow wp-block-quote-is-layout-flow\">\n<p><strong>\u201eEs ist schwer vorstellbar, welche Folgen es h\u00e4tte, wenn der Plan dieser Verbrecher aufgehen w\u00fcrde\u201c, betonte der Direktor des Kulturzentrums. \u201eDie Fenster, auf die es die Terroristen abgesehen hatten, waren die Fenster der Bibliothek\u201c, bemerkte er.<\/strong><\/p>\n<\/blockquote>\n\n\n\n<p>Girenko sagte, es bestehe kein Zweifel, dass der Zeitpunkt der Tat nicht zuf\u00e4llig gew\u00e4hlt wurde, da die Abschlussveranstaltung der Tage der russischen Kultur f\u00fcr Freitag angesetzt war. \u201eNur Nichtmenschen w\u00fcrden die Kultur angreifen! Wir kennen ihre Gewohnheiten und Methoden gut\u201c, betonte er.<\/p>\n\n\n\n<blockquote class=\"wp-block-quote is-layout-flow wp-block-quote-is-layout-flow\">\n<p><strong>\u201eWir m\u00f6chten den tschechischen Strafverfolgungsbeh\u00f6rden und den Feuerwehrleuten, die innerhalb weniger Minuten am Tatort eintrafen, unseren besonderen Dank aussprechen. Wir sind zuversichtlich, dass dieses Verbrechen aufgekl\u00e4rt wird und dass die Schuldigen eine strenge und gerechte Strafe erhalten werden\u201c, schloss der Leiter des russischen Parlaments.<\/strong><\/p>\n<\/blockquote>\n\n\n\n<p><strong><a href=\"https:\/\/tass.com\/emergencies\/2107873\" title=\"\">TASS<\/a>\/gnews.cz<\/strong><\/p>\n\n\n\n<figure class=\"wp-block-gallery has-nested-images columns-default is-cropped wp-block-gallery-1 is-layout-flex wp-block-gallery-is-layout-flex\">\n<figure class=\"wp-block-image size-large\"><img fetchpriority=\"high\" decoding=\"async\" width=\"1024\" height=\"768\" data-id=\"42910\" src=\"https:\/\/gnews.cz\/wp-content\/uploads\/2026\/03\/IMG_20260327_122303_904-1024x768.webp\" alt=\"\" class=\"wp-image-42910\" srcset=\"https:\/\/gnews.cz\/wp-content\/uploads\/2026\/03\/IMG_20260327_122303_904-1024x768.webp 1024w, https:\/\/gnews.cz\/wp-content\/uploads\/2026\/03\/IMG_20260327_122303_904-300x225.webp 300w, https:\/\/gnews.cz\/wp-content\/uploads\/2026\/03\/IMG_20260327_122303_904-768x576.webp 768w, https:\/\/gnews.cz\/wp-content\/uploads\/2026\/03\/IMG_20260327_122303_904-16x12.webp 16w, https:\/\/gnews.cz\/wp-content\/uploads\/2026\/03\/IMG_20260327_122303_904-1170x878.webp 1170w, https:\/\/gnews.cz\/wp-content\/uploads\/2026\/03\/IMG_20260327_122303_904-585x439.webp 585w, https:\/\/gnews.cz\/wp-content\/uploads\/2026\/03\/IMG_20260327_122303_904.webp 1200w\" sizes=\"(max-width: 1024px) 100vw, 1024px\" \/><\/figure>\n<\/figure>\n\n\n\n<figure class=\"wp-block-gallery has-nested-images columns-default is-cropped wp-block-gallery-2 is-layout-flex wp-block-gallery-is-layout-flex\">\n<figure class=\"wp-block-image size-large\"><img decoding=\"async\" width=\"960\" height=\"749\" data-id=\"42911\" src=\"https:\/\/gnews.cz\/wp-content\/uploads\/2026\/03\/IMG_20260327_122351.webp\" alt=\"\" class=\"wp-image-42911\" srcset=\"https:\/\/gnews.cz\/wp-content\/uploads\/2026\/03\/IMG_20260327_122351.webp 960w, https:\/\/gnews.cz\/wp-content\/uploads\/2026\/03\/IMG_20260327_122351-300x234.webp 300w, https:\/\/gnews.cz\/wp-content\/uploads\/2026\/03\/IMG_20260327_122351-768x599.webp 768w, https:\/\/gnews.cz\/wp-content\/uploads\/2026\/03\/IMG_20260327_122351-15x12.webp 15w, https:\/\/gnews.cz\/wp-content\/uploads\/2026\/03\/IMG_20260327_122351-585x456.webp 585w\" sizes=\"(max-width: 960px) 100vw, 960px\" \/><\/figure>\n\n\n\n<figure class=\"wp-block-image size-large\"><img decoding=\"async\" width=\"675\" height=\"900\" data-id=\"42912\" src=\"https:\/\/gnews.cz\/wp-content\/uploads\/2026\/03\/IMG_20260327_122252_822.webp\" alt=\"\" class=\"wp-image-42912\" srcset=\"https:\/\/gnews.cz\/wp-content\/uploads\/2026\/03\/IMG_20260327_122252_822.webp 675w, https:\/\/gnews.cz\/wp-content\/uploads\/2026\/03\/IMG_20260327_122252_822-225x300.webp 225w, https:\/\/gnews.cz\/wp-content\/uploads\/2026\/03\/IMG_20260327_122252_822-9x12.webp 9w, https:\/\/gnews.cz\/wp-content\/uploads\/2026\/03\/IMG_20260327_122252_822-585x780.webp 585w\" sizes=\"(max-width: 675px) 100vw, 675px\" \/><\/figure>\n\n\n\n<figure class=\"wp-block-image size-large\"><img loading=\"lazy\" decoding=\"async\" width=\"506\" height=\"900\" data-id=\"42913\" src=\"https:\/\/gnews.cz\/wp-content\/uploads\/2026\/03\/IMG_20260327_122240_135.webp\" alt=\"\" class=\"wp-image-42913\" srcset=\"https:\/\/gnews.cz\/wp-content\/uploads\/2026\/03\/IMG_20260327_122240_135.webp 506w, https:\/\/gnews.cz\/wp-content\/uploads\/2026\/03\/IMG_20260327_122240_135-169x300.webp 169w, https:\/\/gnews.cz\/wp-content\/uploads\/2026\/03\/IMG_20260327_122240_135-7x12.webp 7w\" sizes=\"(max-width: 506px) 100vw, 506px\" \/><\/figure>\n<\/figure>","protected":false},"excerpt":{"rendered":"<p>MOSKAU, 27. M\u00e4rz. Das Russische Haus in Prag wurde am 26. M\u00e4rz angegriffen, als Unbekannte Molotowcocktails auf das Geb\u00e4ude warfen, teilte der Direktor des...<\/p>","protected":false},"author":10,"featured_media":42909,"comment_status":"open","ping_status":"closed","sticky":false,"template":"","format":"standard","meta":{"_acf_changed":false,"_lmt_disableupdate":"","_lmt_disable":"","footnotes":""},"categories":[2968,3,7,1,580,2973],"tags":[45,11828,11829,10,26,11827,17,11830,41],"class_list":["post-42907","post","type-post","status-publish","format-standard","has-post-thumbnail","hentry","category-domaci","category-neprehlednete","category-politika","category-tema","category-vyber-sefredaktora","category-zahranicni","tag-cr","tag-igor-girenko","tag-molotovovy-koktejly","tag-news","tag-rusko","tag-rusky-dum-v-praze","tag-top","tag-trestni-rizeni","tag-world"],"acf":[],"aioseo_notices":[],"_links":{"self":[{"href":"https:\/\/gnews.cz\/de\/wp-json\/wp\/v2\/posts\/42907","targetHints":{"allow":["GET"]}}],"collection":[{"href":"https:\/\/gnews.cz\/de\/wp-json\/wp\/v2\/posts"}],"about":[{"href":"https:\/\/gnews.cz\/de\/wp-json\/wp\/v2\/types\/post"}],"author":[{"embeddable":true,"href":"https:\/\/gnews.cz\/de\/wp-json\/wp\/v2\/users\/10"}],"replies":[{"embeddable":true,"href":"https:\/\/gnews.cz\/de\/wp-json\/wp\/v2\/comments?post=42907"}],"version-history":[{"count":2,"href":"https:\/\/gnews.cz\/de\/wp-json\/wp\/v2\/posts\/42907\/revisions"}],"predecessor-version":[{"id":42914,"href":"https:\/\/gnews.cz\/de\/wp-json\/wp\/v2\/posts\/42907\/revisions\/42914"}],"wp:featuredmedia":[{"embeddable":true,"href":"https:\/\/gnews.cz\/de\/wp-json\/wp\/v2\/media\/42909"}],"wp:attachment":[{"href":"https:\/\/gnews.cz\/de\/wp-json\/wp\/v2\/media?parent=42907"}],"wp:term":[{"taxonomy":"category","embeddable":true,"href":"https:\/\/gnews.cz\/de\/wp-json\/wp\/v2\/categories?post=42907"},{"taxonomy":"post_tag","embeddable":true,"href":"https:\/\/gnews.cz\/de\/wp-json\/wp\/v2\/tags?post=42907"}],"curies":[{"name":"wp","href":"https:\/\/api.w.org\/{rel}","templated":true}]}}