{"id":42915,"date":"2026-03-27T18:30:00","date_gmt":"2026-03-27T17:30:00","guid":{"rendered":"https:\/\/gnews.cz\/?p=42915"},"modified":"2026-03-27T10:41:29","modified_gmt":"2026-03-27T09:41:29","slug":"divadla-slavi-svetovy-den-ktery-odstartoval-na-pocatku-v-helsinkach","status":"publish","type":"post","link":"https:\/\/gnews.cz\/de\/tema\/divadla-slavi-svetovy-den-ktery-odstartoval-na-pocatku-v-helsinkach\/","title":{"rendered":"Theater feiern den Welttag, der in Helsinki er\u00f6ffnet wurde"},"content":{"rendered":"<p><strong>Der Internationale Theatertag wurde 1961 vom Internationalen Theaterinstitut (ITI) ins Leben gerufen. Der Tag wird j\u00e4hrlich am 27. M\u00e4rz von allen nationalen Zentren des ITI und damit von der gesamten internationalen Theatergemeinschaft begangen. Zu diesem Anlass werden verschiedene Theaterveranstaltungen organisiert.<\/strong><\/p>\n\n\n\n<blockquote class=\"wp-block-quote is-layout-flow wp-block-quote-is-layout-flow\">\n<p><strong>Der Welttheatertag wurde zuerst in Helsinki und dann in Wien auf dem 9. Weltkongress des Internationalen Theaterinstituts im Juni 1961 von Pr\u00e4sident Arvi Kivimaa im Namen des finnischen Zentrums des Internationalen Theaterinstituts vorgeschlagen. Die nationalen Zentren des ITI, von denen es inzwischen weltweit fast 100 gibt, begehen den Welttheatertag auf vielf\u00e4ltige Weise.<\/strong><\/p>\n<\/blockquote>\n\n\n\n<p>Jedes Jahr wird eine herausragende Theaterpers\u00f6nlichkeit oder eine Person mit Herz und Verstand aus einem anderen Bereich eingeladen, um ihre Gedanken \u00fcber das Theater und die Harmonie zwischen den V\u00f6lkern zu teilen. Die so genannte \"Internationale Botschaft\" wird in mehr als 20 Sprachen \u00fcbersetzt, vor zehntausenden Zuschauern in Theatern auf der ganzen Welt verlesen und in Hunderten von Zeitungen abgedruckt. <\/p>\n\n\n\n<h2 class=\"wp-block-heading\"><strong>In der Tschechischen Republik wird der Welttheatertag mit der Theaternacht gefeiert, die am kommenden Samstag, dem 27. M\u00e4rz, stattfindet.<\/strong><\/h2>\n\n\n\n<p><strong><a href=\"https:\/\/www.kudyznudy.cz\/aktuality\/divadla-zitra-oslavi-svetovy-den-divadla\" title=\"\">kudyznudy.cz<\/a>\/gnews.cz<\/strong><\/p>\n\n\n\n<figure class=\"wp-block-gallery has-nested-images columns-default is-cropped wp-block-gallery-1 is-layout-flex wp-block-gallery-is-layout-flex\">\n<figure class=\"wp-block-image size-large\"><img fetchpriority=\"high\" decoding=\"async\" width=\"889\" height=\"577\" data-id=\"42919\" src=\"https:\/\/gnews.cz\/wp-content\/uploads\/2026\/03\/Screenshot_20260327_124049.webp\" alt=\"\" class=\"wp-image-42919\" srcset=\"https:\/\/gnews.cz\/wp-content\/uploads\/2026\/03\/Screenshot_20260327_124049.webp 889w, https:\/\/gnews.cz\/wp-content\/uploads\/2026\/03\/Screenshot_20260327_124049-300x195.webp 300w, https:\/\/gnews.cz\/wp-content\/uploads\/2026\/03\/Screenshot_20260327_124049-768x498.webp 768w, https:\/\/gnews.cz\/wp-content\/uploads\/2026\/03\/Screenshot_20260327_124049-18x12.webp 18w, https:\/\/gnews.cz\/wp-content\/uploads\/2026\/03\/Screenshot_20260327_124049-585x380.webp 585w\" sizes=\"(max-width: 889px) 100vw, 889px\" \/><\/figure>\n\n\n\n<figure class=\"wp-block-image size-large\"><img decoding=\"async\" width=\"1024\" height=\"650\" data-id=\"42920\" src=\"https:\/\/gnews.cz\/wp-content\/uploads\/2026\/03\/Screenshot_20260327_124106-1024x650.webp\" alt=\"\" class=\"wp-image-42920\" srcset=\"https:\/\/gnews.cz\/wp-content\/uploads\/2026\/03\/Screenshot_20260327_124106-1024x650.webp 1024w, https:\/\/gnews.cz\/wp-content\/uploads\/2026\/03\/Screenshot_20260327_124106-300x190.webp 300w, https:\/\/gnews.cz\/wp-content\/uploads\/2026\/03\/Screenshot_20260327_124106-768x487.webp 768w, https:\/\/gnews.cz\/wp-content\/uploads\/2026\/03\/Screenshot_20260327_124106-18x12.webp 18w, https:\/\/gnews.cz\/wp-content\/uploads\/2026\/03\/Screenshot_20260327_124106-1170x743.webp 1170w, https:\/\/gnews.cz\/wp-content\/uploads\/2026\/03\/Screenshot_20260327_124106-585x371.webp 585w, https:\/\/gnews.cz\/wp-content\/uploads\/2026\/03\/Screenshot_20260327_124106.webp 1221w\" sizes=\"(max-width: 1024px) 100vw, 1024px\" \/><\/figure>\n<\/figure>","protected":false},"excerpt":{"rendered":"<p>Der Internationale Theatertag wurde 1961 vom Internationalen Theaterinstitut (ITI) ins Leben gerufen. Dieser Tag wird j\u00e4hrlich am 27. M\u00e4rz gefeiert...<\/p>","protected":false},"author":10,"featured_media":42917,"comment_status":"open","ping_status":"closed","sticky":false,"template":"","format":"standard","meta":{"_acf_changed":false,"_lmt_disableupdate":"","_lmt_disable":"","footnotes":""},"categories":[2968,6,3,1,3104,580,8,5],"tags":[11835,45,11834,11833,11832,11831,10,11837,11836,17,987,41],"class_list":["post-42915","post","type-post","status-publish","format-standard","has-post-thumbnail","hentry","category-domaci","category-kultura","category-neprehlednete","category-tema","category-veda","category-vyber-sefredaktora","category-zabava","category-zdravy-styl","tag-arvi-kivimaa","tag-cr","tag-finsky-stredisko-mezinarodni-divadelni-ustav","tag-helsinky","tag-international-theatre-institute-iti","tag-mezinarodni-den-divadla","tag-news","tag-noc-divadel","tag-poselstvi","tag-top","tag-viden","tag-world"],"acf":[],"aioseo_notices":[],"_links":{"self":[{"href":"https:\/\/gnews.cz\/de\/wp-json\/wp\/v2\/posts\/42915","targetHints":{"allow":["GET"]}}],"collection":[{"href":"https:\/\/gnews.cz\/de\/wp-json\/wp\/v2\/posts"}],"about":[{"href":"https:\/\/gnews.cz\/de\/wp-json\/wp\/v2\/types\/post"}],"author":[{"embeddable":true,"href":"https:\/\/gnews.cz\/de\/wp-json\/wp\/v2\/users\/10"}],"replies":[{"embeddable":true,"href":"https:\/\/gnews.cz\/de\/wp-json\/wp\/v2\/comments?post=42915"}],"version-history":[{"count":2,"href":"https:\/\/gnews.cz\/de\/wp-json\/wp\/v2\/posts\/42915\/revisions"}],"predecessor-version":[{"id":42921,"href":"https:\/\/gnews.cz\/de\/wp-json\/wp\/v2\/posts\/42915\/revisions\/42921"}],"wp:featuredmedia":[{"embeddable":true,"href":"https:\/\/gnews.cz\/de\/wp-json\/wp\/v2\/media\/42917"}],"wp:attachment":[{"href":"https:\/\/gnews.cz\/de\/wp-json\/wp\/v2\/media?parent=42915"}],"wp:term":[{"taxonomy":"category","embeddable":true,"href":"https:\/\/gnews.cz\/de\/wp-json\/wp\/v2\/categories?post=42915"},{"taxonomy":"post_tag","embeddable":true,"href":"https:\/\/gnews.cz\/de\/wp-json\/wp\/v2\/tags?post=42915"}],"curies":[{"name":"wp","href":"https:\/\/api.w.org\/{rel}","templated":true}]}}