{"id":42926,"date":"2026-03-28T21:30:00","date_gmt":"2026-03-28T20:30:00","guid":{"rendered":"https:\/\/gnews.cz\/?p=42926"},"modified":"2026-04-01T15:58:32","modified_gmt":"2026-04-01T13:58:32","slug":"gnews-rozhovor-s-poslancem-janem-hrncirem-spd-dil-v-o-iranu-vzdy-je-lepsi-hledat-diplomaticke-reseni","status":"publish","type":"post","link":"https:\/\/gnews.cz\/de\/rozhovory\/gnews-rozhovor-s-poslancem-janem-hrncirem-spd-dil-v-o-iranu-vzdy-je-lepsi-hledat-diplomaticke-reseni\/","title":{"rendered":"GNEWS-Interview mit dem Abgeordneten Jan Hrn\u010d\u00ed\u0159 (SPD), Teil V: zum Iran - es ist immer besser, eine diplomatische L\u00f6sung zu suchen"},"content":{"rendered":"<p><strong>Der Abgeordnete Jan Hrn\u010d\u00ed\u0159 von der Partei \"Freiheit und direkte Demokratie\" (SPD) warnt eindringlich vor den Folgen milit\u00e4rischer Konflikte. In einem Interview betonte er, dass Aggressionen seiner Meinung nach nie etwas l\u00f6sen, sondern im Gegenteil weitere Probleme mit sich bringen, die Europa betreffen k\u00f6nnen.<\/strong> <strong>Im letzten Teil des Interviews f\u00fcr&nbsp;<a href=\"https:\/\/gnews.cz\/de\/\">Gnews.cz<\/a>&nbsp;<\/strong><\/p>\n\n\n\n<figure class=\"wp-block-embed is-provider-youtube wp-block-embed-youtube\"><div class=\"wp-block-embed__wrapper\">\n<iframe title=\"Jan Hrn\u010d\u00ed\u0159 (SPD) zum Iran\" width=\"1170\" height=\"658\" src=\"https:\/\/www.youtube.com\/embed\/eJEgolFQmlU?feature=oembed\" frameborder=\"0\" allow=\"accelerometer; autoplay; clipboard-write; encrypted-media; gyroscope; picture-in-picture; web-share\" referrerpolicy=\"strict-origin-when-cross-origin\" allowfullscreen><\/iframe>\n<\/div><\/figure>\n\n\n\n<p><em>Sie k\u00f6nnen sich auch den vierten Teil unseres Interviews mit Jan Hrn\u010d\u00ed\u0159 anh\u00f6ren<\/em> <strong><a href=\"https:\/\/youtu.be\/_H6TAGFwnDk\">hier<\/a><\/strong><\/p>\n\n\n\n<p><strong>\u201eWir sind gegen jede Aggression. Es ist immer besser, eine diplomatische L\u00f6sung zu suchen\u201c, sagte Hrn\u010d\u00ed\u0159. Er erinnerte daran, dass milit\u00e4rische Interventionen in der Vergangenheit oft zu geteilten Staaten, Migrationswellen und Sicherheitsbedrohungen gef\u00fchrt haben.<\/strong><\/p>\n\n\n\n<p>Als Beispiel nannte er den Konflikt in Syrien, nach dem Europa nicht nur mit einer Migrationskrise, sondern auch mit einer Reihe von Terroranschl\u00e4gen konfrontiert war. Es bestehe ein reales Risiko, dass sich eine \u00e4hnliche Situation wiederholen k\u00f6nnte. \u201eEs k\u00f6nnte zu einem Wiederaufleben islamistischer Anschl\u00e4ge auch auf unserem Territorium kommen\u201c, warnte er.<\/p>\n\n\n\n<p>Er wies auch auf die m\u00f6glichen wirtschaftlichen Auswirkungen hin. Eine weitere Eskalation der Konflikte k\u00f6nnte sich seiner Ansicht nach negativ auf das Wirtschaftswachstum der Europ\u00e4ischen Union auswirken und die Wirtschaft in eine Rezession zur\u00fcckwerfen. Hrn\u010d\u00ed\u0159 \u00e4u\u00dferte sich auch zu den Spannungen mit dem Iran. Er r\u00e4umt zwar ein, dass das Vorgehen der Vereinigten Staaten oder Israels Sicherheitsgr\u00fcnde haben kann, lehnt aber die Beseitigung von politischen F\u00fchrern ohne Gerichtsverfahren ab.<\/p>\n\n\n\n<blockquote class=\"wp-block-quote is-layout-flow wp-block-quote-is-layout-flow\">\n<p><strong>\u201eAuch wenn das Regime sch\u00e4dlich ist, d\u00fcrfen bestimmte Grenzen nicht \u00fcberschritten werden\u201c, betonte er. Er sagte, es sei notwendig, zur Diplomatie zur\u00fcckzukehren und L\u00f6sungen am Verhandlungstisch und nicht auf dem Schlachtfeld zu suchen.<\/strong><\/p>\n<\/blockquote>\n\n\n\n<p>Die Erkl\u00e4rung wirft somit eine grundlegende Frage auf: Besteht in Europa aufgrund der anhaltenden Konflikte die Gefahr einer R\u00fcckkehr zum Terror?<\/p>\n\n\n\n<p><em>Sie k\u00f6nnen sich den vorherigen Teil des Interviews ansehen<\/em>: <strong><a href=\"https:\/\/gnews.cz\/de\/thema\/gnews-rozhovor-s-poslancem-janem-hrncirem-spd-dil-iv-o-fialove-politice-a-co-delat\/\" title=\"\">hier<\/a><\/strong><\/p>\n\n\n\n<p><strong>Allgemeine Nachrichten<\/strong><\/p>","protected":false},"excerpt":{"rendered":"<p>Der Abgeordnete Jan Hrn\u010d\u00ed\u0159 von der Partei \"Freiheit und direkte Demokratie\" (SPD) warnt eindringlich vor den Folgen milit\u00e4rischer Konflikte. In einem Interview betonte er, dass Aggression seiner Meinung nach...<\/p>","protected":false},"author":9,"featured_media":42785,"comment_status":"open","ping_status":"closed","sticky":false,"template":"","format":"standard","meta":{"_acf_changed":false,"_lmt_disableupdate":"","_lmt_disable":"","footnotes":""},"categories":[2968,3,7,2,580,2973],"tags":[2482,8453,45,1523,5327,78,5420,4025,760,11890,11732,11889,10,9267,9960,11755,212,17,5689,11888,11887,41],"class_list":["post-42926","post","type-post","status-publish","format-standard","has-post-thumbnail","hentry","category-domaci","category-neprehlednete","category-politika","category-rozhovory","category-vyber-sefredaktora","category-zahranicni","tag-agrese","tag-bezpecnostni-hrozby","tag-cr","tag-diplomacie","tag-eskalace","tag-evropa","tag-general-news","tag-gnews-cz","tag-iran-3","tag-islamisticke-utoky","tag-jan-hrncir","tag-migracni-krize","tag-news","tag-poslanec","tag-riziko","tag-svoboda-a-prima-demokracie-spd","tag-syrie","tag-top","tag-top2","tag-vojenske-zasahy","tag-vojenskych-konfliktu","tag-world"],"acf":[],"aioseo_notices":[],"_links":{"self":[{"href":"https:\/\/gnews.cz\/de\/wp-json\/wp\/v2\/posts\/42926","targetHints":{"allow":["GET"]}}],"collection":[{"href":"https:\/\/gnews.cz\/de\/wp-json\/wp\/v2\/posts"}],"about":[{"href":"https:\/\/gnews.cz\/de\/wp-json\/wp\/v2\/types\/post"}],"author":[{"embeddable":true,"href":"https:\/\/gnews.cz\/de\/wp-json\/wp\/v2\/users\/9"}],"replies":[{"embeddable":true,"href":"https:\/\/gnews.cz\/de\/wp-json\/wp\/v2\/comments?post=42926"}],"version-history":[{"count":3,"href":"https:\/\/gnews.cz\/de\/wp-json\/wp\/v2\/posts\/42926\/revisions"}],"predecessor-version":[{"id":43281,"href":"https:\/\/gnews.cz\/de\/wp-json\/wp\/v2\/posts\/42926\/revisions\/43281"}],"wp:featuredmedia":[{"embeddable":true,"href":"https:\/\/gnews.cz\/de\/wp-json\/wp\/v2\/media\/42785"}],"wp:attachment":[{"href":"https:\/\/gnews.cz\/de\/wp-json\/wp\/v2\/media?parent=42926"}],"wp:term":[{"taxonomy":"category","embeddable":true,"href":"https:\/\/gnews.cz\/de\/wp-json\/wp\/v2\/categories?post=42926"},{"taxonomy":"post_tag","embeddable":true,"href":"https:\/\/gnews.cz\/de\/wp-json\/wp\/v2\/tags?post=42926"}],"curies":[{"name":"wp","href":"https:\/\/api.w.org\/{rel}","templated":true}]}}