{"id":42942,"date":"2026-03-28T15:30:00","date_gmt":"2026-03-28T14:30:00","guid":{"rendered":"https:\/\/gnews.cz\/?p=42942"},"modified":"2026-04-28T21:11:49","modified_gmt":"2026-04-28T19:11:49","slug":"slovanska-epopej-alfonse-muchy-obraz-dvacaty-apotheosa-z-dejin-slovanstva-ctyri-obdobi-slovanstva-ve-ctyrech-barvach","status":"publish","type":"post","link":"https:\/\/gnews.cz\/de\/tema\/slovanska-epopej-alfonse-muchy-obraz-dvacaty-apotheosa-z-dejin-slovanstva-ctyri-obdobi-slovanstva-ve-ctyrech-barvach\/","title":{"rendered":"Das slawische Epos von Alfons Mucha - das zwanzigste Gem\u00e4lde: Die Apotheose aus der Geschichte des Slawentums. Vier Epochen der slawischen Geschichte in vier Farben"},"content":{"rendered":"<p><strong>Das zwanzigste Bild. Sie schweben in einem Raum, in dem die Zeit keine Linie, sondern ein fester, starker Kreis ist - und in dessen Zentrum das Gem\u00e4lde Das Slawen-Epos, Apotheose des Slawentums von Alfons Mucha dominierend pulsiert. Auf dem H\u00f6hepunkt dieses brillanten Zyklus geht es unter anderem um eine Kosmologie, die buchst\u00e4blich in Farben, Figuren und Symbolen verk\u00f6rpert ist; es ist eine mystische Karte des kollektiven Ged\u00e4chtnisses, die auf der Realit\u00e4t und dem historischen Erbe basiert, das sich wie ein endloser und s\u00fc\u00dfer Fluss \u00fcber die Jahrhunderte ergie\u00dft. Die Komposition entfaltet sich wie ein spirituelles Mandala. Die vier Farbstr\u00f6me sind hier nicht nur ein \u00e4sthetisches Tableau, sondern ein ontologischer Ausdruck des Flusses der Geschichte. In der rechten unteren Ecke ist die blaue Farbe buchst\u00e4blich tief, fast fl\u00fcssig, wie eine Quelle des Unbewussten. Es ist der urzeitliche, mythische Anfang, wo die Slawen aus dem Nebel des Waldes, des Wassers und der unruhigen Zeiten geboren werden. Das Blau ist hier nicht kalt, sondern m\u00fctterlich, es tr\u00e4gt die Stille vor den Worten, das Potenzial der Geschichte vor der Tat.<\/strong><\/p>\n\n\n\n<p>Der Gegenpol, Rot oben links, ist wie eine blutige Narbe und gleichzeitig wie ein Banner. Diese Farbe b\u00fcndelt das Feuer der Hussitenkriege - Blut und Glaube, Zerst\u00f6rung, Wiedergeburt und Unbesiegbarkeit. Rot ist hier nicht nur ein konfrontatives Element, sondern buchst\u00e4blich die eruptive Energie des Widerstands, der Moment, in dem die Geschichte bricht und der Mensch sich seinem Schicksal stellt. Zwischen diesen Polen windet sich eine dunkle Masse, auf den ersten Blick eine Art Figur in Schwarz, die die Unterdr\u00fcckung personifiziert. Sie sind nicht individualisiert, eher schemenhaft, als w\u00e4ren sie Archetypen des Feindes selbst. In ihrer Gegenwart klingen die \u00dcberf\u00e4lle der Franken, der Awaren und der sp\u00e4teren Herrschaft an. Hier absorbiert die Schw\u00e4rze das Licht, ist die Last der Geschichte, schafft aber gleichzeitig einen Kontrast, ohne den das Licht der Hoffnung gar nicht zu erkennen w\u00e4re.<\/p>\n\n\n\n<p>Wie in den vorangegangenen Gem\u00e4lden kommt die Hoffnung wieder in Form von Gelb daher - eine Farbe, die nicht blendet, sondern leuchtet. Die in sie getauchten Figuren wirken nicht triumphierend in einem aggressiven Sinne, sondern tragen vielmehr ein ruhiges Bewusstsein der Erf\u00fcllung in sich. Es ist das Licht der Vers\u00f6hnung, der Freiheit und der Einheit, eine Art eschatologischer Horizont, an dem sich die Geschichte in Harmonie schlie\u00dft. Im Zentrum des Gem\u00e4ldes steht ein kr\u00e4ftiger junger Mann mit ausgebreiteten Armen - eine Figur, die keine bestimmte Person ist, sondern eine Verk\u00f6rperung kollektiven Leidens und kollektiver Hoffnung. Seine starke pathetische Geste spiegelt das Motiv von Christus als Opfer und Erl\u00f6sung wider. Es handelt sich jedoch nicht um eine Kopie, sondern um eine Transposition, bei der der slawische Mann Tr\u00e4ger seiner eigenen Heilsgeschichte ist.<\/p>\n\n\n\n<p>Um sie herum entfalten sich Kreise von Kr\u00e4nzen, deren zyklische Form an Einheit und Ewigkeit erinnert. Die jungen Menschen mit den Lindenzweigen sind ein Symbol der slawischen Identit\u00e4t, die der Vergangenheit glaubw\u00fcrdig Tribut zollen, sie aber gleichzeitig auch umgestalten. Unter ihnen kann man sogar eine Anspielung auf die tschechoslowakischen Legionen erkennen, deren Anwesenheit den Mythos mit der modernen Geschichte verbindet. Dar\u00fcber hinaus gibt es weitere ernsthafte Zeichen, die Taube als stiller Hauch des Friedens und der Regenbogen als eine Art Br\u00fccke zwischen allen existierenden Welten. Diese Symbole sind keine Dekoration, sondern die Sprache, durch die das Gem\u00e4lde von der \u00dcberwindung von Dualit\u00e4ten wie Krieg und Frieden, Leid und Freude, Vergangenheit und Zukunft spricht.<\/p>\n\n\n\n<p>Das Ganze f\u00fchlt sich an wie eine spirituelle Landschaft, in der die Zeit nicht linear verl\u00e4uft, und ich wage es, mein Lieblingswort zu benutzen: vielschichtig. Hier weicht die Vergangenheit nicht zur\u00fcck, sondern bleibt als Energie bestehen, die die Gegenwart und die Zukunft pr\u00e4gt. So schafft Mucha nicht nur ein historisches Bild, sondern eine gewaltige metaphysische Vision, die uns auffordert, die Geschichte als einen Prozess zu begreifen, der sich auf die Einheit zubewegen muss, weil sonst die Slawen aufh\u00f6ren werden zu existieren. In dieser Apotheose ist der Triumph nicht der Schrei der Sieger, sondern das stille, heilsame Licht der Erkenntnis.<\/p>\n\n\n\n<p><strong>Lesen Sie auch:<\/strong> <a href=\"https:\/\/gnews.cz\/de\/thema\/slovanska-epopej-alfonse-muchy-obraz-sesnacty-jan-amos-komensky-ucitel-narodu-plaminek-nadeje\/\" title=\"\"><strong>Slawisches Epos von Alfons Mucha - Gem\u00e4lde <a href=\"https:\/\/gnews.cz\/wp-admin\/post.php?post=42322&amp;action=edit\">Neunzehnte: Abschaffung der Leibeigenschaft in Russland. Freie Arbeit - der Lehrplan der Nationen<\/a><\/strong><\/a><\/p>\n\n\n\n<p><strong>Jan Vojt\u011bch, Chefredakteur, Allgemeine Nachrichten<\/strong><\/p>","protected":false},"excerpt":{"rendered":"<p>Das zwanzigste Bild. Du schwebst in einem Raum, in dem die Zeit keine Linie ist, sondern ein fester, kraftvoller Kreis - und in dessen Zentrum sie dominant pulsiert...<\/p>","protected":false},"author":10,"featured_media":42945,"comment_status":"open","ping_status":"closed","sticky":false,"template":"","format":"standard","meta":{"_acf_changed":false,"_lmt_disableupdate":"","_lmt_disable":"","footnotes":""},"categories":[2968,6,3,1,3104,580,8,5],"tags":[411,11875,11883,11873,11874,11882,45,11884,11872,11880,7668,10948,11881,9713,7051,8601,755,11878,11877,10712,10,410,9509,11871,17,8547,5689,11885,11879,41,11876],"class_list":["post-42942","post","type-post","status-publish","format-standard","has-post-thumbnail","hentry","category-domaci","category-kultura","category-neprehlednete","category-tema","category-veda","category-vyber-sefredaktora","category-zabava","category-zdravy-styl","tag-alfons-mucha","tag-apoteoza-slovanstva","tag-avari","tag-barevna-symbolika","tag-cerna-barva","tag-cervena-barva","tag-cr","tag-ceskoslovenske-legie","tag-duchovni-rozmer","tag-duha","tag-frankove","tag-historicka-pamet","tag-holubice","tag-husitske-valky","tag-jednota","tag-kristus","tag-mir","tag-modra-barva","tag-mytologie","tag-narodni-identita","tag-news","tag-slovanska-epopej","tag-slovanska-historie","tag-symbolismus","tag-top","tag-top-2","tag-top2","tag-umelecka-analyza","tag-utlak-slovanu","tag-world","tag-zluta-barva"],"acf":[],"aioseo_notices":[],"_links":{"self":[{"href":"https:\/\/gnews.cz\/de\/wp-json\/wp\/v2\/posts\/42942","targetHints":{"allow":["GET"]}}],"collection":[{"href":"https:\/\/gnews.cz\/de\/wp-json\/wp\/v2\/posts"}],"about":[{"href":"https:\/\/gnews.cz\/de\/wp-json\/wp\/v2\/types\/post"}],"author":[{"embeddable":true,"href":"https:\/\/gnews.cz\/de\/wp-json\/wp\/v2\/users\/10"}],"replies":[{"embeddable":true,"href":"https:\/\/gnews.cz\/de\/wp-json\/wp\/v2\/comments?post=42942"}],"version-history":[{"count":4,"href":"https:\/\/gnews.cz\/de\/wp-json\/wp\/v2\/posts\/42942\/revisions"}],"predecessor-version":[{"id":44877,"href":"https:\/\/gnews.cz\/de\/wp-json\/wp\/v2\/posts\/42942\/revisions\/44877"}],"wp:featuredmedia":[{"embeddable":true,"href":"https:\/\/gnews.cz\/de\/wp-json\/wp\/v2\/media\/42945"}],"wp:attachment":[{"href":"https:\/\/gnews.cz\/de\/wp-json\/wp\/v2\/media?parent=42942"}],"wp:term":[{"taxonomy":"category","embeddable":true,"href":"https:\/\/gnews.cz\/de\/wp-json\/wp\/v2\/categories?post=42942"},{"taxonomy":"post_tag","embeddable":true,"href":"https:\/\/gnews.cz\/de\/wp-json\/wp\/v2\/tags?post=42942"}],"curies":[{"name":"wp","href":"https:\/\/api.w.org\/{rel}","templated":true}]}}