{"id":42971,"date":"2026-03-29T19:30:00","date_gmt":"2026-03-29T17:30:00","guid":{"rendered":"https:\/\/gnews.cz\/?p=42971"},"modified":"2026-03-29T19:18:52","modified_gmt":"2026-03-29T17:18:52","slug":"cesko-a-slovensko-obnovuji-mezivladni-konzultace-po-trilete-pauze","status":"publish","type":"post","link":"https:\/\/gnews.cz\/de\/tema\/cesko-a-slovensko-obnovuji-mezivladni-konzultace-po-trilete-pauze\/","title":{"rendered":"Tschechische Republik und Slowakei nehmen Regierungskonsultationen nach dreij\u00e4hriger Unterbrechung wieder auf"},"content":{"rendered":"<p><strong>PRAG - Nach drei Jahren werden die tschechische und die slowakische Regierung am Dienstag zu einem gemeinsamen Treffen zusammenkommen. Die Regierungskonsultationen, die in der Vergangenheit ein Symbol f\u00fcr die \u00fcberdurchschnittlichen Beziehungen zwischen den beiden L\u00e4ndern waren, fanden zuletzt im M\u00e4rz 2023 statt und wurden anschlie\u00dfend von der damaligen Regierung unter Premierminister Petr Fiala aufgrund von Differenzen in der Au\u00dfenpolitik ausgesetzt. Das Treffen der Minister der beiden Kabinette wird auf dem Schloss Nov\u00e1 Horka in der Region Novoji\u010d\u00edn stattfinden. Laut offiziellem Programm beginnt das Treffen um 11:30 Uhr, eine Pressekonferenz ist f\u00fcr 14:00 Uhr geplant. Die Hauptthemen werden voraussichtlich nicht nur au\u00dfenpolitische Fragen sein, sondern auch die wirtschaftliche Zusammenarbeit, Energie und Verkehrsinfrastruktur. <\/strong><\/p>\n\n\n\n<p>Die Wiederaufnahme der gemeinsamen Konsultationen wird als ein wichtiger Schritt zur Beruhigung der Beziehungen zwischen den beiden L\u00e4ndern angesehen. Diese waren in den letzten Jahren durch unterschiedliche Auffassungen in wichtigen internationalen Fragen gepr\u00e4gt, darunter die Haltung zum Krieg in der Ukraine und einige Entscheidungen der Europ\u00e4ischen Union. Politische Analysten weisen jedoch darauf hin, dass die Beziehungen zwischen Prag und Bratislava trotz dieser Differenzen stabil und historisch gesehen sehr eng sind. Es gibt eine lange Tradition gemeinsamer Verhandlungen zwischen den Regierungen, die bis in die Zeit nach der Teilung der Tschechoslowakei im Jahr 1993 zur\u00fcckreicht. Ziel der regelm\u00e4\u00dfigen Treffen war es, die Fortschritte beider L\u00e4nder in einer Reihe von Bereichen zu koordinieren und die gegenseitige Zusammenarbeit zu st\u00e4rken. <\/p>\n\n\n\n<blockquote class=\"wp-block-quote is-layout-flow wp-block-quote-is-layout-flow\">\n<p><strong>Ihre Abschaffung im Jahr 2024 hat daher nicht nur in politischen Kreisen, sondern auch in der \u00d6ffentlichkeit Aufmerksamkeit erregt.<br>Analysten sind sich einig, dass die Wiederaufnahme des Dialogs dazu beitragen kann, die Kommunikation zu verbessern und gemeinsame Positionen innerhalb der Europ\u00e4ischen Union und anderer internationaler Strukturen zu finden. Gleichzeitig weisen sie jedoch darauf hin, dass die Unterschiede in den politischen Priorit\u00e4ten der beiden Regierungen nicht v\u00f6llig verschwunden sind und weiterhin Gegenstand von Verhandlungen sein werden. Das Treffen am Dienstag wird daher nicht nur eine symbolische R\u00fcckkehr zu einer traditionellen Form der Zusammenarbeit sein, sondern auch ein Test f\u00fcr die F\u00e4higkeit der beiden Regierungen, einen Kompromiss in Fragen zu finden, die sie in den letzten Jahren entzweit haben. Es wird erwartet, dass die Ergebnisse der Verhandlungen und konkrete Vereinbarungen heute Nachmittag auf einer Pressekonferenz der \u00d6ffentlichkeit vorgestellt werden.<\/strong><\/p>\n<\/blockquote>\n\n\n\n<p><strong>gnews.cz - GH<\/strong><\/p>","protected":false},"excerpt":{"rendered":"<p>PRAG - Nach drei Jahren werden die tschechische und die slowakische Regierung am Dienstag zu einem gemeinsamen Treffen zusammenkommen. Die zwischenstaatlichen Konsultationen, die in der Vergangenheit...<\/p>","protected":false},"author":10,"featured_media":42973,"comment_status":"open","ping_status":"closed","sticky":false,"template":"","format":"standard","meta":{"_acf_changed":false,"_lmt_disableupdate":"","_lmt_disable":"","footnotes":""},"categories":[2968,3,7,1,580,2973],"tags":[5754,45,5372,11922,1523,4094,11923,11924,9185,10,11921,419,9261,6934,32,714,2438,17,29,92,41,4383],"class_list":["post-42971","post","type-post","status-publish","format-standard","has-post-thumbnail","hentry","category-domaci","category-neprehlednete","category-politika","category-tema","category-vyber-sefredaktora","category-zahranicni","tag-andrej-babis","tag-cr","tag-cesko","tag-cesko-slovenske-vztahy","tag-diplomacie","tag-evropska-unie","tag-evropske-unie","tag-mezinarodni-otazky","tag-mezivladni-konzultace","tag-news","tag-nova-horka","tag-petr-fiala","tag-robrt-fico","tag-slovenska-republika","tag-slovensko","tag-spoluprace","tag-tiskova-konference","tag-top","tag-ukrajina","tag-vlada","tag-world","tag-zahranicni-politika"],"acf":[],"aioseo_notices":[],"_links":{"self":[{"href":"https:\/\/gnews.cz\/de\/wp-json\/wp\/v2\/posts\/42971","targetHints":{"allow":["GET"]}}],"collection":[{"href":"https:\/\/gnews.cz\/de\/wp-json\/wp\/v2\/posts"}],"about":[{"href":"https:\/\/gnews.cz\/de\/wp-json\/wp\/v2\/types\/post"}],"author":[{"embeddable":true,"href":"https:\/\/gnews.cz\/de\/wp-json\/wp\/v2\/users\/10"}],"replies":[{"embeddable":true,"href":"https:\/\/gnews.cz\/de\/wp-json\/wp\/v2\/comments?post=42971"}],"version-history":[{"count":1,"href":"https:\/\/gnews.cz\/de\/wp-json\/wp\/v2\/posts\/42971\/revisions"}],"predecessor-version":[{"id":42972,"href":"https:\/\/gnews.cz\/de\/wp-json\/wp\/v2\/posts\/42971\/revisions\/42972"}],"wp:featuredmedia":[{"embeddable":true,"href":"https:\/\/gnews.cz\/de\/wp-json\/wp\/v2\/media\/42973"}],"wp:attachment":[{"href":"https:\/\/gnews.cz\/de\/wp-json\/wp\/v2\/media?parent=42971"}],"wp:term":[{"taxonomy":"category","embeddable":true,"href":"https:\/\/gnews.cz\/de\/wp-json\/wp\/v2\/categories?post=42971"},{"taxonomy":"post_tag","embeddable":true,"href":"https:\/\/gnews.cz\/de\/wp-json\/wp\/v2\/tags?post=42971"}],"curies":[{"name":"wp","href":"https:\/\/api.w.org\/{rel}","templated":true}]}}