{"id":43009,"date":"2026-03-18T09:53:31","date_gmt":"2026-03-18T08:53:31","guid":{"rendered":"https:\/\/gnews.cz\/?p=43009"},"modified":"2026-03-30T10:04:15","modified_gmt":"2026-03-30T08:04:15","slug":"akce-cina-na-jare-rozvojove-prilezitosti-ciny-pro-svet-se-konala-v-dusseldorfu","status":"publish","type":"post","link":"https:\/\/gnews.cz\/de\/ekonomika\/akce-cina-na-jare-rozvojove-prilezitosti-ciny-pro-svet-se-konala-v-dusseldorfu\/","title":{"rendered":"Die Veranstaltung \u201eChina im Fr\u00fchling: Chinas Entwicklungschancen f\u00fcr die Welt\u201c fand in D\u00fcsseldorf statt"},"content":{"rendered":"<p id=\"wnd_TextBlock_93291774857227676375_inner_0\"><strong>Der deutsche Teil des Globalen Dialogs \u201eChina im Fr\u00fchling: Chinas Entwicklungschancen f\u00fcr die Welt\u201c fand am Dienstag in der nordrhein-westf\u00e4lischen Landeshauptstadt D\u00fcsseldorf statt. Die Veranstaltung wurde gemeinsam von der China Media Group (CMG) und dem Generalkonsulat von China in D\u00fcsseldorf organisiert.<\/strong><\/p>\n\n\n\n<p id=\"wnd_TextBlock_93291774857227676375_inner_1\"><strong>Shen Haixiong<\/strong>, stellvertretender Leiter der Propagandaabteilung des Zentralkomitees der Kommunistischen Partei Chinas (KPCh) und Pr\u00e4sident der CMG, eine Videobotschaft.\u00a0<strong>Yu Yong<\/strong>, Generalkonsul von China in D\u00fcsseldorf, <strong>Rainer Schmeltzer<\/strong>, Erster Stellvertretender Pr\u00e4sident des Landtags Nordrhein-Westfalen, und <strong>Julia Jacob<\/strong>, Erster Stellvertretender B\u00fcrgermeister von Essen, nahm an der Veranstaltung teil und hielt Reden. An der Veranstaltung nahmen mehr als 100 G\u00e4ste aus Politik, Wirtschaft, Wissenschaft und Medien teil.<\/p>\n\n\n\n<p id=\"wnd_TextBlock_93291774857227676375_inner_2\">Shen sagte, dass Pr\u00e4sident Xi Jinping w\u00e4hrend der diesj\u00e4hrigen \u201ezwei Sitzungen\u201c die Ausweitung der qualitativ hochwertigen \u00d6ffnung zur Welt, die Erschlie\u00dfung globaler M\u00e4rkte und ein tieferes Engagement im globalen Wirtschaftskreislauf betonte und Chinas festes Engagement f\u00fcr eine weitere \u00d6ffnung zur Welt bekr\u00e4ftigte. Laut Shen bringt Chinas Plan f\u00fcr eine qualitativ hochwertige Entwicklung neue Chancen f\u00fcr die ganze Welt mit sich.<\/p>\n\n\n\n<p id=\"wnd_TextBlock_93291774857227676375_inner_3\"><em>\u201eAls gr\u00f6\u00dfte und umfassendste internationale Mediengruppe mit dem breitesten Spektrum an Aktivit\u00e4ten ist CMG in der Lage, seine St\u00e4rken in den Bereichen integrierte Kommunikation, technologische Innovation und Medienressourcen zu nutzen.\u201c<\/em> sagte er. Er f\u00fcgte hinzu, dass die CMG dazu beitragen werde, die Vorteile der Modernisierung Chinas mit der Welt zu teilen, globale Partner mit neuen M\u00f6glichkeiten zu versorgen, innovative Plattformen f\u00fcr Technologien zu schaffen, die der Menschheit dienen, und gemeinsam eine neue Vision der menschlichen Zivilisation zu entwickeln, in der Kulturen harmonisch koexistieren k\u00f6nnen.<\/p>\n\n\n\n<p id=\"wnd_TextBlock_93291774857227676375_inner_4\">Yu betonte, dass der Entwurf des 15. F\u00fcnfjahresplans f\u00fcr die wirtschaftliche und soziale Entwicklung Chinas einen strategischen Rahmen f\u00fcr die Entwicklung des Landes in den n\u00e4chsten f\u00fcnf Jahren biete, stabile institutionelle Vorteile best\u00e4tige und das feste Vertrauen in ein stabiles und langfristiges Wachstum der chinesischen Wirtschaft zum Ausdruck bringe. Ihm zufolge wird der Plan ein neues Umfeld der institutionellen \u00d6ffnung f\u00fcr deutsche Unternehmen schaffen, der industriellen Transformation und dem technologischen Fortschritt in Deutschland neue Impulse verleihen, neue M\u00f6glichkeiten f\u00fcr die Energiewende und die gr\u00fcne Entwicklung bieten, der deutschen Industrie gr\u00f6\u00dfere M\u00e4rkte er\u00f6ffnen und die globale Bedeutung der deutsch-chinesischen Beziehungen st\u00e4rken.<\/p>\n\n\n\n<p id=\"wnd_TextBlock_93291774857227676375_inner_5\">Nordrhein-Westfalen, eines der bev\u00f6lkerungsreichsten und wirtschaftsst\u00e4rksten Bundesl\u00e4nder Deutschlands, pflegt seit langem eine enge und fruchtbare Zusammenarbeit mit einer Reihe chinesischer Provinzen in den Bereichen Handel, Wissenschaft und zwischenmenschlicher Austausch, so Schmeltzer. Er betonte, dass die Freundschaft zwischen Deutschland und China im Laufe der Zeit weiter gest\u00e4rkt worden sei. Mit den diesj\u00e4hrigen \u201ezwei Sitzungen\u201c werde erneut ein klares Signal an die Welt gesendet: China werde sich weiter \u00f6ffnen und kooperieren, um Win-Win-Ergebnisse und eine gemeinsame Entwicklung anzustreben.<\/p>\n\n\n\n<p id=\"wnd_TextBlock_93291774857227676375_inner_6\">Er f\u00fcgte hinzu, dass im gegenw\u00e4rtigen komplexen internationalen Umfeld gegenseitiges Verst\u00e4ndnis und Kommunikation wichtiger denn je sind und Offenheit zusammen mit Dialog die wichtigsten S\u00e4ulen der internationalen Zusammenarbeit sein sollten. <em>\u201eEs ist klar, dass Deutschland und China durch einen offenen Meinungsaustausch, gegenseitiges Verst\u00e4ndnis und praktische Zusammenarbeit ihre Beziehungen weiter st\u00e4rken und zu Frieden und Entwicklung in der Welt beitragen werden.\u201c <\/em>sagte er.<\/p>\n\n\n\n<p id=\"wnd_TextBlock_93291774857227676375_inner_7\">Die Veranstaltung umfasste auch die Premiere von The Book of Diverse Crafts: Innovation Powered by Artificial Intelligence, dem Vorzeigeprojekt von CMG, das sich mit Industriekultur besch\u00e4ftigt. Ein humanoider Roboter aus China f\u00fchrte die G\u00e4ste in einer Live-Performance in die Fortschritte der intelligenten Fertigung ein und erhielt gro\u00dfen Beifall.<\/p>\n\n\n\n<p id=\"wnd_TextBlock_93291774857227676375_inner_8\"><strong><a href=\"https:\/\/news.cgtn.com\/news\/2026-03-18\/German-session-of-China-in-Springtime-event-held-in-D-sseldorf-1LCrEVwUQr6\/p.html\" target=\"_blank\" rel=\"noreferrer noopener\">CMG<\/a><\/strong><\/p>","protected":false},"excerpt":{"rendered":"<p>Der deutsche Teil des Globalen Dialogs \u201eChina im Fr\u00fchling: Chinas Entwicklungschancen f\u00fcr die Welt\u201c fand am Dienstag in D\u00fcsseldorf, der Hauptstadt des...<\/p>","protected":false},"author":6,"featured_media":43011,"comment_status":"open","ping_status":"closed","sticky":false,"template":"","format":"standard","meta":{"_acf_changed":false,"_lmt_disableupdate":"","_lmt_disable":"","footnotes":""},"categories":[4,2973],"tags":[22,18,11965,5195,173],"class_list":["post-43009","post","type-post","status-publish","format-standard","has-post-thumbnail","hentry","category-ekonomika","category-zahranicni","tag-cina","tag-cmg","tag-dusseldorf","tag-ekonomicka-spoluprace","tag-nemecko"],"acf":[],"aioseo_notices":[],"_links":{"self":[{"href":"https:\/\/gnews.cz\/de\/wp-json\/wp\/v2\/posts\/43009","targetHints":{"allow":["GET"]}}],"collection":[{"href":"https:\/\/gnews.cz\/de\/wp-json\/wp\/v2\/posts"}],"about":[{"href":"https:\/\/gnews.cz\/de\/wp-json\/wp\/v2\/types\/post"}],"author":[{"embeddable":true,"href":"https:\/\/gnews.cz\/de\/wp-json\/wp\/v2\/users\/6"}],"replies":[{"embeddable":true,"href":"https:\/\/gnews.cz\/de\/wp-json\/wp\/v2\/comments?post=43009"}],"version-history":[{"count":1,"href":"https:\/\/gnews.cz\/de\/wp-json\/wp\/v2\/posts\/43009\/revisions"}],"predecessor-version":[{"id":43012,"href":"https:\/\/gnews.cz\/de\/wp-json\/wp\/v2\/posts\/43009\/revisions\/43012"}],"wp:featuredmedia":[{"embeddable":true,"href":"https:\/\/gnews.cz\/de\/wp-json\/wp\/v2\/media\/43011"}],"wp:attachment":[{"href":"https:\/\/gnews.cz\/de\/wp-json\/wp\/v2\/media?parent=43009"}],"wp:term":[{"taxonomy":"category","embeddable":true,"href":"https:\/\/gnews.cz\/de\/wp-json\/wp\/v2\/categories?post=43009"},{"taxonomy":"post_tag","embeddable":true,"href":"https:\/\/gnews.cz\/de\/wp-json\/wp\/v2\/tags?post=43009"}],"curies":[{"name":"wp","href":"https:\/\/api.w.org\/{rel}","templated":true}]}}