{"id":43047,"date":"2026-03-24T12:28:52","date_gmt":"2026-03-24T11:28:52","guid":{"rendered":"https:\/\/gnews.cz\/?p=43047"},"modified":"2026-03-30T12:36:33","modified_gmt":"2026-03-30T10:36:33","slug":"spoluprace-by-mela-byt-zalozena-na-principech-otevrenosti-a-inovaci","status":"publish","type":"post","link":"https:\/\/gnews.cz\/de\/ekonomika\/spoluprace-by-mela-byt-zalozena-na-principech-otevrenosti-a-inovaci\/","title":{"rendered":"Die Zusammenarbeit sollte auf den Grunds\u00e4tzen der Offenheit und Innovation beruhen"},"content":{"rendered":"<p><strong>Die Fragen der internationalen Zusammenarbeit in der asiatisch-pazifischen Region und die Aussichten f\u00fcr die globale wirtschaftliche Entwicklung geh\u00f6rten zu den Themen, \u00fcber die Generalsekret\u00e4r Roman Bla\u0161ko in den letzten Tagen sprach. In seiner Rede betonte er die Bedeutung des Dialogs zwischen den Staaten und die Notwendigkeit, stabile Beziehungen zwischen Europa und einem sich dynamisch entwickelnden Asien aufzubauen. Bla\u0161ko zufolge ist die wachsende Zusammenarbeit zwischen den L\u00e4ndern des asiatisch-pazifischen Raums einer der Schl\u00fcsselfaktoren f\u00fcr die k\u00fcnftige wirtschaftliche und technologische Entwicklung. Er wies darauf hin, dass gerade in diesem Raum neue wirtschaftliche und politische Initiativen entstehen, die die Weltwirtschaft in den kommenden Jahrzehnten beeinflussen k\u00f6nnten.<\/strong><\/p>\n\n\n\n<p id=\"wnd_TextBlock_74381774866716482169_inner_1\"><em>\u201eWir befinden uns in einer Zeit, in der sich die Welt allm\u00e4hlich ver\u00e4ndert. Der asiatisch-pazifische Raum wird zu einem der wichtigsten Zentren f\u00fcr wirtschaftliches Wachstum und technologische Innovation\u201c.\u201c <\/em>sagte Bla\u0161ko. Daher sei es f\u00fcr die europ\u00e4ischen L\u00e4nder und andere Regionen wichtig, einen offenen Dialog zu entwickeln und neue Formen der Partnerschaft zu suchen.<\/p>\n\n\n\n<p id=\"wnd_TextBlock_74381774866716482169_inner_2\">Der Generalsekret\u00e4r betonte auch, dass die Zusammenarbeit zwischen den Staaten in erster Linie auf den Grunds\u00e4tzen der Offenheit, der Innovation und des gegenseitigen Respekts beruhen sollte. Diese Werte erm\u00f6glichten nicht nur die Entwicklung wirtschaftlicher Beziehungen, sondern auch die St\u00e4rkung der Stabilit\u00e4t und eines friedlichen Umfelds, so der Generalsekret\u00e4r.<\/p>\n\n\n\n<p id=\"wnd_TextBlock_74381774866716482169_inner_3\"><em>\u201eOffenheit zwischen Partnern schafft Vertrauen und erm\u00f6glicht es uns, gemeinsame L\u00f6sungen zu finden. Innovation f\u00fchrt dann zu konkreten Ergebnissen und Projekten, die das Leben der Menschen verbessern k\u00f6nnen\u201c.\u201c <\/em>sagte Bla\u0161ko. Er f\u00fcgte hinzu, dass die moderne Welt vor einer Reihe von Herausforderungen stehe - vom technologischen Wandel bis hin zu Sicherheit und nachhaltiger Entwicklung.<\/p>\n\n\n\n<p id=\"wnd_TextBlock_74381774866716482169_inner_4\">In diesem Zusammenhang erinnerte er auch an die Bedeutung der Zusammenarbeit zwischen Staaten und Nationen. Ihm zufolge k\u00f6nnen koordinierte Ma\u00dfnahmen weitaus gr\u00f6\u00dfere Ergebnisse erzielen als isolierte Aktionen einzelner L\u00e4nder. <em>\u201eDie Geschichte lehrt uns, dass gemeinsame Anstrengungen zu wesentlich gr\u00f6\u00dferen Ergebnissen f\u00fchren k\u00f6nnen als Einzelaktionen. Wenn wir die Zusammenarbeit ausbauen und ein friedliches Umfeld schaffen, kann dies die menschliche Entwicklung erheblich voranbringen\u201c.\u201c<\/em> sagte Bla\u0161ko.<\/p>\n\n\n\n<p id=\"wnd_TextBlock_74381774866716482169_inner_5\">Die Kommunistische Partei der Tschechoslowakei, deren Generalsekret\u00e4r Bla\u0161ko seit 2022 ist, ist eine der au\u00dferparlamentarischen politischen Parteien, die in der Tschechischen Republik aktiv sind. Bla\u0161ko zufolge ist es daher wichtig, den Dialog zwischen den verschiedenen politischen und wirtschaftlichen Zentren der Welt fortzusetzen und Projekte zu unterst\u00fctzen, die zu langfristiger Stabilit\u00e4t und zur Entwicklung der internationalen Zusammenarbeit beitragen k\u00f6nnen.<\/p>\n\n\n\n<p id=\"wnd_TextBlock_74381774866716482169_inner_6\"><strong><a href=\"https:\/\/czech.cgtn.com\/2026\/03\/24\/ARTI1774261521784128\" target=\"_blank\" rel=\"noreferrer noopener\">CMG<\/a><\/strong><\/p>","protected":false},"excerpt":{"rendered":"<p>Fragen der internationalen Zusammenarbeit in der asiatisch-pazifischen Region und die Aussichten f\u00fcr die globale wirtschaftliche Entwicklung geh\u00f6rten zu den Themen, die in den letzten Tagen von...<\/p>","protected":false},"author":6,"featured_media":43049,"comment_status":"open","ping_status":"closed","sticky":false,"template":"","format":"video","meta":{"_acf_changed":false,"_lmt_disableupdate":"","_lmt_disable":"","footnotes":""},"categories":[4,2973],"tags":[11987,18,1064,67,6898,10535],"class_list":["post-43047","post","type-post","status-publish","format-video","has-post-thumbnail","hentry","category-ekonomika","category-zahranicni","tag-asijsko-pacificky-region","tag-cmg","tag-inovace","tag-mezinarodni-spoluprace","tag-otevrenost","tag-roman-blasko","post_format-post-format-video"],"acf":[],"aioseo_notices":[],"_links":{"self":[{"href":"https:\/\/gnews.cz\/de\/wp-json\/wp\/v2\/posts\/43047","targetHints":{"allow":["GET"]}}],"collection":[{"href":"https:\/\/gnews.cz\/de\/wp-json\/wp\/v2\/posts"}],"about":[{"href":"https:\/\/gnews.cz\/de\/wp-json\/wp\/v2\/types\/post"}],"author":[{"embeddable":true,"href":"https:\/\/gnews.cz\/de\/wp-json\/wp\/v2\/users\/6"}],"replies":[{"embeddable":true,"href":"https:\/\/gnews.cz\/de\/wp-json\/wp\/v2\/comments?post=43047"}],"version-history":[{"count":1,"href":"https:\/\/gnews.cz\/de\/wp-json\/wp\/v2\/posts\/43047\/revisions"}],"predecessor-version":[{"id":43048,"href":"https:\/\/gnews.cz\/de\/wp-json\/wp\/v2\/posts\/43047\/revisions\/43048"}],"wp:featuredmedia":[{"embeddable":true,"href":"https:\/\/gnews.cz\/de\/wp-json\/wp\/v2\/media\/43049"}],"wp:attachment":[{"href":"https:\/\/gnews.cz\/de\/wp-json\/wp\/v2\/media?parent=43047"}],"wp:term":[{"taxonomy":"category","embeddable":true,"href":"https:\/\/gnews.cz\/de\/wp-json\/wp\/v2\/categories?post=43047"},{"taxonomy":"post_tag","embeddable":true,"href":"https:\/\/gnews.cz\/de\/wp-json\/wp\/v2\/tags?post=43047"}],"curies":[{"name":"wp","href":"https:\/\/api.w.org\/{rel}","templated":true}]}}