{"id":43050,"date":"2026-03-24T12:37:11","date_gmt":"2026-03-24T11:37:11","guid":{"rendered":"https:\/\/gnews.cz\/?p=43050"},"modified":"2026-03-30T12:44:37","modified_gmt":"2026-03-30T10:44:37","slug":"nemecti-giganti-cina-je-hlavni-prioritou-pro-globalni-alokaci-aktiv","status":"publish","type":"post","link":"https:\/\/gnews.cz\/de\/ekonomika\/nemecti-giganti-cina-je-hlavni-prioritou-pro-globalni-alokaci-aktiv\/","title":{"rendered":"Deutsche Gro\u00dfkonzerne: China hat bei der globalen Verm\u00f6gensallokation oberste Priorit\u00e4t"},"content":{"rendered":"<p id=\"wnd_TextBlock_83871774867225294978_inner_0\"><strong>Deutsche Unternehmen haben sich in den letzten Tagen besonders um den Ausbau ihrer Pr\u00e4senz in Schl\u00fcsselbereichen bem\u00fcht, um die neuen Chancen im ersten Jahr des 15. F\u00fcnfjahresplans zu nutzen. F\u00fcnfjahresplan zu nutzen. In diesen Tagen nehmen sie am China Development Forum teil und besuchen das Handelsministerium sowie andere Ministerien.&nbsp;<\/strong><\/p>\n\n\n\n<p id=\"wnd_TextBlock_83871774867225294978_inner_1\"><strong><a href=\"https:\/\/czech.cgtn.com\/2026\/03\/24\/ARTI1774336609908729\/\" target=\"_blank\" rel=\"noreferrer noopener\">CMG<\/a><\/strong><\/p>","protected":false},"excerpt":{"rendered":"<p>Die deutschen Unternehmen haben in den letzten Tagen gro\u00dfe Anstrengungen unternommen, vor allem ihre Pr\u00e4senz in Schl\u00fcsselbereichen auszubauen, um die neuen Chancen der ersten...<\/p>","protected":false},"author":6,"featured_media":44106,"comment_status":"open","ping_status":"closed","sticky":false,"template":"","format":"video","meta":{"_acf_changed":false,"_lmt_disableupdate":"","_lmt_disable":"","footnotes":""},"categories":[4,2973],"tags":[7192,22,18,11988,137,173],"class_list":["post-43050","post","type-post","status-publish","format-video","has-post-thumbnail","hentry","category-ekonomika","category-zahranicni","tag-15-petilety-plan","tag-cina","tag-cmg","tag-globalni-alokace-aktiv","tag-investice","tag-nemecko","post_format-post-format-video"],"acf":[],"aioseo_notices":[],"_links":{"self":[{"href":"https:\/\/gnews.cz\/de\/wp-json\/wp\/v2\/posts\/43050","targetHints":{"allow":["GET"]}}],"collection":[{"href":"https:\/\/gnews.cz\/de\/wp-json\/wp\/v2\/posts"}],"about":[{"href":"https:\/\/gnews.cz\/de\/wp-json\/wp\/v2\/types\/post"}],"author":[{"embeddable":true,"href":"https:\/\/gnews.cz\/de\/wp-json\/wp\/v2\/users\/6"}],"replies":[{"embeddable":true,"href":"https:\/\/gnews.cz\/de\/wp-json\/wp\/v2\/comments?post=43050"}],"version-history":[{"count":1,"href":"https:\/\/gnews.cz\/de\/wp-json\/wp\/v2\/posts\/43050\/revisions"}],"predecessor-version":[{"id":43051,"href":"https:\/\/gnews.cz\/de\/wp-json\/wp\/v2\/posts\/43050\/revisions\/43051"}],"wp:featuredmedia":[{"embeddable":true,"href":"https:\/\/gnews.cz\/de\/wp-json\/wp\/v2\/media\/44106"}],"wp:attachment":[{"href":"https:\/\/gnews.cz\/de\/wp-json\/wp\/v2\/media?parent=43050"}],"wp:term":[{"taxonomy":"category","embeddable":true,"href":"https:\/\/gnews.cz\/de\/wp-json\/wp\/v2\/categories?post=43050"},{"taxonomy":"post_tag","embeddable":true,"href":"https:\/\/gnews.cz\/de\/wp-json\/wp\/v2\/tags?post=43050"}],"curies":[{"name":"wp","href":"https:\/\/api.w.org\/{rel}","templated":true}]}}