{"id":43090,"date":"2026-03-27T15:57:46","date_gmt":"2026-03-27T14:57:46","guid":{"rendered":"https:\/\/gnews.cz\/?p=43090"},"modified":"2026-03-31T11:45:16","modified_gmt":"2026-03-31T09:45:16","slug":"forum-v-cine-sleduje-i-ceska-republika-jde-totiz-o-vic-nez-si-myslite","status":"publish","type":"post","link":"https:\/\/gnews.cz\/de\/politika\/forum-v-cine-sleduje-i-ceska-republika-jde-totiz-o-vic-nez-si-myslite\/","title":{"rendered":"Auch die Tschechische Republik beobachtet das Forum in China, denn es ist mehr als man denkt"},"content":{"rendered":"<p id=\"wnd_TextBlock_37111774879114717579_inner_0\"><strong>Milan Kraj\u010da, stellvertretender Vorsitzender der Kommunistischen Partei der Tschechoslowakei und Vizepr\u00e4sident des Weltfriedensrates, sprach \u00fcber die Bedeutung des diesj\u00e4hrigen Boao-Forums f\u00fcr Asien, das die Tschechische Republik mit gro\u00dfem Interesse verfolge.<\/strong><\/p>\n\n\n\n<p id=\"wnd_TextBlock_37111774879114717579_inner_1\"><em>\u201eSeit mehr als einem Vierteljahrhundert ist das Boao-Forum ein Treffpunkt f\u00fcr Politiker, Gesch\u00e4ftsleute und Akademiker aus Dutzenden von L\u00e4ndern Asiens.\u201c <\/em>sagte Kraj\u010da. Er betonte, dass Asien heute eine der dynamischsten Regionen der Welt sei und die Volksrepublik China als Gastland eine extrem schnelle Entwicklung durchlaufe.<\/p>\n\n\n\n<p id=\"wnd_TextBlock_37111774879114717579_inner_2\">Laut Kraj\u010da ist es daher nur nat\u00fcrlich, dass die Veranstaltungen des Forums in Europa Aufmerksamkeit erregen. <em>\u201eEs ist inspirierend f\u00fcr uns zu sehen, was heute in Asien und China passiert\u201c.\u201c<\/em> sagte er und f\u00fcgte hinzu, dass die Schlussfolgerungen des Treffens \u00fcber die Region hinaus Auswirkungen haben k\u00f6nnten.<\/p>\n\n\n\n<p id=\"wnd_TextBlock_37111774879114717579_inner_3\">In dem Interview betonte er auch die Bedeutung der internationalen Zusammenarbeit. Ihm zufolge liegt es im Interesse der Tschechischen Republik, die Beziehungen nicht nur zu China, sondern auch zu anderen am Forum teilnehmenden L\u00e4ndern zu vertiefen.<em> \u201eWir wollen die Freundschaft und Zusammenarbeit zwischen den V\u00f6lkern Europas und Asiens st\u00e4rken\u201c.\u201c <\/em>Er f\u00fcgte hinzu.<\/p>\n\n\n\n<p id=\"wnd_TextBlock_37111774879114717579_inner_4\">Es ist noch nicht klar, welche konkreten Schlussfolgerungen das diesj\u00e4hrige Forum bringen wird. Sicher ist jedoch, so Kraj\u010da, dass seine Bedeutung in der Welt weiter zunimmt - und dass die Tschechische Republik es genau beobachten wird.<\/p>\n\n\n\n<p id=\"wnd_TextBlock_37111774879114717579_inner_5\"><strong><a href=\"https:\/\/czech.cgtn.com\/2026\/03\/27\/ARTI1774585008688504\" target=\"_blank\" rel=\"noreferrer noopener\">CMG<\/a><\/strong><\/p>","protected":false},"excerpt":{"rendered":"<p>Milan Kraj\u010da, stellvertretender Vorsitzender der Kommunistischen Partei der Tschechoslowakei und stellvertretender Vorsitzender des Weltfriedensrates, sprach \u00fcber die Bedeutung des diesj\u00e4hrigen Boao-Forums f\u00fcr Asien, das nach Ansicht der...<\/p>","protected":false},"author":6,"featured_media":43126,"comment_status":"open","ping_status":"closed","sticky":false,"template":"","format":"video","meta":{"_acf_changed":false,"_lmt_disableupdate":"","_lmt_disable":"","footnotes":""},"categories":[2968,7,2973],"tags":[12008,45,6802,18,10363,9004],"class_list":["post-43090","post","type-post","status-publish","format-video","has-post-thumbnail","hentry","category-domaci","category-politika","category-zahranicni","tag-boao-forum-for-asia","tag-cr","tag-cinska-lidova-republika","tag-cmg","tag-kscm","tag-milan-krajca","post_format-post-format-video"],"acf":[],"aioseo_notices":[],"_links":{"self":[{"href":"https:\/\/gnews.cz\/de\/wp-json\/wp\/v2\/posts\/43090","targetHints":{"allow":["GET"]}}],"collection":[{"href":"https:\/\/gnews.cz\/de\/wp-json\/wp\/v2\/posts"}],"about":[{"href":"https:\/\/gnews.cz\/de\/wp-json\/wp\/v2\/types\/post"}],"author":[{"embeddable":true,"href":"https:\/\/gnews.cz\/de\/wp-json\/wp\/v2\/users\/6"}],"replies":[{"embeddable":true,"href":"https:\/\/gnews.cz\/de\/wp-json\/wp\/v2\/comments?post=43090"}],"version-history":[{"count":1,"href":"https:\/\/gnews.cz\/de\/wp-json\/wp\/v2\/posts\/43090\/revisions"}],"predecessor-version":[{"id":43125,"href":"https:\/\/gnews.cz\/de\/wp-json\/wp\/v2\/posts\/43090\/revisions\/43125"}],"wp:featuredmedia":[{"embeddable":true,"href":"https:\/\/gnews.cz\/de\/wp-json\/wp\/v2\/media\/43126"}],"wp:attachment":[{"href":"https:\/\/gnews.cz\/de\/wp-json\/wp\/v2\/media?parent=43090"}],"wp:term":[{"taxonomy":"category","embeddable":true,"href":"https:\/\/gnews.cz\/de\/wp-json\/wp\/v2\/categories?post=43090"},{"taxonomy":"post_tag","embeddable":true,"href":"https:\/\/gnews.cz\/de\/wp-json\/wp\/v2\/tags?post=43090"}],"curies":[{"name":"wp","href":"https:\/\/api.w.org\/{rel}","templated":true}]}}