{"id":43117,"date":"2026-03-31T12:00:00","date_gmt":"2026-03-31T10:00:00","guid":{"rendered":"https:\/\/gnews.cz\/?p=43117"},"modified":"2026-03-31T08:14:50","modified_gmt":"2026-03-31T06:14:50","slug":"vucic-vyzyva-k-jednani-s-ruskem-moskva-odmita-dodavky-zemim-s-cenovym-stropem","status":"publish","type":"post","link":"https:\/\/gnews.cz\/de\/neprehlednete\/vucic-vyzyva-k-jednani-s-ruskem-moskva-odmita-dodavky-zemim-s-cenovym-stropem\/","title":{"rendered":"Vucic ruft zu Gespr\u00e4chen mit Russland auf, Moskau lehnt Lieferungen an L\u00e4nder mit Preisobergrenze ab"},"content":{"rendered":"<p><strong>Der serbische Pr\u00e4sident Aleksandar Vucic hat Europa aufgefordert, angesichts der durch den milit\u00e4rischen Konflikt im Nahen Osten verursachten schweren \u00d6lkrise Verhandlungen mit Russland und anderen Energielieferanten aufzunehmen.<\/strong><\/p>\n\n\n\n<blockquote class=\"wp-block-quote is-layout-flow wp-block-quote-is-layout-flow\">\n<p><em>\u201eIch hoffe, dass Europa dies versteht, einige \u00c4nderungen vornimmt oder Verhandlungen mit anderen Lieferanten aufnimmt, um das Ausma\u00df dieser \u00d6lkrise so weit wie m\u00f6glich zu begrenzen - mit Russland und anderen. Ich sehe keine andere L\u00f6sung\u201c.\u201c <\/em>sagte der serbische Staatschef in einer Rede an die Nation.<\/p>\n<\/blockquote>\n\n\n\n<p>Der derzeitige Vertrag \u00fcber russische Gaslieferungen an Serbien l\u00e4uft am 31. M\u00e4rz aus. Vucic sagte, es sei ihm gelungen, eine dreimonatige Verl\u00e4ngerung des Vertrages auszuhandeln.<\/p>\n\n\n\n<p>Kreml-Sprecher <strong>Dmitri Peskow <\/strong>best\u00e4tigte, dass die Gespr\u00e4che \u00fcber das Gasgesch\u00e4ft in der Tat fortgesetzt werden, und betonte gleichzeitig, dass Russland bereit ist, ein zuverl\u00e4ssiger Energielieferant f\u00fcr verschiedene M\u00e4rkte zu bleiben - Europa nicht ausgeschlossen.<\/p>\n\n\n\n<p>Moskau bietet zwar einen Dialog \u00fcber die Versorgung an, nimmt aber auch eine h\u00e4rtere Haltung gegen\u00fcber L\u00e4ndern ein, die sich dem Mechanismus der Preisbegrenzung f\u00fcr russisches \u00d6l angeschlossen haben.<\/p>\n\n\n\n<p>Stellvertretender russischer Au\u00dfenminister <strong>Andrej Rudenko<\/strong> warnte in einem Interview mit der Tageszeitung \"Iswestija\", dass Russland kein \u00d6l an L\u00e4nder liefern werde, die die Obergrenze beibehalten. Er nannte das Beispiel Japans, dessen Regierung sich verpflichtet hat, eine Preisobergrenze anzuwenden - eine Ma\u00dfnahme, die Rudenko als marktfeindlich und als Verzerrung der Lieferketten bezeichnete. Er f\u00fcgte hinzu, dass offizielle Ersuchen ausl\u00e4ndischer L\u00e4nder von Fall zu Fall gepr\u00fcft werden, wobei der Zustand der gegenseitigen Beziehungen und der Schutz der nationalen Wirtschaftsinteressen Russlands weiterhin Priorit\u00e4t haben.<\/p>\n\n\n\n<p><strong>gnews.cz - GH<\/strong><\/p>","protected":false},"excerpt":{"rendered":"<p>Der serbische Pr\u00e4sident Aleksandar Vucic hat Europa angesichts des massiven \u00d6lpreisanstiegs zu Verhandlungen mit Russland und anderen Energielieferanten aufgerufen...<\/p>","protected":false},"author":6,"featured_media":43120,"comment_status":"open","ping_status":"closed","sticky":false,"template":"","format":"standard","meta":{"_acf_changed":false,"_lmt_disableupdate":"","_lmt_disable":"","footnotes":""},"categories":[4,3,2973],"tags":[3482,12068,10850,2880,12067,7012,78,24,12065,991,26,287,12066,17,41,2425],"class_list":["post-43117","post","type-post","status-publish","format-standard","has-post-thumbnail","hentry","category-ekonomika","category-neprehlednete","category-zahranicni","tag-aleksandar-vucic-2","tag-andrej-rudenko","tag-cenovy-strop","tag-dmitrij-peskov","tag-dodavky-energii","tag-energeticka-krize","tag-evropa","tag-japonsko","tag-plynova-smlouva","tag-ropa","tag-rusko","tag-srbsko","tag-stredni-vychod","tag-top","tag-world","tag-zemni-plyn"],"acf":[],"aioseo_notices":[],"_links":{"self":[{"href":"https:\/\/gnews.cz\/de\/wp-json\/wp\/v2\/posts\/43117","targetHints":{"allow":["GET"]}}],"collection":[{"href":"https:\/\/gnews.cz\/de\/wp-json\/wp\/v2\/posts"}],"about":[{"href":"https:\/\/gnews.cz\/de\/wp-json\/wp\/v2\/types\/post"}],"author":[{"embeddable":true,"href":"https:\/\/gnews.cz\/de\/wp-json\/wp\/v2\/users\/6"}],"replies":[{"embeddable":true,"href":"https:\/\/gnews.cz\/de\/wp-json\/wp\/v2\/comments?post=43117"}],"version-history":[{"count":1,"href":"https:\/\/gnews.cz\/de\/wp-json\/wp\/v2\/posts\/43117\/revisions"}],"predecessor-version":[{"id":43121,"href":"https:\/\/gnews.cz\/de\/wp-json\/wp\/v2\/posts\/43117\/revisions\/43121"}],"wp:featuredmedia":[{"embeddable":true,"href":"https:\/\/gnews.cz\/de\/wp-json\/wp\/v2\/media\/43120"}],"wp:attachment":[{"href":"https:\/\/gnews.cz\/de\/wp-json\/wp\/v2\/media?parent=43117"}],"wp:term":[{"taxonomy":"category","embeddable":true,"href":"https:\/\/gnews.cz\/de\/wp-json\/wp\/v2\/categories?post=43117"},{"taxonomy":"post_tag","embeddable":true,"href":"https:\/\/gnews.cz\/de\/wp-json\/wp\/v2\/tags?post=43117"}],"curies":[{"name":"wp","href":"https:\/\/api.w.org\/{rel}","templated":true}]}}