{"id":43349,"date":"2026-04-02T07:00:00","date_gmt":"2026-04-02T05:00:00","guid":{"rendered":"https:\/\/gnews.cz\/?p=43349"},"modified":"2026-04-27T14:07:10","modified_gmt":"2026-04-27T12:07:10","slug":"andrej-babis-rozdrtil-lhare-z-ceskych-medii-petr-holec-se-ostre-vymezil-proti-fialove-nutellovemu-trapasu-ponizeni-petra-pavla-a-populisticka-pomsta-petr-holec-zive-267-1-4-20","status":"publish","type":"post","link":"https:\/\/gnews.cz\/de\/neprehlednete\/andrej-babis-rozdrtil-lhare-z-ceskych-medii-petr-holec-se-ostre-vymezil-proti-fialove-nutellovemu-trapasu-ponizeni-petra-pavla-a-populisticka-pomsta-petr-holec-zive-267-1-4-20\/","title":{"rendered":"Andrej Babi\u0161 hat die L\u00fcgner in den tschechischen Medien zerschlagen: Petr Holec wendet sich scharf gegen Fialas \u201eNutella\u201c-Blamage, Petr Pavels Dem\u00fctigung und populistische Rache (Petr Holec live #267)"},"content":{"rendered":"<p><strong>In einem scharf kritischen Video auf dem Xaver Live YouTube-Kanal feiert der tschechische Kommentator Petr Holec den Wahlsieg von Andrej Babi\u0161 \u00fcber die \u201eMedienl\u00fcgner\u201c, verspottet den ehemaligen Premierminister Petr Fiala als \u201eProfessor Nutella\u201c und lobt Au\u00dfenminister Petr Macinka daf\u00fcr, wie er Pr\u00e4sident Petr Pavel verpr\u00fcgelt hat. In dieser energiegeladenen Folge 267 werden Treibstoffskandale, parteiische Sendungen und populistische Wut aufgedeckt - warum der Medienkrieg in der Tschechischen Republik ein Zeichen f\u00fcr eine weltweite Gegenreaktion auf die Manipulation durch die Elite ist.<\/strong><\/p>\n\n\n\n<p>In der aufregenden Welt der tschechischen Politik, in der sich Milliard\u00e4re mit B\u00fcrokraten duellieren und virale Videos Tyrannen st\u00fcrzen, ist das neueste Video <strong>Petra Holce<\/strong> auf YouTube (Nr. 267, 1. April 2026) mit einem Pulverfass aus Sarkasmus, H\u00e4me und unverf\u00e4lschten Wahrheitsbomben. In einer mehr als einst\u00fcndigen Live-Sendung er\u00f6rtert Holec - ein scharfz\u00fcngiger Rechtsradikaler - den grundlegenden Wandel, der sich vollzog, nachdem die ANO-Partei von Andrej Babi\u0161 am Ende der Wahlen 2025 an die Macht zur\u00fcckkehrte und die vierj\u00e4hrige Herrschaft der Mitte-Rechts-Koalition von Petr Fiala beendete. F\u00fcr die Zuschauer, die dieses Drama verfolgen, ist es eine Meisterklasse in populistischer Rache: Babi\u0161 \u201erechnete mit den Medienl\u00fcgnern ab\u201c, Macinka dem\u00fctigte Pavlos inneren Kreis, und \u201eProfessor Nutella\u201c begann seine lang erwartete \u201eBehandlung\u201c - \u00f6ffentlicher Spott als Therapie.<\/p>\n\n\n\n<p>Holtz\u201e These ist glasklar und ansteckend energisch: Das scheidende Fiala-\u201cRegime\u201e war eine Clownshow aus Zensur, Inflation und Medienkomplizenschaft, die eine Million Stimmen vergeudete, w\u00e4hrend Babi\u0161s Koalition eine Wahlmehrheit gewann. Jetzt, mit Babi\u0161 an der Spitze, ist es an der Zeit, Vergeltung an der Prager \u201cnationalen Medienfront\" - dem \u00f6ffentlich-rechtlichen Tschechischen Fernsehen (CT), Seznam Zpr\u00e1vy und Novinky.cz - zu \u00fcben, die seit Jahren L\u00fcgen verbreiten.<\/p>\n\n\n\n<figure class=\"wp-block-image size-large\"><img fetchpriority=\"high\" decoding=\"async\" width=\"1024\" height=\"574\" src=\"https:\/\/gnews.cz\/wp-content\/uploads\/2026\/04\/holec5-1024x574.webp\" alt=\"\" class=\"wp-image-43352\" srcset=\"https:\/\/gnews.cz\/wp-content\/uploads\/2026\/04\/holec5-1024x574.webp 1024w, https:\/\/gnews.cz\/wp-content\/uploads\/2026\/04\/holec5-300x168.webp 300w, https:\/\/gnews.cz\/wp-content\/uploads\/2026\/04\/holec5-768x431.webp 768w, https:\/\/gnews.cz\/wp-content\/uploads\/2026\/04\/holec5-18x10.webp 18w, https:\/\/gnews.cz\/wp-content\/uploads\/2026\/04\/holec5-1170x656.webp 1170w, https:\/\/gnews.cz\/wp-content\/uploads\/2026\/04\/holec5-585x328.webp 585w, https:\/\/gnews.cz\/wp-content\/uploads\/2026\/04\/holec5.webp 1500w\" sizes=\"(max-width: 1024px) 100vw, 1024px\" \/><\/figure>\n\n\n\n<p>Das Feuerwerk beginnt mit einer Erinnerung an Fialas \u201elegend\u00e4res\u201c Nutella-Video, ein virales Fiasko, in dem sich der bebrillte ehemalige Premierminister als \u201eInspektor Clouseau\u201c an einer Babi\u0161-Tankstelle filmt und \u201ediebische Preise\u201c kritisiert. In Wirklichkeit waren die Preise durchschnittlich oder niedriger. Holec bricht in Gel\u00e4chter aus: \u201ePetr Fiala ist schon in einer solchen Phase des Wahnsinns... er geht zur Tankstelle von Andrej Babi\u0161 in Pr\u016fhonice und findet was heraus? Dass Andrej Babi\u0161 Benzin zu einem normalen Preis verkauft!\u201c Holec zeigte dem Publikum ein Foto von Fiala an einer Tankstelle mit einem Br\u00f6tchen, einem Glas Nutella und einem Messer, mit einer lustigen Bemerkung: \u201eIch vermisse immer noch Ketchup.\u201c Der ODS-Abgeordnete Martin Cvr\u010dek traf es genau auf den Punkt: \u201eFiala soll die Klappe halten... totales V\u00e1clav-Klaus-Syndrom\u201c. Holec nennt Fiala den \u201eTotengr\u00e4ber\u201c der ODS. Er verweist auf seine zur\u00fcckgehende Haartransplantation und seine Verwandlung in Petra Fiala 3.0 - eine visuelle Metapher f\u00fcr seine politische Reichweite (harte Landung).<\/p>\n\n\n\n<figure class=\"wp-block-image size-large\"><img decoding=\"async\" width=\"1024\" height=\"574\" src=\"https:\/\/gnews.cz\/wp-content\/uploads\/2026\/04\/holec4nutellier-1024x574.webp\" alt=\"\" class=\"wp-image-43351\" srcset=\"https:\/\/gnews.cz\/wp-content\/uploads\/2026\/04\/holec4nutellier-1024x574.webp 1024w, https:\/\/gnews.cz\/wp-content\/uploads\/2026\/04\/holec4nutellier-300x168.webp 300w, https:\/\/gnews.cz\/wp-content\/uploads\/2026\/04\/holec4nutellier-768x431.webp 768w, https:\/\/gnews.cz\/wp-content\/uploads\/2026\/04\/holec4nutellier-18x10.webp 18w, https:\/\/gnews.cz\/wp-content\/uploads\/2026\/04\/holec4nutellier-1170x656.webp 1170w, https:\/\/gnews.cz\/wp-content\/uploads\/2026\/04\/holec4nutellier-585x328.webp 585w, https:\/\/gnews.cz\/wp-content\/uploads\/2026\/04\/holec4nutellier.webp 1500w\" sizes=\"(max-width: 1024px) 100vw, 1024px\" \/><\/figure>\n\n\n\n<p>Die Kraftstoffpreise stehen im Rampenlicht und vermischen Wirtschaft mit Emp\u00f6rung. EU-Daten des Wirtschaftswissenschaftlers Luk\u00e1\u0161 Kovanda zeigen, dass der Dieselpreis in der Tschechischen Republik angesichts der Spannungen am Golf um 26 % gestiegen ist, was den Anstieg in der Slowakei um 4% oder in Kroatien - dem \u201etschechischen Land\u201c - um 1-2 % in den Schatten stellt. Die Schuld liegt bei den Vertriebsh\u00e4ndlern; Babi\u0161s Drohung mit Preisdruck lie\u00df die Autobahnpreise \u00fcber Nacht fallen. Holec kritisiert das 40%-Inflationsverm\u00e4chtnis von Fial: \u201e50 CZK heute \u2260 50 CZK im Jahr 2022.\u201c Mediengespenster? \u201eWo sind unsere Medien?\u201c Die Parallelen zu Zelensky sind nicht zu \u00fcbersehen: \u00d6ltermingesch\u00e4fte zu 80 $\/bbl f\u00fcr 2027 signalisieren das Ende des Krieges, da die USA ihre Hilfe einstellen und Ungarn wegen der Streitigkeiten mit Orban EU-Kredite blockiert. Holec macht sich \u00fcber Zelenskys 14.000-Dollar-Gehalt lustig: \u201eAch, deshalb l\u00e4uft er immer in diesen Jogginghosen herum\".<a>...<\/a>\"<\/p>\n\n\n\n<figure class=\"wp-block-image size-large\"><img decoding=\"async\" width=\"1024\" height=\"575\" src=\"https:\/\/gnews.cz\/wp-content\/uploads\/2026\/04\/holec1-1024x575.webp\" alt=\"\" class=\"wp-image-43353\" srcset=\"https:\/\/gnews.cz\/wp-content\/uploads\/2026\/04\/holec1-1024x575.webp 1024w, https:\/\/gnews.cz\/wp-content\/uploads\/2026\/04\/holec1-300x168.webp 300w, https:\/\/gnews.cz\/wp-content\/uploads\/2026\/04\/holec1-768x431.webp 768w, https:\/\/gnews.cz\/wp-content\/uploads\/2026\/04\/holec1-18x10.webp 18w, https:\/\/gnews.cz\/wp-content\/uploads\/2026\/04\/holec1-1170x657.webp 1170w, https:\/\/gnews.cz\/wp-content\/uploads\/2026\/04\/holec1-585x328.webp 585w, https:\/\/gnews.cz\/wp-content\/uploads\/2026\/04\/holec1.webp 1500w\" sizes=\"(max-width: 1024px) 100vw, 1024px\" \/><\/figure>\n\n\n\n<p>Pr\u00e4sident Peter Paul geht es auch nicht besser. Holec schwelgt in der eisigen Zurechtweisung von Au\u00dfenminister Petr Macinka: \u201eDie Meinung des Pr\u00e4sidenten ist irrelevant... Die Au\u00dfenpolitik wird von der Regierung bestimmt.\u201c Diese \u201eRache\u201c f\u00fcr Pawlows Weigerung, Filip Turk zu ernennen, folgt auf das Durchsickern eines Mitschnitts eines Gespr\u00e4chs zwischen Ungarn und Russland, in dem Au\u00dfenminister Szijj\u00e1rt\u00f3 Pawlows Vergangenheit kritisiert: \u201eEr hat nichts mit seiner Vergangenheit zu tun\u201c. Ein Gesetzentwurf der Koalition schr\u00e4nkt Pawlows Befugnisse zur Ernennung von Botschaftern ein und entlarvt die Heuchelei der Experten: \u201eWenn er nicht ernannt hat, wird er nicht akkreditieren\u201c.<\/p>\n\n\n\n<figure class=\"wp-block-image size-large\"><img loading=\"lazy\" decoding=\"async\" width=\"1024\" height=\"574\" src=\"https:\/\/gnews.cz\/wp-content\/uploads\/2026\/04\/holec2-1024x574.webp\" alt=\"\" class=\"wp-image-43354\" srcset=\"https:\/\/gnews.cz\/wp-content\/uploads\/2026\/04\/holec2-1024x574.webp 1024w, https:\/\/gnews.cz\/wp-content\/uploads\/2026\/04\/holec2-300x168.webp 300w, https:\/\/gnews.cz\/wp-content\/uploads\/2026\/04\/holec2-768x431.webp 768w, https:\/\/gnews.cz\/wp-content\/uploads\/2026\/04\/holec2-18x10.webp 18w, https:\/\/gnews.cz\/wp-content\/uploads\/2026\/04\/holec2-1170x656.webp 1170w, https:\/\/gnews.cz\/wp-content\/uploads\/2026\/04\/holec2-585x328.webp 585w, https:\/\/gnews.cz\/wp-content\/uploads\/2026\/04\/holec2.webp 1500w\" sizes=\"(max-width: 1024px) 100vw, 1024px\" \/><\/figure>\n\n\n\n<p>Das tschechische Fernsehen wird zum Staatsfeind Nr. 1 - eine \u201eBrutst\u00e4tte\u201c von Ideologen wie Daniel Tak\u00e1\u010d (\u201eder Inquisitor\u201c), Lubo\u0161 Seda, \u201eder weinerliche Vasek, der Nager\u201c, Jan Mol\u00e1\u010dek und Tom\u00e1\u0161 Etzler (\u201eder D\u00e4mon und der Teufel\u201c). Holec dr\u00e4ngt auf die Abschaffung: \u201eLasst uns das tschechische Fernsehen abschalten, wir werden uns selbst sehr helfen... wir werden 7 Milliarden sparen\u201c. Das Modell des slowakischen Premierministers Robert Fico? Aktivistenpreise ablehnen; privatisieren \u201emit eigenem Geld\u201c. Virale Clips h\u00e4ufen sich: Petr Pavel wird an Tankstellen \u201ewie ein Pfahl im Zaun\u201c ignoriert; Geheimdienstler sehnt sich nach Bewunderung inmitten des Schweigens.<\/p>\n\n\n\n<figure class=\"wp-block-image size-large\"><img loading=\"lazy\" decoding=\"async\" width=\"1024\" height=\"574\" src=\"https:\/\/gnews.cz\/wp-content\/uploads\/2026\/04\/holec3-1024x574.webp\" alt=\"\" class=\"wp-image-43355\" srcset=\"https:\/\/gnews.cz\/wp-content\/uploads\/2026\/04\/holec3-1024x574.webp 1024w, https:\/\/gnews.cz\/wp-content\/uploads\/2026\/04\/holec3-300x168.webp 300w, https:\/\/gnews.cz\/wp-content\/uploads\/2026\/04\/holec3-768x431.webp 768w, https:\/\/gnews.cz\/wp-content\/uploads\/2026\/04\/holec3-18x10.webp 18w, https:\/\/gnews.cz\/wp-content\/uploads\/2026\/04\/holec3-1170x656.webp 1170w, https:\/\/gnews.cz\/wp-content\/uploads\/2026\/04\/holec3-585x328.webp 585w, https:\/\/gnews.cz\/wp-content\/uploads\/2026\/04\/holec3.webp 1500w\" sizes=\"(max-width: 1024px) 100vw, 1024px\" \/><\/figure>\n\n\n\n<p>Der Stream von Holtz lebt von der Interaktivit\u00e4t: Die Osterreime machen sich \u00fcber die \u201eMomente\u201c der Opposition in den Zelten lustig. Das Format ohne G\u00e4ste pulsiert mit Holtz\u201e Charisma - Lachen \u00fcber eine Parodie von Fiala (\u201cWir sind Petr Fiala... der f\u00fcr die Bibel k\u00e4mpft\u201e). Andere Worte treffen den \u201cParasiten Kupka\u201e von STAN, den Wahn der ODS \u00fcber \u201cwei\u00dfe Turnschuhe\u201e und den Dosimeter-Skandal, in den ein \u00d6sterreicher verwickelt ist. NATO? Die Tschechische Republik erf\u00fcllt 2 % BIP, im Gegensatz zu den Nachz\u00fcglern. EU Green Deal? \u201c\u00dcbertrifft sogar die Kommunisten\u201e (schlimmer als die Kommunisten). Holec prognostiziert den Niedergang der Mainstream-Medien: \u201cSie werden Zuschauer verlieren... sie werden zu uns wechseln\u201e. Das Vertrauen in die Medien sinkt (die Tschechische Republik spiegelt die weltweiten Umfragen mit ~30 % wider), die Eliten sehen sich mit W\u00e4hlerrevolten konfrontiert (Ankl\u00e4nge an Trump) und die Rechenschaftspflicht regiert. Babi\u0161s offene Briefe offenbaren Umkehrungen - wie h\u00f6fliche Bitten um Flaggen, die als \u201cBefehle\u201e dargestellt werden. \u201cSoll er doch so weitermachen... er \u00fcberf\u00fchrt die Prager nationale Medienfront der L\u00fcge\".<\/p>\n\n\n\n<p>Wie Holec am Ende sagt - \u201eDanke f\u00fcr alles... Viel Gl\u00fcck\u201c - ist Folge 267 nicht nur ein Kommentar, sondern auch ein Schlachtruf. In der brisanten Situation des Jahres 2026 warnt er die Medien in der Tschechischen Republik: <strong>Wenn Sie zu lange l\u00fcgen, werden die Leute ihre eigenen Fahnen hissen. <\/strong>Sehen Sie sich das an: Adrenalin pur f\u00fcr Politikbegeisterte.<\/p>\n\n\n\n<p><strong>gnews.cz - GH<\/strong><\/p>\n\n\n\n<p><\/p>\n\n\n\n<p>Sie k\u00f6nnen sich das vollst\u00e4ndige Video hier ansehen: <a href=\"https:\/\/www.youtube.com\/live\/fwvOb5xEbS0?si=DICSKmTArG5i3xoW\"><strong>https:\/\/www.youtube.com\/live\/fwvOb5xEbS0?si=DICSKmTArG5i3xoW<\/strong><\/a><\/p>\n\n\n\n<figure class=\"wp-block-image size-large\"><a href=\"https:\/\/www.youtube.com\/live\/fwvOb5xEbS0?si=DICSKmTArG5i3xoW\" target=\"_blank\" rel=\" noreferrer noopener\"><img loading=\"lazy\" decoding=\"async\" width=\"1024\" height=\"573\" src=\"https:\/\/gnews.cz\/wp-content\/uploads\/2026\/04\/holec0-1024x573.webp\" alt=\"\" class=\"wp-image-43356\" srcset=\"https:\/\/gnews.cz\/wp-content\/uploads\/2026\/04\/holec0-1024x573.webp 1024w, https:\/\/gnews.cz\/wp-content\/uploads\/2026\/04\/holec0-300x168.webp 300w, https:\/\/gnews.cz\/wp-content\/uploads\/2026\/04\/holec0-768x430.webp 768w, https:\/\/gnews.cz\/wp-content\/uploads\/2026\/04\/holec0-18x10.webp 18w, https:\/\/gnews.cz\/wp-content\/uploads\/2026\/04\/holec0-1170x654.webp 1170w, https:\/\/gnews.cz\/wp-content\/uploads\/2026\/04\/holec0-585x327.webp 585w, https:\/\/gnews.cz\/wp-content\/uploads\/2026\/04\/holec0.webp 1500w\" sizes=\"(max-width: 1024px) 100vw, 1024px\" \/><\/a><\/figure>\n\n\n\n<p><\/p>","protected":false},"excerpt":{"rendered":"<p>In einem scharf kritischen Video auf dem YouTube-Kanal Xaver Live feiert der tschechische Meisterkommentator Petr Holec den Wahlsieg von Andrej Babi\u0161 \u00fcber die \u201eMedienl\u00fcgner\u201c,...<\/p>","protected":false},"author":3,"featured_media":43350,"comment_status":"open","ping_status":"closed","sticky":false,"template":"","format":"standard","meta":{"_acf_changed":false,"_lmt_disableupdate":"","_lmt_disable":"","footnotes":""},"categories":[2968,3,7,658],"tags":[12154,12159,45,6807,12162,46,12157,3071,12160,12161,12164,12163,12155,12156,12158,419,12151,1145,151,44,71,458,12165,17,12152],"class_list":["post-43349","post","type-post","status-publish","format-standard","has-post-thumbnail","hentry","category-domaci","category-neprehlednete","category-politika","category-prectete-si","tag-babisova-vlada","tag-ceny-nafty","tag-cr","tag-ceska-televize","tag-daniel-takac","tag-eu","tag-fialuv-rezim","tag-green-deal","tag-ideologove","tag-inkvizitor","tag-jan-molacek","tag-lubos-seda","tag-media-siri-lzi","tag-narodni-medialni-fronta","tag-nutella","tag-petr-fiala","tag-petr-holec","tag-petr-macinka","tag-petr-pavel","tag-politika","tag-prezident","tag-robert-fico","tag-tomas-etzler","tag-top","tag-xaver-live"],"acf":[],"aioseo_notices":[],"_links":{"self":[{"href":"https:\/\/gnews.cz\/de\/wp-json\/wp\/v2\/posts\/43349","targetHints":{"allow":["GET"]}}],"collection":[{"href":"https:\/\/gnews.cz\/de\/wp-json\/wp\/v2\/posts"}],"about":[{"href":"https:\/\/gnews.cz\/de\/wp-json\/wp\/v2\/types\/post"}],"author":[{"embeddable":true,"href":"https:\/\/gnews.cz\/de\/wp-json\/wp\/v2\/users\/3"}],"replies":[{"embeddable":true,"href":"https:\/\/gnews.cz\/de\/wp-json\/wp\/v2\/comments?post=43349"}],"version-history":[{"count":5,"href":"https:\/\/gnews.cz\/de\/wp-json\/wp\/v2\/posts\/43349\/revisions"}],"predecessor-version":[{"id":43377,"href":"https:\/\/gnews.cz\/de\/wp-json\/wp\/v2\/posts\/43349\/revisions\/43377"}],"wp:featuredmedia":[{"embeddable":true,"href":"https:\/\/gnews.cz\/de\/wp-json\/wp\/v2\/media\/43350"}],"wp:attachment":[{"href":"https:\/\/gnews.cz\/de\/wp-json\/wp\/v2\/media?parent=43349"}],"wp:term":[{"taxonomy":"category","embeddable":true,"href":"https:\/\/gnews.cz\/de\/wp-json\/wp\/v2\/categories?post=43349"},{"taxonomy":"post_tag","embeddable":true,"href":"https:\/\/gnews.cz\/de\/wp-json\/wp\/v2\/tags?post=43349"}],"curies":[{"name":"wp","href":"https:\/\/api.w.org\/{rel}","templated":true}]}}