{"id":43422,"date":"2026-04-03T15:30:00","date_gmt":"2026-04-03T13:30:00","guid":{"rendered":"https:\/\/gnews.cz\/?p=43422"},"modified":"2026-04-03T00:25:23","modified_gmt":"2026-04-02T22:25:23","slug":"indicky-premier-modi-rika-ze-se-tesi-na-dalsi-dialog-s-putinem-vyjadril-ruskemu-vudci-vrele-pozdravy","status":"publish","type":"post","link":"https:\/\/gnews.cz\/de\/tema\/indicky-premier-modi-rika-ze-se-tesi-na-dalsi-dialog-s-putinem-vyjadril-ruskemu-vudci-vrele-pozdravy\/","title":{"rendered":"Der indische Premierminister Modi freut sich auf den weiteren Dialog mit Putin und gr\u00fc\u00dft den russischen Staatschef herzlich"},"content":{"rendered":"<p><strong>NEU DELHI, 2. April. Der indische Premierminister Narendra Modi sagte bei einem Treffen mit dem Ersten Stellvertretenden Ministerpr\u00e4sidenten Russlands, Denis Manturow, er freue sich auf die weitere Kommunikation mit dem russischen Staatschef Wladimir Putin, wie das B\u00fcro des indischen Premierministers mitteilte.<\/strong><\/p>\n\n\n\n<blockquote class=\"wp-block-quote is-layout-flow wp-block-quote-is-layout-flow\">\n<p><strong>\u201eDer Premierminister begr\u00fc\u00dfte Pr\u00e4sident Wladimir Putin herzlich und sagte, er freue sich auf die Fortsetzung des Dialogs\u201c, hie\u00df es in der Erkl\u00e4rung.<\/strong><\/p>\n<\/blockquote>\n\n\n\n<p><strong><a href=\"https:\/\/tass.com\/world\/2111059\" target=\"_blank\" rel=\"noopener\" title=\"\">TASS<\/a>\/gnews.cz<\/strong><\/p>","protected":false},"excerpt":{"rendered":"<p>NEU DELHI, 2. April. Der indische Premierminister Narendra Modi sagte bei einem Treffen mit dem Ersten Stellvertretenden Ministerpr\u00e4sidenten Russlands, Denis Manturow, er freue sich auf die...<\/p>","protected":false},"author":10,"featured_media":43423,"comment_status":"open","ping_status":"closed","sticky":false,"template":"","format":"standard","meta":{"_acf_changed":false,"_lmt_disableupdate":"","_lmt_disable":"","footnotes":""},"categories":[7,658,1,2973],"tags":[58,12224,10,12223,12225,26,17,693,41],"class_list":["post-43422","post","type-post","status-publish","format-standard","has-post-thumbnail","hentry","category-politika","category-prectete-si","category-tema","category-zahranicni","tag-indie","tag-narendra-modi-2","tag-news","tag-premier-indie","tag-prezident-ruske-federace","tag-rusko","tag-top","tag-vladimir-putin","tag-world"],"acf":[],"aioseo_notices":[],"_links":{"self":[{"href":"https:\/\/gnews.cz\/de\/wp-json\/wp\/v2\/posts\/43422","targetHints":{"allow":["GET"]}}],"collection":[{"href":"https:\/\/gnews.cz\/de\/wp-json\/wp\/v2\/posts"}],"about":[{"href":"https:\/\/gnews.cz\/de\/wp-json\/wp\/v2\/types\/post"}],"author":[{"embeddable":true,"href":"https:\/\/gnews.cz\/de\/wp-json\/wp\/v2\/users\/10"}],"replies":[{"embeddable":true,"href":"https:\/\/gnews.cz\/de\/wp-json\/wp\/v2\/comments?post=43422"}],"version-history":[{"count":1,"href":"https:\/\/gnews.cz\/de\/wp-json\/wp\/v2\/posts\/43422\/revisions"}],"predecessor-version":[{"id":43424,"href":"https:\/\/gnews.cz\/de\/wp-json\/wp\/v2\/posts\/43422\/revisions\/43424"}],"wp:featuredmedia":[{"embeddable":true,"href":"https:\/\/gnews.cz\/de\/wp-json\/wp\/v2\/media\/43423"}],"wp:attachment":[{"href":"https:\/\/gnews.cz\/de\/wp-json\/wp\/v2\/media?parent=43422"}],"wp:term":[{"taxonomy":"category","embeddable":true,"href":"https:\/\/gnews.cz\/de\/wp-json\/wp\/v2\/categories?post=43422"},{"taxonomy":"post_tag","embeddable":true,"href":"https:\/\/gnews.cz\/de\/wp-json\/wp\/v2\/tags?post=43422"}],"curies":[{"name":"wp","href":"https:\/\/api.w.org\/{rel}","templated":true}]}}