{"id":43494,"date":"2026-04-04T18:30:00","date_gmt":"2026-04-04T16:30:00","guid":{"rendered":"https:\/\/gnews.cz\/?p=43494"},"modified":"2026-04-04T11:49:05","modified_gmt":"2026-04-04T09:49:05","slug":"veronika-vrecionova-budapest-ohrozuje-ceske-narodni-zajmy","status":"publish","type":"post","link":"https:\/\/gnews.cz\/de\/tema\/veronika-vrecionova-budapest-ohrozuje-ceske-narodni-zajmy\/","title":{"rendered":"Veronika Vrecionova: Budapest bedroht tschechische nationale Interessen"},"content":{"rendered":"<p>Sollte die tschechische Regierung eine st\u00e4rkere Zusammenarbeit innerhalb der Visegrad-Vier anstreben? Laut der Europaabgeordneten Veronika Vrecionov\u00e1 (ODS) sollte die Tschechische Republik die engen Beziehungen des ungarischen Au\u00dfenministers zu seinem russischen Amtskollegen verurteilen. \u201eUngarn treibt in der Sicherheitsfrage ein Spiel, das nicht im Interesse der Tschechischen Republik ist\u201c, sagte sie.<\/p>\n\n\n\n<p><strong>Allerdings steckt hinter der Ver\u00f6ffentlichung der Aufnahme, \u00fcber die wir hier sprechen, das investigative Konsortium osteurop\u00e4ischer Medien und nicht irgendwelche EU-Strukturen, aber ich sage nicht, dass Sie das gemeint haben, Herr Dostal. Ich m\u00f6chte Sie, Frau Vrecionov\u00e1, fragen, wie die Tschechische Republik Ihrer Meinung nach mit dem Fall des ungarischen Au\u00dfenministers umgehen sollte?<\/strong><\/p>\n\n\n\n<p>Ich halte dies nat\u00fcrlich f\u00fcr eine sehr ernste Angelegenheit, und ich denke, dass die Tschechische Republik dies zumindest sehr scharf verurteilen sollte. Ich m\u00f6chte jedoch darauf aufmerksam machen, dass Orb\u00e1n und seine Regierung seit einiger Zeit ein sehr gef\u00e4hrliches Spiel spielen, das auch unsere nationalen Interessen bedroht, wenn sie sich auf Russland st\u00fcrzen. Sie werden dabei sehr oft vom slowakischen Premierminister Fico unterst\u00fctzt. Ich m\u00f6chte auch sagen, dass es zum Beispiel beim Europ\u00e4ischen Ministerpr\u00e4sidentenrat schon seit langem so ist, dass, wenn Ungarn und die Slowakei am Tisch sitzen, sie alle ihre Worte sehr stark abw\u00e4gen, weil sie so etwas eigentlich vermuten. Das Verhalten sowohl von Ungarn als auch von der Slowakei zeigt deutlich, dass sie positive Beziehungen zu Russland haben, und sie sind alle sehr vorsichtig in diesen Verhandlungen und besprechen diese sensiblen Themen gegebenenfalls, wenn diese beiden Herren nicht dabei sind.<\/p>\n\n\n\n<p><strong>Frau Vrecion, verstehen Sie diese Argumentation? Dass es im Interesse Ungarns ist, weiterhin russisches \u00d6l zu verwenden?<\/strong><\/p>\n\n\n\n<p>Ich m\u00f6chte darauf hinweisen, dass die Regierung Fialova und andere europ\u00e4ische L\u00e4nder seit dem Ausbruch des Krieges in der Ukraine massiv in die Gew\u00e4hrleistung ihrer von Russland unabh\u00e4ngigen Energiesicherheit investiert haben. Denn diese Abh\u00e4ngigkeit von Russland hat sich f\u00fcr uns alle ausgezahlt. Am Anfang mag es billiger sein, aber hinterher kostet es uns sehr viel mehr. Ungarn hat einen anderen Weg eingeschlagen und ist nun nicht mehr in der Lage, seine Energiesicherheit auf andere Weise als durch eine starke Abh\u00e4ngigkeit von Russland zu gew\u00e4hrleisten. Das ist wahr.<\/p>\n\n\n\n<p><strong>Frau Vrecion, dies bringt uns zur\u00fcck zu den Verd\u00e4chtigungen, die der ungarische Minister Szijj\u00e1rt\u00f3 in diesen Tagen als Reaktion auf die durchgesickerte Aufnahme \u00e4u\u00dferte. Der Verdacht, dass die Ver\u00f6ffentlichung der Aufnahme als Einmischung in den ungarischen Wahlkampf gewertet werden k\u00f6nnte. Was meinen Sie dazu?<\/strong><\/p>\n\n\n\n<p>Nun, ich habe zu Beginn gesagt, dass alle Schritte, die Ungarn seit Beginn des Krieges unternommen hat, die Art und Weise, wie es Putin und dem Kreml in die H\u00e4nde gespielt hat, die Art und Weise, wie die Europ\u00e4ischen R\u00e4te vorgegangen sind, als sie die Hilfe f\u00fcr die Ukraine blockiert haben, die Sanktionen f\u00fcr eine lange Zeit blockiert haben, hier nichts ge\u00e4ndert hat. Denn das wei\u00df jeder, und es hat nichts mit den aktuellen Wahlen in Ungarn zu tun. Aber ich m\u00f6chte hier sagen, dass Herr Dost\u00e1l mit zweierlei Ma\u00df misst. Als er die letzte Frage stellte, sagte er, dies sei ein Wahlkampf in Ungarn. Ich m\u00f6chte an dieser Stelle sagen, dass die anti-ukrainische Karte von Herrn Orb\u00e1n sehr stark genutzt wird, und er spielt sie jetzt aus, weil in Ungarn ein sehr hitziger Wahlkampf stattfindet. Ich bin also davon \u00fcberzeugt, dass es sich hier wirklich um ein rein politisches Spiel seinerseits im eigenen Land handelt. Was jetzt ver\u00f6ffentlicht wurde, best\u00e4tigt dies nur. War das vor den ungarischen Wahlen geplant oder nicht? Das ist durchaus m\u00f6glich, aber wir sehen, dass die Situation in Ungarn gerade sehr aufgeheizt ist, und es war einfach Orb\u00e1n, der die anti-ukrainische Karte zuerst gespielt hat.<\/p>\n\n\n\n<p><strong>Frau Abgeordnete, sollten wir mit kritischen \u00c4u\u00dferungen \u00fcber die ungarische Regierung warten, jetzt wo die Ungarn weniger als zwei Wochen vor den Parlamentswahlen stehen, nach denen es \u00fcbrigens einen Regierungswechsel und damit eine \u00c4nderung der au\u00dfenpolitischen Ausrichtung des Landes geben k\u00f6nnte?<\/strong><\/p>\n\n\n\n<p>Ich stimme zu, dass wir jetzt die Ungarn bei den Wahlen entscheiden lassen m\u00fcssen. Es ist wirklich ihre Sache, und wir m\u00fcssen die Ergebnisse ihrer Wahlen respektieren. Aber wir k\u00f6nnen uns wahrscheinlich darauf einigen, dass das wichtigste Thema heute, auch f\u00fcr uns, f\u00fcr die Tschechische Republik, die Frage der Sicherheit ist. Und hier spielt Ungarn seit langem ein anderes Spiel, das nicht im Interesse der Tschechischen Republik ist. Ich stimme meinem Kollegen zu, dass Ungarn unser enger Nachbar ist, und wir werden es nicht in irgendeiner Weise verlagern. Das ist logisch, und es gibt eine Reihe von Dingen, bei denen wir normalerweise mit Ungarn zusammenarbeiten k\u00f6nnen. Das ist gut so. Aber ich denke, dass einfach die Schritte, die sie unternehmen, die nicht in unserem nationalen Interesse sind, ihre sehr offene Zusammenarbeit mit Russland, ich denke, dass dies einfach eine Sache ist, mit der die Tschechische Republik aufstehen und sagen sollte, dass wir nicht einverstanden sind.<\/p>\n\n\n\n<p><strong>Veronika Vrecionov\u00e1 - Mitglied des Europ\u00e4ischen Parlaments f\u00fcr die ODS<\/strong><\/p>\n\n\n\n<p><strong><a href=\"https:\/\/www.ods.cz\/clanek\/28233-veronika-vrecionova-na-cro-plus-budapest-ohrozuje-ceske-narodni-zajmy\" target=\"_blank\" rel=\"noopener\" title=\"\">ods.cz<\/a>\/gnews.cz<\/strong><\/p>","protected":false},"excerpt":{"rendered":"<p>Sollte die tschechische Regierung eine st\u00e4rkere Zusammenarbeit innerhalb der Visegrad-Vier anstreben? Nach Ansicht der Europaabgeordneten Veronika Vrecionov\u00e1 (ODS) sollte die Tschechische Republik die engen Beziehungen des ungarischen Ministers...<\/p>","protected":false},"author":10,"featured_media":43495,"comment_status":"open","ping_status":"closed","sticky":false,"template":"","format":"standard","meta":{"_acf_changed":false,"_lmt_disableupdate":"","_lmt_disable":"","footnotes":""},"categories":[2968,7,658,1,2973],"tags":[680,45,46,12267,78,840,31,10,12268,26,32,17,583,12266,303,12269,41],"class_list":["post-43494","post","type-post","status-publish","format-standard","has-post-thumbnail","hentry","category-domaci","category-politika","category-prectete-si","category-tema","category-zahranicni","tag-bezpecnost","tag-cr","tag-eu","tag-europoslankyne-cr-za-ods","tag-evropa","tag-evropska-rada","tag-madarsko","tag-news","tag-premier-madarska","tag-rusko","tag-slovensko","tag-top","tag-v4","tag-veronika-vrecionova","tag-viktor-orban","tag-visegradska-ctyrky","tag-world"],"acf":[],"aioseo_notices":[],"_links":{"self":[{"href":"https:\/\/gnews.cz\/de\/wp-json\/wp\/v2\/posts\/43494","targetHints":{"allow":["GET"]}}],"collection":[{"href":"https:\/\/gnews.cz\/de\/wp-json\/wp\/v2\/posts"}],"about":[{"href":"https:\/\/gnews.cz\/de\/wp-json\/wp\/v2\/types\/post"}],"author":[{"embeddable":true,"href":"https:\/\/gnews.cz\/de\/wp-json\/wp\/v2\/users\/10"}],"replies":[{"embeddable":true,"href":"https:\/\/gnews.cz\/de\/wp-json\/wp\/v2\/comments?post=43494"}],"version-history":[{"count":2,"href":"https:\/\/gnews.cz\/de\/wp-json\/wp\/v2\/posts\/43494\/revisions"}],"predecessor-version":[{"id":43497,"href":"https:\/\/gnews.cz\/de\/wp-json\/wp\/v2\/posts\/43494\/revisions\/43497"}],"wp:featuredmedia":[{"embeddable":true,"href":"https:\/\/gnews.cz\/de\/wp-json\/wp\/v2\/media\/43495"}],"wp:attachment":[{"href":"https:\/\/gnews.cz\/de\/wp-json\/wp\/v2\/media?parent=43494"}],"wp:term":[{"taxonomy":"category","embeddable":true,"href":"https:\/\/gnews.cz\/de\/wp-json\/wp\/v2\/categories?post=43494"},{"taxonomy":"post_tag","embeddable":true,"href":"https:\/\/gnews.cz\/de\/wp-json\/wp\/v2\/tags?post=43494"}],"curies":[{"name":"wp","href":"https:\/\/api.w.org\/{rel}","templated":true}]}}