{"id":43525,"date":"2026-04-04T21:30:00","date_gmt":"2026-04-04T19:30:00","guid":{"rendered":"https:\/\/gnews.cz\/?p=43525"},"modified":"2026-04-04T21:12:27","modified_gmt":"2026-04-04T19:12:27","slug":"americky-prezident-donald-trump-se-vyjadril-ze-iran-ma-48-hodin-na-uzavreni-dohody-nebo-otevreni-prulivu","status":"publish","type":"post","link":"https:\/\/gnews.cz\/de\/tema\/americky-prezident-donald-trump-se-vyjadril-ze-iran-ma-48-hodin-na-uzavreni-dohody-nebo-otevreni-prulivu\/","title":{"rendered":"US-Pr\u00e4sident Donald Trump hat dem Iran 48 Stunden Zeit gegeben, um ein Abkommen zu schlie\u00dfen oder die Meerenge zu \u00f6ffnen"},"content":{"rendered":"<p><strong>WASHINGTON, 4. April. US-Pr\u00e4sident Donald Trump sagte, der Iran habe 48 Stunden Zeit, ein Abkommen zu schlie\u00dfen oder die Stra\u00dfe von Hormuz zu \u00f6ffnen.<\/strong><\/p>\n\n\n\n<blockquote class=\"wp-block-quote is-layout-flow wp-block-quote-is-layout-flow\">\n<p><strong>\u201eErinnern Sie sich, als ich dem Iran zehn Tage gab, um einen Deal zu machen oder die Stra\u00dfe von Hormuz zu \u00f6ffnen? Die Zeit l\u00e4uft ab: 48 Stunden bleiben, bevor die H\u00f6lle \u00fcber sie hereinbricht\u201c, schrieb er auf Truth Social.<\/strong><\/p>\n<\/blockquote>\n\n\n\n<p><strong><a href=\"https:\/\/tass.com\/world\/2111913\" target=\"_blank\" rel=\"noopener\" title=\"\">TASS<\/a>\/gnews.cz<\/strong><\/p>","protected":false},"excerpt":{"rendered":"<p>WASHINGTON, 4. April. US-Pr\u00e4sident Donald Trump sagte, der Iran habe 48 Stunden Zeit, ein Abkommen zu schlie\u00dfen oder die Stra\u00dfe von Hormuz zu \u00f6ffnen. \u201eSie erinnern sich ...<\/p>","protected":false},"author":10,"featured_media":43526,"comment_status":"open","ping_status":"closed","sticky":false,"template":"","format":"standard","meta":{"_acf_changed":false,"_lmt_disableupdate":"","_lmt_disable":"","footnotes":""},"categories":[7,658,1,2973],"tags":[12283,496,3710,760,10,44,17,8064,38,41],"class_list":["post-43525","post","type-post","status-publish","format-standard","has-post-thumbnail","hentry","category-politika","category-prectete-si","category-tema","category-zahranicni","tag-dohoda","tag-donald-trump","tag-hormuzsky-pruliv","tag-iran-3","tag-news","tag-politika","tag-top","tag-truth-social","tag-usa","tag-world"],"acf":[],"aioseo_notices":[],"_links":{"self":[{"href":"https:\/\/gnews.cz\/de\/wp-json\/wp\/v2\/posts\/43525","targetHints":{"allow":["GET"]}}],"collection":[{"href":"https:\/\/gnews.cz\/de\/wp-json\/wp\/v2\/posts"}],"about":[{"href":"https:\/\/gnews.cz\/de\/wp-json\/wp\/v2\/types\/post"}],"author":[{"embeddable":true,"href":"https:\/\/gnews.cz\/de\/wp-json\/wp\/v2\/users\/10"}],"replies":[{"embeddable":true,"href":"https:\/\/gnews.cz\/de\/wp-json\/wp\/v2\/comments?post=43525"}],"version-history":[{"count":1,"href":"https:\/\/gnews.cz\/de\/wp-json\/wp\/v2\/posts\/43525\/revisions"}],"predecessor-version":[{"id":43527,"href":"https:\/\/gnews.cz\/de\/wp-json\/wp\/v2\/posts\/43525\/revisions\/43527"}],"wp:featuredmedia":[{"embeddable":true,"href":"https:\/\/gnews.cz\/de\/wp-json\/wp\/v2\/media\/43526"}],"wp:attachment":[{"href":"https:\/\/gnews.cz\/de\/wp-json\/wp\/v2\/media?parent=43525"}],"wp:term":[{"taxonomy":"category","embeddable":true,"href":"https:\/\/gnews.cz\/de\/wp-json\/wp\/v2\/categories?post=43525"},{"taxonomy":"post_tag","embeddable":true,"href":"https:\/\/gnews.cz\/de\/wp-json\/wp\/v2\/tags?post=43525"}],"curies":[{"name":"wp","href":"https:\/\/api.w.org\/{rel}","templated":true}]}}