{"id":43528,"date":"2026-04-05T09:00:00","date_gmt":"2026-04-05T07:00:00","guid":{"rendered":"https:\/\/gnews.cz\/?p=43528"},"modified":"2026-04-05T13:28:23","modified_gmt":"2026-04-05T11:28:23","slug":"ja-a-umeni-mesic-nad-vltavou-i-nad-zlutou-rekou","status":"publish","type":"post","link":"https:\/\/gnews.cz\/de\/tema\/ja-a-umeni-mesic-nad-vltavou-i-nad-zlutou-rekou\/","title":{"rendered":"Ich und die Kunst: der Mond \u00fcber der Moldau und dem Gelben Fluss"},"content":{"rendered":"<p><strong>Bei der Wahl meines Studienfachs f\u00fchlte ich mich aus einem einfachen Grund zur tschechischen Sprache hingezogen: Ich ahnte, dass sich hinter dieser Sprache eine Welt voller Kunst und Kultur verbarg. Dvo\u0159\u00e1k, Smetana, Jan\u00e1\u010dek, Mahler - Komponisten, deren Musik ich kannte, bevor ich ihr Land kannte. Ich h\u00f6rte sie als Fl\u00f6tist: Ich bewunderte den Aufbau der Phrasen, die Dynamik, die Technik. Die Musik schien gro\u00df und sch\u00f6n - aber weit weg, wie ein Gem\u00e4lde hinter Glas.<\/strong><\/p>\n\n\n\n<p>Dann kam eine Fr\u00fchlingsnacht. Ich sa\u00df im Bus von Krakau nach Olomouc, m\u00fcde von der Reise, und der Mond schwebte vor dem Fenster. Ich setzte meine Kopfh\u00f6rer auf und h\u00f6rte Rusalkas Arie \u201eKleiner Mond im tiefen Himmel\u201c und die Moldau. Die aufsteigende Melodie erinnerte mich an Wolken, die den Mond verdeckten, und an Str\u00f6me von Sechzehntelnoten, die wie sein Licht auf der Oberfl\u00e4che des Flusses flossen. In meinem Tagebuch schrieb ich: \u201e\u00dcberall auf der Welt scheint derselbe Mond - aber erst jetzt habe ich verstanden, wie der tschechische aussieht.\u201c Ein \u00e4hnliches Gef\u00fchl erlebte ich inmitten der Natur. Ich kannte die tschechische Landschaft aus den Filmen von Ji\u0159\u00ed Menzel, aus der Poesie von Kytika, aus den Seiten von Kundera. Im Nationalmuseum in Prag bewunderte ich die der Natur gewidmeten Ausstellungen. Aber erst als ich mit meinen Freunden durch die verschneiten H\u00fcgel in der N\u00e4he von \u0160umperk wanderte, nur einen Steinwurf von der polnischen Grenze entfernt, verstand ich etwas, das man nicht lesen kann. Die Sonne hat mich geblendet, ich bin auf dem Eis ausgerutscht und habe gelacht. In diesem Moment wurde mir klar, warum die Tschechen eine so tiefe Verbundenheit mit der Natur haben - und diese Lebendigkeit ber\u00fchrte mich.<\/p>\n\n\n\n<p>Aber die Kunst hat mich auch zu ernsteren Fragen gef\u00fchrt. In meiner Forschungsarbeit verband ich die Kunstgeschichte mit den internationalen Beziehungen: Mit der ikonografischen Methode analysierte ich zw\u00f6lf Szenen auf dem Orloj und verkn\u00fcpfte sie mit den Namen der tschechischen Monate, um zu zeigen, wie sie die nationale Wiedergeburt des 19. Auf dem Altst\u00e4dter Ring tummeln sich so viele Touristen, dass die Bilder auf der Uhr fast unsichtbar sind. Als ich jedoch auf den Glockenschlag wartete, versp\u00fcrte ich eine unbeschreibliche Aufregung. Ich war mit einem Bild aus B\u00fcchern, Filmen und Notenbl\u00e4ttern nach B\u00f6hmen gekommen. Ich verlie\u00df es mit etwas anderem: einem Verst\u00e4ndnis, das nur die direkte Erfahrung vermitteln kann. Und gleichzeitig wurde mir etwas Pers\u00f6nliches klar: Als Chinesin, die inmitten einer fremden Kultur steht und sie versteht, beginne ich, mich selbst besser zu verstehen. Ich wei\u00df, wer ich bin, woher ich komme und was ich als n\u00e4chstes erforschen m\u00f6chte. Vielleicht ist das das gr\u00f6\u00dfte Geschenk, das mir die Kunst gemacht hat: Sie ist nicht nur sch\u00f6n, sondern auch ein Weg, etwas \u00fcber die Welt und mich selbst zu lernen.<\/p>\n\n\n\n<p><strong>NNela.Ni<\/strong><\/p>","protected":false},"excerpt":{"rendered":"<p>Als ich mein Studienfach w\u00e4hlte, f\u00fchlte ich mich aus einem einfachen Grund zur tschechischen Sprache hingezogen: Ich ahnte, dass sich hinter dieser Sprache eine Welt...<\/p>","protected":false},"author":10,"featured_media":43529,"comment_status":"open","ping_status":"closed","sticky":false,"template":"","format":"standard","meta":{"_acf_changed":false,"_lmt_disableupdate":"","_lmt_disable":"","footnotes":""},"categories":[2968,6,2,1,3104,580,8,2973,5],"tags":[12296,45,22,372,5420,4025,12297,281,12286,12289,12295,74,12293,12288,12290,12291,10,12312,5941,12294,12287,12292,17,12285,41,12284],"class_list":["post-43528","post","type-post","status-publish","format-standard","has-post-thumbnail","hentry","category-domaci","category-kultura","category-rozhovory","category-tema","category-veda","category-vyber-sefredaktora","category-zabava","category-zahranicni","category-zdravy-styl","tag-ceska-krajina-2","tag-cr","tag-cina","tag-dvorak","tag-general-news","tag-gnews-cz","tag-hladina-reky","tag-hudba","tag-janacek","tag-jiri-menzel","tag-krakov","tag-kultura","tag-kytice","tag-mahler","tag-milan-kundera","tag-nardni-muzeu-v-praze","tag-news","tag-nnela-ni","tag-olomouc","tag-rusalka","tag-smetana","tag-sumperk","tag-top","tag-vltava","tag-world","tag-zluta-reka-2"],"acf":[],"aioseo_notices":[],"_links":{"self":[{"href":"https:\/\/gnews.cz\/de\/wp-json\/wp\/v2\/posts\/43528","targetHints":{"allow":["GET"]}}],"collection":[{"href":"https:\/\/gnews.cz\/de\/wp-json\/wp\/v2\/posts"}],"about":[{"href":"https:\/\/gnews.cz\/de\/wp-json\/wp\/v2\/types\/post"}],"author":[{"embeddable":true,"href":"https:\/\/gnews.cz\/de\/wp-json\/wp\/v2\/users\/10"}],"replies":[{"embeddable":true,"href":"https:\/\/gnews.cz\/de\/wp-json\/wp\/v2\/comments?post=43528"}],"version-history":[{"count":3,"href":"https:\/\/gnews.cz\/de\/wp-json\/wp\/v2\/posts\/43528\/revisions"}],"predecessor-version":[{"id":43551,"href":"https:\/\/gnews.cz\/de\/wp-json\/wp\/v2\/posts\/43528\/revisions\/43551"}],"wp:featuredmedia":[{"embeddable":true,"href":"https:\/\/gnews.cz\/de\/wp-json\/wp\/v2\/media\/43529"}],"wp:attachment":[{"href":"https:\/\/gnews.cz\/de\/wp-json\/wp\/v2\/media?parent=43528"}],"wp:term":[{"taxonomy":"category","embeddable":true,"href":"https:\/\/gnews.cz\/de\/wp-json\/wp\/v2\/categories?post=43528"},{"taxonomy":"post_tag","embeddable":true,"href":"https:\/\/gnews.cz\/de\/wp-json\/wp\/v2\/tags?post=43528"}],"curies":[{"name":"wp","href":"https:\/\/api.w.org\/{rel}","templated":true}]}}