{"id":43547,"date":"2026-04-07T12:00:00","date_gmt":"2026-04-07T10:00:00","guid":{"rendered":"https:\/\/gnews.cz\/?p=43547"},"modified":"2026-04-07T10:36:20","modified_gmt":"2026-04-07T08:36:20","slug":"shrnuti-uplynuleho-14-tydne-na-general-news-30-brezna-5-dubna-2026","status":"publish","type":"post","link":"https:\/\/gnews.cz\/de\/tema\/shrnuti-uplynuleho-14-tydne-na-general-news-30-brezna-5-dubna-2026\/","title":{"rendered":"R\u00fcckblick auf die letzten 14 Wochen in den Allgemeinen Nachrichten (30. M\u00e4rz - 5. April 2026)"},"content":{"rendered":"<h2 class=\"wp-block-heading\">30. M\u00e4rz 2026 <a href=\"https:\/\/gnews.cz\/wp-admin\/post.php?post=43071&amp;action=edit\" target=\"_blank\" rel=\"noopener\" title=\"\">Jeffrey Sachs warnt, dass die USA und Israel die Welt in den Dritten Weltkrieg treiben<\/a><\/h2>\n\n\n\n<blockquote class=\"wp-block-quote is-layout-flow wp-block-quote-is-layout-flow\">\n<p>Der renommierte amerikanische Wirtschaftswissenschaftler und Professor an der Columbia University, Jeffrey Sachs, hat eine deutliche Warnung ausgesprochen: Der amerikanisch-israelische Angriff auf den Iran k\u00f6nnte zu einem globalen Konflikt von bisher ungekanntem Ausma\u00df eskalieren. In einem Interview mit dem japanischen Portal Nikkei Asia erkl\u00e4rte er, die Welt stehe am Rande eines dritten Weltkriegs.<\/p>\n<\/blockquote>\n\n\n\n<h2 class=\"wp-block-heading\">31. M\u00e4rz 2026 <a href=\"https:\/\/gnews.cz\/wp-admin\/post.php?post=43155&amp;action=edit\" target=\"_blank\" rel=\"noopener\" title=\"\">Tschechisch-slowakisches Regierungstreffen best\u00e4tigt St\u00e4rkung der Partnerschaft zwischen den beiden L\u00e4ndern<\/a><\/h2>\n\n\n\n<blockquote class=\"wp-block-quote is-layout-flow wp-block-quote-is-layout-flow\">\n<p>Die neunte gemeinsame Sitzung der Regierungen der Tschechischen und der Slowakischen Republik fand am Dienstag, den 31. M\u00e4rz 2026, im Schloss Nov\u00e1 Horka in Stud\u00e9nka statt. Die Kabinette unter Leitung der Ministerpr\u00e4sidenten Andrej Babi\u0161 und Robert Fico er\u00f6rterten unter anderem die aktuelle Situation der Kraftstoffpreise und der \u00d6lversorgung nach dem Ausbruch des Konflikts im Nahen Osten. Die Ministerpr\u00e4sidenten beider L\u00e4nder unterzeichneten au\u00dferdem ein Memorandum \u00fcber eine verst\u00e4rkte Zusammenarbeit zwischen der Regierung der Tschechischen Republik und der Regierung der Slowakischen Republik, das ihre Partnerschaft in Schl\u00fcsselbereichen st\u00e4rkt.<\/p>\n<\/blockquote>\n\n\n\n<h2 class=\"wp-block-heading\">01. April 2026 <a href=\"https:\/\/gnews.cz\/wp-admin\/post.php?post=43296&amp;action=edit\" target=\"_blank\" rel=\"noopener\" title=\"\">Analyse: Der Russland-Ukraine-Konflikt - R\u00fcstungsindustrie, Profite, Produktion und geopolitischer Einfluss (IV.)<\/a><\/h2>\n\n\n\n<blockquote class=\"wp-block-quote is-layout-flow wp-block-quote-is-layout-flow\">\n<p>Der Konflikt zwischen Russland und der Ukraine hat sich zu einem Segen f\u00fcr die globale Verteidigungsindustrie entwickelt, da die Regierungen in aller Welt ihre Milit\u00e4rausgaben als Reaktion auf die sich verschlechternde Sicherheitslage deutlich erh\u00f6ht haben. Der Konflikt hat einen Nachfrageschub f\u00fcr ein breites Spektrum an milit\u00e4rischer Ausr\u00fcstung ausgel\u00f6st - von Kleinwaffen bis hin zu modernen Raketensystemen - und die R\u00fcstungsunternehmen arbeiten rund um die Uhr, um diese Nachfrage zu befriedigen. Der vierte Teil unserer Analyse befasst sich mit der R\u00fcstungsindustrie, den Gewinnen, der Produktion und dem geopolitischen Einfluss.<\/p>\n<\/blockquote>\n\n\n\n<h2 class=\"wp-block-heading\">02. April 2026 <a href=\"https:\/\/gnews.cz\/wp-admin\/post.php?post=43366&amp;action=edit\" target=\"_blank\" rel=\"noopener\" title=\"\">Czech Daily Economic Summary: Aktien, Budget, U&amp;C UAS, Pegasus Airlines, Smartwings und CSA, AkzoNobel, Brent und Wti (2. April 2026)<\/a><\/h2>\n\n\n\n<blockquote class=\"wp-block-quote is-layout-flow wp-block-quote-is-layout-flow\">\n<p>Die Prager B\u00f6rse beendete den Mittwoch mit einem deutlichen Zuwachs. Der PX-Index stieg um 1,72 Prozent auf 2.553,02 Punkte, unterst\u00fctzt durch die Aufwertung von Bankwerten - Aktien von Erste, Komer\u010dn\u00ed banka und Moneta. Dies ist einer der st\u00e4rksten Tagesgewinne des Index in diesem Jahr, wobei die Anleger auch auf die beruhigenden Nachrichten zur Haushaltslage im Inland reagierten.<\/p>\n<\/blockquote>\n\n\n\n<h2 class=\"wp-block-heading\">03. April 2026 <a href=\"https:\/\/gnews.cz\/wp-admin\/post.php?post=42685&amp;action=edit\" target=\"_blank\" rel=\"noopener\" title=\"\">Herbarium: Beinwell - Goldenes Kraut f\u00fcr Blutgef\u00e4\u00dfe und Blut<\/a><\/h2>\n\n\n\n<blockquote class=\"wp-block-quote is-layout-flow wp-block-quote-is-layout-flow\">\n<p>Melilotus officinalis, auch Luzerne genannt, ist ein mehrj\u00e4hriges Kraut aus der Familie der H\u00fclsenfr\u00fcchtler, das in Europa und Westasien heimisch ist und h\u00e4ufig auf Wiesen und Weiden w\u00e4chst. Es ist ein bis zu anderthalb Meter hohes, zweij\u00e4hriges Kraut mit gelben Bl\u00fcten an kurzen, in Trauben angeordneten St\u00e4ngeln. Die Frucht ist eine eif\u00f6rmige, etwa 4 mm lange Schote. Die wichtigsten arzneilich genutzten Teile sind die Bl\u00fcten und die oberirdischen Teile der Pflanze.<\/p>\n<\/blockquote>\n\n\n\n<h2 class=\"wp-block-heading\">04. April 2026 <a href=\"https:\/\/gnews.cz\/wp-admin\/post.php?post=43482&amp;action=edit\" target=\"_blank\" rel=\"noopener\" title=\"\">Der US-Milit\u00e4rhaushalt sieht die Modernisierung und Diversifizierung der Nuklearstreitkr\u00e4fte vor, die Mittel sind f\u00fcr die Verteidigung der USA bestimmt.<\/a><\/h2>\n\n\n\n<blockquote class=\"wp-block-quote is-layout-flow wp-block-quote-is-layout-flow\">\n<p><strong>WASHINGTON, 3. April. Der Vorschlag f\u00fcr den US-Milit\u00e4rhaushalt f\u00fcr das Haushaltsjahr 2027, den das Wei\u00dfe Haus dem Kongress vorgelegt hat, enth\u00e4lt eine Zuweisung von Mitteln f\u00fcr die Modernisierung und Diversifizierung strategischer Atomwaffen, so das Wei\u00dfe Haus in einer Erkl\u00e4rung.<\/strong><\/p>\n<\/blockquote>\n\n\n\n<h2 class=\"wp-block-heading\">05. April 2026 <a href=\"https:\/\/gnews.cz\/wp-admin\/post.php?post=43543&amp;action=edit\" target=\"_blank\" rel=\"noopener\" title=\"\">Die Entwicklung eines Krebsimpfstoffs f\u00fcr einen bestimmten Patienten in Russland dauert etwa 3 Monate<\/a><\/h2>\n\n\n\n<blockquote class=\"wp-block-quote is-layout-flow wp-block-quote-is-layout-flow\">\n<p><strong>SIRIUS, 5. April. Es dauert etwa drei Monate, um einen Krebsimpfstoff f\u00fcr einen bestimmten Patienten zu entwickeln, sagte Vladimir Gamaleji, stellvertretender Direktor des Nationalen Forschungszentrums f\u00fcr Epidemiologie und Mikrobiologie N.F.\u00a0<strong>Alexandrowitsch Guschtschin<\/strong><\/strong>.\"<\/p>\n<\/blockquote>\n\n\n\n<h2 class=\"wp-block-heading\"><strong>Jan Vojt\u011bch, <\/strong>Chefredakteur General News<\/h2>","protected":false},"excerpt":{"rendered":"<p>30. M\u00e4rz 2026 Die USA und Israel treiben die Welt auf den Dritten Weltkrieg zu, warnt Jeffrey Sachs Der renommierte amerikanische Wirtschaftswissenschaftler und Professor der Columbia University...<\/p>","protected":false},"author":10,"featured_media":43548,"comment_status":"open","ping_status":"closed","sticky":false,"template":"","format":"standard","meta":{"_acf_changed":false,"_lmt_disableupdate":"","_lmt_disable":"","footnotes":""},"categories":[2968,7,658,1,1376,580,2973],"tags":[12246,12403,2083,12391,1264,45,2408,12399,22,3446,46,78,12395,10003,11683,760,3552,12004,2198,12397,1506,12393,12396,12405,12406,10,11998,12390,5438,12401,2030,4228,1563,12407,458,26,9348,12392,17,11996,29,38,3391,12404,9286,12402,41,12400,12394,12398],"class_list":["post-43547","post","type-post","status-publish","format-standard","has-post-thumbnail","hentry","category-domaci","category-politika","category-prectete-si","category-tema","category-tyden-na-general-news","category-vyber-sefredaktora","category-zahranicni","tag-americka-obrana","tag-americky-vojensky-rozpocet","tag-analyza","tag-andrj-babis","tag-blizkay-vychod","tag-cr","tag-ceska-vlada","tag-cevy","tag-cina","tag-erste-bank","tag-eu","tag-evropa","tag-geopoliticky-vliv","tag-globalni-konflikt","tag-herbar","tag-iran-3","tag-jeffrey-sachs","tag-kolumbijska-univerzita","tag-komercni-banka","tag-komonice-lekarska-2","tag-krev","tag-memorandum","tag-monety-bank","tag-n-f-gamaleji","tag-narodniho-vyzkumneho-centra-epidemiologie-a-mikrobiologie-n-f-gamaleji","tag-news","tag-nikkei-asia","tag-nova-horka-ve-studence","tag-obranny-prumysl","tag-plody","tag-prazska-burza","tag-raketove-systemy","tag-rakovina","tag-reditel","tag-robert-fico","tag-rusko","tag-rusko-ukrajinsky-konflikt","tag-slovenska-vlada","tag-top","tag-treti-svetova-valka","tag-ukrajina","tag-usa","tag-vakciny","tag-vladimir-alexandrovic-guscin","tag-vojenska-technika","tag-vojteska-sladka","tag-world","tag-zapadni-asie","tag-zisky","tag-zlata-bylina"],"acf":[],"aioseo_notices":[],"_links":{"self":[{"href":"https:\/\/gnews.cz\/de\/wp-json\/wp\/v2\/posts\/43547","targetHints":{"allow":["GET"]}}],"collection":[{"href":"https:\/\/gnews.cz\/de\/wp-json\/wp\/v2\/posts"}],"about":[{"href":"https:\/\/gnews.cz\/de\/wp-json\/wp\/v2\/types\/post"}],"author":[{"embeddable":true,"href":"https:\/\/gnews.cz\/de\/wp-json\/wp\/v2\/users\/10"}],"replies":[{"embeddable":true,"href":"https:\/\/gnews.cz\/de\/wp-json\/wp\/v2\/comments?post=43547"}],"version-history":[{"count":4,"href":"https:\/\/gnews.cz\/de\/wp-json\/wp\/v2\/posts\/43547\/revisions"}],"predecessor-version":[{"id":43594,"href":"https:\/\/gnews.cz\/de\/wp-json\/wp\/v2\/posts\/43547\/revisions\/43594"}],"wp:featuredmedia":[{"embeddable":true,"href":"https:\/\/gnews.cz\/de\/wp-json\/wp\/v2\/media\/43548"}],"wp:attachment":[{"href":"https:\/\/gnews.cz\/de\/wp-json\/wp\/v2\/media?parent=43547"}],"wp:term":[{"taxonomy":"category","embeddable":true,"href":"https:\/\/gnews.cz\/de\/wp-json\/wp\/v2\/categories?post=43547"},{"taxonomy":"post_tag","embeddable":true,"href":"https:\/\/gnews.cz\/de\/wp-json\/wp\/v2\/tags?post=43547"}],"curies":[{"name":"wp","href":"https:\/\/api.w.org\/{rel}","templated":true}]}}