{"id":43565,"date":"2026-04-06T15:00:00","date_gmt":"2026-04-06T13:00:00","guid":{"rendered":"https:\/\/gnews.cz\/?p=43565"},"modified":"2026-04-06T09:52:59","modified_gmt":"2026-04-06T07:52:59","slug":"nemecka-armada-si-zacina-hlidat-muze-delsi-pobyt-v-cizine-bude-jen-na-povoleni","status":"publish","type":"post","link":"https:\/\/gnews.cz\/de\/tema\/nemecka-armada-si-zacina-hlidat-muze-delsi-pobyt-v-cizine-bude-jen-na-povoleni\/","title":{"rendered":"Die deutsche Armee beginnt, die M\u00e4nner zu beobachten. L\u00e4ngere Auslandsaufenthalte sind nur noch mit Genehmigung m\u00f6glich."},"content":{"rendered":"<p><strong>BERLIN - Deutsche M\u00e4nner im Alter von 17 bis 45 Jahren m\u00fcssen jetzt eine Genehmigung bei den Beh\u00f6rden beantragen, wenn sie sich f\u00fcr l\u00e4ngere Zeit im Ausland aufhalten wollen. Dies ist das Ergebnis von \u00c4nderungen im Rahmen des Wehrdienstmodernisierungsgesetzes, das am 1. Januar in Kraft getreten ist und unter anderem eine freiwillige Form des Wehrdienstes einf\u00fchrt. Darauf hat die BBC hingewiesen.<\/strong><\/p>\n\n\n\n<p>Ziel der Ma\u00dfnahmen ist es, die Verteidigung des Landes zu st\u00e4rken, um auf die Sicherheitsbedrohungen im Zusammenhang mit dem russischen Einmarsch in der Ukraine zu reagieren. Ein Sprecher des Verteidigungsministeriums erkl\u00e4rte gegen\u00fcber der BBC, dass M\u00e4nner ab 17 Jahren nun eine Aufenthaltsgenehmigung beantragen m\u00fcssen, wenn sie f\u00fcr mehr als drei Monate ins Ausland reisen wollen. Nach geltendem Recht m\u00fcssten die Beh\u00f6rden die Antr\u00e4ge normalerweise genehmigen. Es ist jedoch noch nicht klar, wie die Vorschrift im Falle eines Versto\u00dfes gegen sie durchgesetzt werden soll. Ein Sprecher des Verteidigungsministeriums erkl\u00e4rte, dass die Regelung darauf abziele, ein zuverl\u00e4ssiges und aussagekr\u00e4ftiges milit\u00e4risches Registrierungssystem zu gew\u00e4hrleisten, da es wichtig sei zu wissen, wer sich im Notfall l\u00e4nger im Ausland aufhalten k\u00f6nne. <\/p>\n\n\n\n<p>Das Ministerium r\u00e4umte auch ein, dass die Ma\u00dfnahme weitreichende Auswirkungen auf junge Menschen haben k\u00f6nnte, und erkl\u00e4rte, dass Ausnahmeregelungen ausgearbeitet w\u00fcrden, um unn\u00f6tige B\u00fcrokratie zu vermeiden. Rechtsgrundlage f\u00fcr die Meldepflicht ist das deutsche Wehrpflichtgesetz von 1956, das mehrfach ge\u00e4ndert wurde, zuletzt im vergangenen Dezember. Vor der letzten \u00c4nderung galt die Meldepflicht f\u00fcr l\u00e4ngere Auslandsaufenthalte nur f\u00fcr Zeiten, in denen Deutschland in Verteidigungsbereitschaft oder Mobilmachung war. Einem Beamten des Verteidigungsministeriums zufolge gab es w\u00e4hrend des Kalten Krieges eine \u00e4hnliche Bestimmung, die jedoch in der Praxis nicht angewandt wurde.<\/p>\n\n\n\n<h3 class=\"wp-block-heading\" id=\"--zeme-chce-vice-aktivnich-vojaku\">Das Land will mehr aktive Soldaten<\/h3>\n\n\n\n<p>Das Gesetz zur Modernisierung des Milit\u00e4rdienstes sieht au\u00dferdem vor, die Zahl der aktiven Soldaten bis 2035 von heute rund 180 000 auf 260 000 zu erh\u00f6hen. Das Parlament billigte im Dezember auch die Einf\u00fchrung des freiwilligen Wehrdienstes, was bedeutet, dass alle 18-J\u00e4hrigen einen Fragebogen erhalten, in dem sie gefragt werden, ob sie der Armee beitreten m\u00f6chten. Ab Juli 2027 m\u00fcssen auch M\u00e4nner einen k\u00f6rperlichen Eignungstest absolvieren, um festzustellen, ob sie im Kriegsfall diensttauglich sind. Frauen k\u00f6nnen sich freiwillig zum Dienst in der Armee melden. Nach dem deutschen Grundgesetz k\u00f6nnen sie nicht zum Dienst in der Armee gezwungen werden.<\/p>\n\n\n\n<p>Obwohl der Plan auf Freiwilligkeit beruht, k\u00f6nnte eine Form der Wehrpflicht erwogen werden, wenn sich die Sicherheitslage verschlechtert oder ein Mangel an Freiwilligen besteht. Als das Gesetz vom Parlament verabschiedet wurde, schlossen sich viele junge Menschen den Protesten gegen die \u00c4nderungen an. Wie andere europ\u00e4ische L\u00e4nder hat auch Deutschland seine Streitkr\u00e4fte in den friedlichen 1990er Jahren reduziert. Zur Zeit des Kalten Krieges verf\u00fcgte es \u00fcber eine Armee von fast einer halben Million Soldaten. Die Wehrpflicht in Deutschland wurde 2011 unter Bundeskanzlerin Angela Merkel abgeschafft.<\/p>\n\n\n\n<p><strong><a href=\"https:\/\/www.idnes.cz\/zpravy\/zahranicni\/nemecti-muzi-do-45-let-nutny-souhlas-pobyt-zahranici.A260405_155429_zahranicni_ikul\">idnes.cz<\/a>\/gnews.cz<\/strong><\/p>","protected":false},"excerpt":{"rendered":"<p>BERLIN - Deutsche M\u00e4nner im Alter zwischen 17 und 45 Jahren m\u00fcssen jetzt eine Genehmigung bei den Beh\u00f6rden beantragen, wenn sie l\u00e4nger in Deutschland bleiben...<\/p>","protected":false},"author":10,"featured_media":43569,"comment_status":"open","ping_status":"closed","sticky":false,"template":"","format":"standard","meta":{"_acf_changed":false,"_lmt_disableupdate":"","_lmt_disable":"","footnotes":""},"categories":[7,658,1,2973],"tags":[12362,2909,1836,717,46,78,2480,2929,173,1184,10,12361,17,29,12359,12358,41,12360],"class_list":["post-43565","post","type-post","status-publish","format-standard","has-post-thumbnail","hentry","category-politika","category-prectete-si","category-tema","category-zahranicni","tag-aktivni-vojaci","tag-angela-merkelova","tag-bbc","tag-berlin","tag-eu","tag-evropa","tag-ministerstvo-obrany","tag-mladi-lide","tag-nemecko","tag-nemecky-kancler","tag-news","tag-obranyschopnost-zeme","tag-top","tag-ukrajina","tag-vojenska-evidence","tag-vojenska-sluzba","tag-world","tag-zakon-o-modernizaci-vojenske-sluzby"],"acf":[],"aioseo_notices":[],"_links":{"self":[{"href":"https:\/\/gnews.cz\/de\/wp-json\/wp\/v2\/posts\/43565","targetHints":{"allow":["GET"]}}],"collection":[{"href":"https:\/\/gnews.cz\/de\/wp-json\/wp\/v2\/posts"}],"about":[{"href":"https:\/\/gnews.cz\/de\/wp-json\/wp\/v2\/types\/post"}],"author":[{"embeddable":true,"href":"https:\/\/gnews.cz\/de\/wp-json\/wp\/v2\/users\/10"}],"replies":[{"embeddable":true,"href":"https:\/\/gnews.cz\/de\/wp-json\/wp\/v2\/comments?post=43565"}],"version-history":[{"count":1,"href":"https:\/\/gnews.cz\/de\/wp-json\/wp\/v2\/posts\/43565\/revisions"}],"predecessor-version":[{"id":43570,"href":"https:\/\/gnews.cz\/de\/wp-json\/wp\/v2\/posts\/43565\/revisions\/43570"}],"wp:featuredmedia":[{"embeddable":true,"href":"https:\/\/gnews.cz\/de\/wp-json\/wp\/v2\/media\/43569"}],"wp:attachment":[{"href":"https:\/\/gnews.cz\/de\/wp-json\/wp\/v2\/media?parent=43565"}],"wp:term":[{"taxonomy":"category","embeddable":true,"href":"https:\/\/gnews.cz\/de\/wp-json\/wp\/v2\/categories?post=43565"},{"taxonomy":"post_tag","embeddable":true,"href":"https:\/\/gnews.cz\/de\/wp-json\/wp\/v2\/tags?post=43565"}],"curies":[{"name":"wp","href":"https:\/\/api.w.org\/{rel}","templated":true}]}}