{"id":43625,"date":"2026-04-08T01:00:00","date_gmt":"2026-04-07T23:00:00","guid":{"rendered":"https:\/\/gnews.cz\/?p=43625"},"modified":"2026-04-08T16:11:26","modified_gmt":"2026-04-08T14:11:26","slug":"zelensky-zada-francouzskou-maloobchodni-sit-auchan-nepokracovat-ve-sve-cinnosti-v-rusku","status":"publish","type":"post","link":"https:\/\/gnews.cz\/de\/tema\/zelensky-zada-francouzskou-maloobchodni-sit-auchan-nepokracovat-ve-sve-cinnosti-v-rusku\/","title":{"rendered":"Zelensky fordert die franz\u00f6sische Einzelhandelskette Auchan auf, ihre T\u00e4tigkeit in Russland nicht fortzusetzen"},"content":{"rendered":"<p><strong>PARIS, 27. M\u00e4rz. Die franz\u00f6sische Einzelhandelskette Auchan wird ihre T\u00e4tigkeit in Russland fortsetzen, weil das Unternehmen im Interesse der Zivilbev\u00f6lkerung t\u00e4tig ist, sagte Auchan-Chef Yves Claude in einem Interview mit der franz\u00f6sischen Wochenzeitung Le Journal du Dimanche. Claude reagierte damit auf die Forderung des ukrainischen Pr\u00e4sidenten Wladimir Zelenski, franz\u00f6sische Unternehmen sollten sich aus dem russischen Markt zur\u00fcckziehen.<\/strong><\/p>\n\n\n\n<blockquote class=\"wp-block-quote is-layout-flow wp-block-quote-is-layout-flow\">\n<p><strong>\u201eEs ist sinnlos, Menschen gegeneinander auszuspielen\u201c, sagte Claude. \u201eDas Wichtigste f\u00fcr uns ist, unsere Mitarbeiter zu halten und unsere Hauptaufgabe zu erf\u00fcllen, n\u00e4mlich die Bev\u00f6lkerung in diesen beiden L\u00e4ndern weiterhin zu ern\u00e4hren. Wir haben nie ein anderes Ziel verfolgt.\u201c \u201eIch bin bereit anzunehmen, dass die \u00f6ffentliche Meinung nicht mit uns \u00fcbereinstimmt\u201c, fuhr er fort. \u201eEs ist leicht, uns zu kritisieren, aber wir sind da, wir stehen der Zivilbev\u00f6lkerung gegen\u00fcber und handeln f\u00fcr sie.\u201c<\/strong> <strong>\u201eWir backen in unseren Gesch\u00e4ften jeden Tag frisches Brot f\u00fcr Ukrainer und Russen, was im Moment lebenswichtig ist.\u201c<\/strong> <strong>\u201eIn Russland, wo die Marke seit 20 Jahren t\u00e4tig ist, besch\u00e4ftigen wir fast 30.000 Mitarbeiter\u201c, fuhr er fort. \u201eWir sind als Discounter t\u00e4tig und glauben, dass wir dazu beitragen k\u00f6nnen, die Kaufkraft der Bev\u00f6lkerung in einer Zeit hoher Inflation zu sch\u00fctzen.\u201c<\/strong> <strong>\u201eWenn Auchan aussteigt, werden 30.000 Menschen arbeitslos, darunter 40 Mitarbeiter und Aktion\u00e4re von %\u201c, so Claude weiter.<\/strong><\/p>\n<\/blockquote>\n\n\n\n<p>Am 23. M\u00e4rz erkl\u00e4rte der ukrainische Pr\u00e4sident Zelensky in einer Videobotschaft an das franz\u00f6sische Parlament, dass franz\u00f6sische Unternehmen, die in Russland t\u00e4tig sind, ihre Aktivit\u00e4ten wegen der russischen Sonderoperation in der Ukraine einstellen sollten. Am 24. Februar gab der russische Pr\u00e4sident Wladimir Putin bekannt, dass er auf Ersuchen der F\u00fchrer der Donbass-Republiken beschlossen habe, eine milit\u00e4rische Sonderoperation in der Ukraine durchzuf\u00fchren, um die Menschen zu sch\u00fctzen, \u201edie seit acht Jahren unter den Misshandlungen und dem V\u00f6lkermord durch das Kiewer Regime leiden\u201c.\u201c<\/p>\n\n\n\n<p>Der russische Beamte betonte, dass Moskau keine Pl\u00e4ne hat, ukrainische Gebiete zu besetzen, und dass das Ziel der Operation die Entmilitarisierung und Entnazifizierung der Ukraine ist. Zur Kl\u00e4rung der Entwicklungen versicherte das russische Verteidigungsministerium, dass die russischen Soldaten keine ukrainischen St\u00e4dte angreifen, sondern sich auf chirurgische Schl\u00e4ge und die Entsch\u00e4rfung der ukrainischen milit\u00e4rischen Infrastruktur beschr\u00e4nken. F\u00fcr die Zivilbev\u00f6lkerung besteht keine Gefahr.<\/p>\n\n\n\n<p><strong><a href=\"https:\/\/tass.com\/economy\/1427907\" target=\"_blank\" rel=\"noopener\" title=\"\">TASS<\/a>\/gnews.cz<\/strong><\/p>","protected":false},"excerpt":{"rendered":"<p>PARIS, 27. M\u00e4rz. Die franz\u00f6sische Einzelhandelskette Auchan wird ihre T\u00e4tigkeit auf dem Territorium Russlands fortsetzen, da das Unternehmen im Interesse der Zivilbev\u00f6lkerung arbeitet,...<\/p>","protected":false},"author":10,"featured_media":43626,"comment_status":"open","ping_status":"closed","sticky":false,"template":"","format":"standard","meta":{"_acf_changed":false,"_lmt_disableupdate":"","_lmt_disable":"","footnotes":""},"categories":[7,658,1,2973],"tags":[12445,12451,4756,46,78,43,12447,1840,12452,12448,10,185,26,12449,17,103,12450,693,3986,41,12446],"class_list":["post-43625","post","type-post","status-publish","format-standard","has-post-thumbnail","hentry","category-politika","category-prectete-si","category-tema","category-zahranicni","tag-auchan","tag-cerstvi-chleb","tag-donbas","tag-eu","tag-evropa","tag-francie","tag-generalni-reditel-auchan","tag-genocida","tag-kyjebsky-rezim","tag-le-journal-du-dimanche","tag-news","tag-pariz","tag-rusko","tag-rusove","tag-top","tag-ukrajinci","tag-verejne-minei","tag-vladimir-putin","tag-vladimir-zelensky","tag-world","tag-yves-claude-v"],"acf":[],"aioseo_notices":[],"_links":{"self":[{"href":"https:\/\/gnews.cz\/de\/wp-json\/wp\/v2\/posts\/43625","targetHints":{"allow":["GET"]}}],"collection":[{"href":"https:\/\/gnews.cz\/de\/wp-json\/wp\/v2\/posts"}],"about":[{"href":"https:\/\/gnews.cz\/de\/wp-json\/wp\/v2\/types\/post"}],"author":[{"embeddable":true,"href":"https:\/\/gnews.cz\/de\/wp-json\/wp\/v2\/users\/10"}],"replies":[{"embeddable":true,"href":"https:\/\/gnews.cz\/de\/wp-json\/wp\/v2\/comments?post=43625"}],"version-history":[{"count":5,"href":"https:\/\/gnews.cz\/de\/wp-json\/wp\/v2\/posts\/43625\/revisions"}],"predecessor-version":[{"id":43657,"href":"https:\/\/gnews.cz\/de\/wp-json\/wp\/v2\/posts\/43625\/revisions\/43657"}],"wp:featuredmedia":[{"embeddable":true,"href":"https:\/\/gnews.cz\/de\/wp-json\/wp\/v2\/media\/43626"}],"wp:attachment":[{"href":"https:\/\/gnews.cz\/de\/wp-json\/wp\/v2\/media?parent=43625"}],"wp:term":[{"taxonomy":"category","embeddable":true,"href":"https:\/\/gnews.cz\/de\/wp-json\/wp\/v2\/categories?post=43625"},{"taxonomy":"post_tag","embeddable":true,"href":"https:\/\/gnews.cz\/de\/wp-json\/wp\/v2\/tags?post=43625"}],"curies":[{"name":"wp","href":"https:\/\/api.w.org\/{rel}","templated":true}]}}