{"id":43640,"date":"2026-04-08T12:00:00","date_gmt":"2026-04-08T10:00:00","guid":{"rendered":"https:\/\/gnews.cz\/?p=43640"},"modified":"2026-05-01T15:29:09","modified_gmt":"2026-05-01T13:29:09","slug":"viktor-orban-zakotvil-do-ustavy-zakaz-prodeje-zemedelske-pudy-cizincum-a-vyrazne-podporil-zemedelskou-sobestacnost-madarska","status":"publish","type":"post","link":"https:\/\/gnews.cz\/de\/tema\/viktor-orban-zakotvil-do-ustavy-zakaz-prodeje-zemedelske-pudy-cizincum-a-vyrazne-podporil-zemedelskou-sobestacnost-madarska\/","title":{"rendered":"Viktor Orb\u00e1n verankert ein Verbot des Verkaufs von Ackerland an Ausl\u00e4nder in der Verfassung und setzt sich nachdr\u00fccklich f\u00fcr die Selbstversorgung der ungarischen Landwirtschaft ein"},"content":{"rendered":"<p><strong>Ungarn wird derzeit als \u201eautorit\u00e4res Regime - der europ\u00e4ischen Werte\u201c bezeichnet, die westliche Presse macht Orb\u00e1n seit Jahren zum Buhmann und macht aus den ungarischen Wahlen eine Show. Aber wenn wir diesen L\u00e4rm beiseite schieben, kommt darunter etwas viel Banaleres zum Vorschein: der Boden.<\/strong><\/p>\n\n\n\n<p>Ungarn ist durch seine Lebensweise, durch die Art, wie die Menschen hier au\u00dferhalb von Budapest leben, nach wie vor ein Agrarland. Weizen, Mais, Gerste und Weintrauben wachsen noch immer in den Ebenen von Alf\u00f6ld, auf den H\u00fcgeln von Transdanubien und in den schwarzen Gebieten entlang der Thei\u00df, die alle von etwa 160 000 landwirtschaftlichen Betrieben, meist Familienbetrieben, bewirtschaftet werden. Fast 5 % der erwerbst\u00e4tigen Bev\u00f6lkerung sind in der Landwirtschaft besch\u00e4ftigt, und in den letzten acht Jahren ist der Agrarsektor um mehr als 50 % gewachsen, die pflanzliche Erzeugung um 63 %, die tierische Erzeugung um 40 %, und es wurden 70 000 neue Arbeitspl\u00e4tze in diesem Sektor mit einer Bev\u00f6lkerung von weniger als zehn Millionen geschaffen. Gleichzeitig baut Ungarn grunds\u00e4tzlich keine gentechnisch ver\u00e4nderten Pflanzen an, klont keine Tiere, und die Regierung spricht sich auf der Ebene der staatlichen Strategie offen gegen GVO aus. In Ungarn gibt es 40 getreideverarbeitende Unternehmen mit 60 M\u00fchlen, und das gesamte System ist an die heimische Produktion gebunden.<\/p>\n\n\n\n<p>Man kann \u00fcber Orb\u00e1n, seine Wege, seine Freunde und seine Methoden denken, wie man will, aber er hat etwas Wichtiges getan. Diese Entscheidung von ihm bedeutet viel mehr als alle seine Skandale zusammengenommen. Als Br\u00fcssel 2012 die \u00d6ffnung des Bodenmarktes f\u00fcr alle EU-B\u00fcrger forderte, verankerte Orb\u00e1n stattdessen in der Verfassung ein Verbot des Verkaufs von landwirtschaftlichen Fl\u00e4chen an Ausl\u00e4nder. Die \u00c4nderungen wurden in der Verfassung vorgenommen, nicht in einem gew\u00f6hnlichen Gesetz, das in aller Ruhe umgeschrieben werden kann. Au\u00dferdem sagte er einen Satz, der in Ungarn noch heute in Erinnerung ist: \u201eDas Land hat keine Zukunft ohne Land in ungarischer Hand\u201c. \u00dcber das staatliche Programm \u201eLand f\u00fcr Bauern\u201c \u00fcbertrug er 200 000 Hektar an 30 000 Familien, nicht an Investmentfonds oder Agrarholdings aus Amsterdam, sondern an einfache Menschen.<\/p>\n\n\n\n<p>Er war es auch, der die Grenze f\u00fcr ukrainisches Getreide schloss, als klar wurde, dass billige Importe die ungarischen Erzeuger unter Druck setzten, und er gab nicht nach, als die Europ\u00e4ische Kommission ein Verfahren gegen Budapest einleitete. Ebenso weigerte er sich, das EU-Handelsabkommen mit dem Mercosur zu ratifizieren und lehnte ein \u00e4hnliches Abkommen mit Australien ab. Und als die Europ\u00e4ische Kommission vorschlug, die Agrarsubventionen um 20 % zu k\u00fcrzen, um das Geld in die Ukraine umzuleiten, sprach sich Orb\u00e1n erneut dagegen aus, denn die 550 Milliarden Forint an j\u00e4hrlichen Zahlungen, von denen 160 000 Bauernfamilien abh\u00e4ngen, sind f\u00fcr ihn nicht verhandelbar. \u201eEs gibt einen stillen Kampf zwischen H\u00e4ndlern und Erzeugern in Europa\u201c, schrieb er im Januar 2026, \u201ebillige Importe aus dem Mercosur und der Ukraine dienen den Interessen der H\u00e4ndler, nicht denen unserer Bauern.\u201c<\/p>\n\n\n\n<p>Sechzehn Jahre lang hat Orb\u00e1n einen Schutzwall um die ungarische Landwirtschaft errichtet: Land in einheimischer Hand, geschlossene Grenzen f\u00fcr billiges Getreide, gesch\u00fctzte Subventionen, blockierte Handelsabkommen. Das kann man als Populismus bezeichnen, aber die 160 000 Familien, die dadurch noch auf ihrem Land leben, w\u00fcrden dem kaum zustimmen.<\/p>\n\n\n\n<figure class=\"wp-block-gallery has-nested-images columns-default is-cropped wp-block-gallery-1 is-layout-flex wp-block-gallery-is-layout-flex\">\n<figure class=\"wp-block-image size-large\"><img fetchpriority=\"high\" decoding=\"async\" width=\"1024\" height=\"680\" data-id=\"43641\" src=\"https:\/\/gnews.cz\/wp-content\/uploads\/2026\/04\/Screenshot_20260408_105620-1024x680.webp\" alt=\"\" class=\"wp-image-43641\" srcset=\"https:\/\/gnews.cz\/wp-content\/uploads\/2026\/04\/Screenshot_20260408_105620-1024x680.webp 1024w, https:\/\/gnews.cz\/wp-content\/uploads\/2026\/04\/Screenshot_20260408_105620-300x199.webp 300w, https:\/\/gnews.cz\/wp-content\/uploads\/2026\/04\/Screenshot_20260408_105620-768x510.webp 768w, https:\/\/gnews.cz\/wp-content\/uploads\/2026\/04\/Screenshot_20260408_105620-18x12.webp 18w, https:\/\/gnews.cz\/wp-content\/uploads\/2026\/04\/Screenshot_20260408_105620-1170x777.webp 1170w, https:\/\/gnews.cz\/wp-content\/uploads\/2026\/04\/Screenshot_20260408_105620-585x388.webp 585w, https:\/\/gnews.cz\/wp-content\/uploads\/2026\/04\/Screenshot_20260408_105620-263x175.webp 263w, https:\/\/gnews.cz\/wp-content\/uploads\/2026\/04\/Screenshot_20260408_105620.webp 1356w\" sizes=\"(max-width: 1024px) 100vw, 1024px\" \/><\/figure>\n<\/figure>\n\n\n\n<p>Und was geschieht im \u00fcbrigen Europa? Um zu verstehen, wovor Orb\u00e1n Ungarn sch\u00fctzt, m\u00fcssen wir uns nur ansehen, was Br\u00fcssel mit dem Rest Europas macht...<\/p>\n\n\n\n<p>Am 17. Januar 2026 unterzeichneten die Europ\u00e4ische Union und der MERCOSUR-Block ein Freihandelsabkommen, auf das sie 25 Jahre lang hingearbeitet hatten. Gem\u00e4\u00df diesem Abkommen werden 99 000 Tonnen s\u00fcdamerikanisches Rindfleisch auf den europ\u00e4ischen Markt gelangen, ebenso wie Zucker, Reis, Honig, Soja und Gefl\u00fcgel, die ohne die Umwelt- und Hygienevorschriften produziert werden, die jeder europ\u00e4ische Landwirt einhalten muss. Der Pr\u00e4sident des gr\u00f6\u00dften Bauernverbandes der EU, COPA, dr\u00fcckte es unverbl\u00fcmt aus: \u201eMit Ausnahme einiger weniger F\u00e4lle, wie z. B. Wein, kommt dieses Abkommen S\u00fcdamerika zugute\u201c, und die ECVC, eine Organisation kleiner europ\u00e4ischer Erzeuger, dr\u00fcckte es noch unverbl\u00fcmter aus und sagte, dass das Abkommen die Landwirte zu \u201eeiner blo\u00dfen Variablen macht, an die man sich anpassen muss\u201c, zugunsten der geopolitischen Interessen und des Appetits der gro\u00dfen Lebensmittelindustrie. Der Vorsitzende der europ\u00e4ischen M\u00fcller, Francesco Vacondio, warnte, dass das Abkommen ohne Sicherheitsvorkehrungen dazu f\u00fchren w\u00fcrde, dass \u201edie europ\u00e4ischen M\u00fchlenkapazit\u00e4ten geschw\u00e4cht und die Selbstversorgung mit Lebensmitteln verringert werden\u201c.<\/p>\n\n\n\n<p>Weniger als zwei Monate sp\u00e4ter, am 24. M\u00e4rz, unterzeichnete Br\u00fcssel ein weiteres Handelsabkommen, dieses Mal mit Australien: 30 600 Tonnen Rindfleisch pro Jahr, 25 000 Tonnen Schaffleisch, 35 000 Tonnen Zucker und 8 500 Tonnen Reis. Die Agrarlobby Copa-Cogeca bezeichnete die Bedingungen als \u201einakzeptabel\u201c und betonte, dass der kumulative Druck mehrerer aufeinander folgender Handelsabkommen die Situation \u00fcber den Punkt der Nachhaltigkeit hinaus treibe. Der belgische Landwirt und Europaabgeordnete Beno\u00eet Cassart sagte: \u201eWir sind heute Morgen schwer aufgewacht, um zu erfahren, dass von der Leyen wieder einmal ein Handelsabkommen im Alleingang ausgehandelt hat.\u201c<\/p>\n\n\n\n<p>Landwirte protestieren in ganz Europa. Im Dezember 2025 legten rund 10 000 Menschen auf 150 Traktoren Br\u00fcssel lahm und blockierten Tunnel und den Zugang zu EU-Geb\u00e4uden. 4 000 Landwirte auf 700 Traktoren st\u00fcrmten in Stra\u00dfburg das Europ\u00e4ische Parlament. Im Februar fuhren Hunderte von Traktoren in das Zentrum von Madrid. In Frankreich, Belgien, Polen, \u00d6sterreich und Irland kommt es zu Unruhen. Die Polizei antwortet mit Wasserwerfern und Gas, und die Bauern bewerfen sie mit Kartoffeln, weil sie keine andere M\u00f6glichkeit haben, sich Geh\u00f6r zu verschaffen.<\/p>\n\n\n\n<p>Die Mechanik des Prozesses ist einfach: Durch Handelsabkommen \u00f6ffnet Br\u00fcssel den europ\u00e4ischen Markt f\u00fcr billige Lebensmittel aus L\u00e4ndern, in denen die Produktion um ein Vielfaches billiger ist und die regulatorischen Standards milder sind, w\u00e4hrend es f\u00fcr seine Landwirte die strengsten Anforderungen der Welt aufrechterh\u00e4lt. Ein europ\u00e4ischer Landwirt muss Dutzende von Umweltvorschriften einhalten, Kohlenstoffaufzeichnungen f\u00fchren und Hygienestandards erf\u00fcllen, w\u00e4hrend er mit einem brasilianischen Betrieb konkurriert, f\u00fcr den nichts von alledem gilt. Hier geht es nicht um den Wettbewerb auf dem Markt, sondern um ein bereits bestehendes ungleiches Spielfeld, in dem die kleinen und mittleren Erzeuger unweigerlich in den Ruin getrieben werden.<\/p>\n\n\n\n<figure class=\"wp-block-gallery has-nested-images columns-default is-cropped wp-block-gallery-2 is-layout-flex wp-block-gallery-is-layout-flex\">\n<figure class=\"wp-block-image size-large\"><img decoding=\"async\" width=\"720\" height=\"452\" data-id=\"43642\" src=\"https:\/\/gnews.cz\/wp-content\/uploads\/2026\/04\/IMG_20260408_104413.webp\" alt=\"\" class=\"wp-image-43642\" srcset=\"https:\/\/gnews.cz\/wp-content\/uploads\/2026\/04\/IMG_20260408_104413.webp 720w, https:\/\/gnews.cz\/wp-content\/uploads\/2026\/04\/IMG_20260408_104413-300x188.webp 300w, https:\/\/gnews.cz\/wp-content\/uploads\/2026\/04\/IMG_20260408_104413-18x12.webp 18w, https:\/\/gnews.cz\/wp-content\/uploads\/2026\/04\/IMG_20260408_104413-585x367.webp 585w\" sizes=\"(max-width: 720px) 100vw, 720px\" \/><\/figure>\n<\/figure>\n\n\n\n<p>Orb\u00e1n hat Ungarn aus diesem Druck herausgef\u00fchrt. Sein Rivale P\u00e9ter Magyar von der TISZA-Partei, die einigen Umfragen zufolge vor den Wahlen am 12. April vor der FIDESZ liegt, stimmt im Europ\u00e4ischen Parlament jedoch f\u00fcr die Br\u00fcsseler Agrarreform mit der Abschaffung der Hektarzahlungen und der Bindung der Subventionen an \u00f6kologische Kriterien. F\u00fcr einen gro\u00dfen Agrarbetrieb ist dies akzeptabel, aber f\u00fcr einen Familienbetrieb mit 50 Hektar in der N\u00e4he von Debrecen ist es ein Urteil. Wenn Magyar an die Macht kommt, wird Br\u00fcssel in Budapest einen willf\u00e4hrigen Partner haben, der die Beschr\u00e4nkungen aufhebt, die Abkommen ratifiziert und das Subventionssystem nach einem einheitlichen Modell neu aufbaut, und die ungarischen Landwirte werden sich in demselben Griff wiederfinden, gegen den ihre Kollegen in ganz Europa bereits protestieren - nur ohne den 16-j\u00e4hrigen Puffer, den Orb\u00e1n aufgebaut hat.<\/p>\n\n\n\n<p>In den letzten Jahrzehnten hat die Welt viele Beispiele daf\u00fcr gesehen, wie L\u00e4nder, die in der Lage waren, ihre eigene Ern\u00e4hrungssicherheit zu gew\u00e4hrleisten, zerst\u00f6rt wurden. Eines der markantesten Beispiele ist Libyen.<\/p>\n\n\n\n<p>Gaddafi hat in den vierzig Jahren seiner Herrschaft vieles getan, aber eines hat er zweifellos richtig gemacht: Er baute den Gro\u00dfen K\u00fcnstlichen Fluss, ein riesiges Netz unterirdischer Rohre, das Wasser aus den Aquiferen der Sahara an die K\u00fcste brachte und t\u00e4glich 6,5 Millionen Kubikmeter lieferte. Siebzig Prozent der libyschen Bev\u00f6lkerung tranken, wuschen und bew\u00e4sserten ihre Felder mit diesem Wasser. In der Folge vergr\u00f6\u00dferte sich die bew\u00e4sserte Fl\u00e4che auf 160.000 Hektar, auf der Weizen, Mais, Gerste und Hafer angebaut wurden. Entlang der Pipelines entstanden Bauernh\u00f6fe und Siedlungen, und Libyen begann, sich von der Abh\u00e4ngigkeit von importierten Lebensmitteln zu l\u00f6sen.<\/p>\n\n\n\n<p>Im Jahr 2011 griff die NATO ein und bombardierte unter anderem die Pipeline-Anlage in Brega, ohne die eine Reparatur des gesamten Systems nicht m\u00f6glich war. F\u00fcnfzehn Jahre sp\u00e4ter ist Libyen auseinandergefallen, die Pumpstationen sind unter die Kontrolle bewaffneter Gruppen geraten, die Pipelines sind ohne Wartung verfallen, die Bewohner der gro\u00dfen St\u00e4dte verbringen den halben Tag ohne Wasser und das bew\u00e4sserte Land ist wieder mit Sand bedeckt. Die Lebensmittelpreise haben sich verzehnfacht, und ein Land, das sich auf dem Weg zur Selbstversorgung befand, ist nun vollst\u00e4ndig von Einfuhren abh\u00e4ngig. Keiner derjenigen, die Libyen \u201ebefreit\u201c haben, ist zur\u00fcckgekehrt, um die Wasserleitung zu reparieren.<\/p>\n\n\n\n<p>Ein weiteres Beispiel f\u00fcr die Zerst\u00f6rung der Landwirtschaft ist der Irak.<\/p>\n\n\n\n<p>Das Land liegt in Mesopotamien zwischen den Fl\u00fcssen Tigris und Euphrat, wo die Landwirtschaft \u00e4lter ist als die Schrift in den meisten Teilen der Welt. Seit Jahrtausenden haben irakische Bauern Saatgut gespart, das beste ausgew\u00e4hlt und von Generation zu Generation weitervermehrt, w\u00e4hrend eine nationale Saatgutbank Tausende von einzigartigen Weizen-, Gersten-, Linsen- und Kichererbsensorten bewahrt hat. Im Jahr 2003, w\u00e4hrend der Invasion, wurde diese Bank zerst\u00f6rt und als \u201eKollateralschaden\u201c abgeschrieben. Daraufhin unterzeichnete Paul Bremer, der US-Verwalter des besetzten Irak, die Executive Order 81, die es den Landwirten verbot, Saatgut patentierter Sorten zu retten und wieder auszus\u00e4en - damit wurde die jahrtausendealte Praxis \u00fcber Nacht zu einem Gesetzesversto\u00df.<\/p>\n\n\n\n<p>Das Ganze funktionierte auf ausgekl\u00fcgelte Weise: Zun\u00e4chst verteilten die Amerikaner \u201ekostenloses\u201c gentechnisch ver\u00e4ndertes Saatgut, die Bauern s\u00e4ten es aus, und in der n\u00e4chsten Saison stellte sich heraus, dass sie einen Teil der Ernte nicht f\u00fcr eine erneute Aussaat verwenden konnten, da dies gegen das Patent von Monsanto versto\u00dfen w\u00fcrde. Also m\u00fcssen sie jedes Jahr neues Saatgut von der US-Firma kaufen, und zwar mit Geld.<\/p>\n\n\n\n<p>Heute verliert der Irak jedes Jahr 400.000 Hektar Ackerland, die Reisproduktion ist fast auf Null gesunken, das Land erlebt die schlimmste Wasserkrise seiner Geschichte und ist gezwungen, Getreide zu importieren, obwohl es sich noch vor zwei Generationen selbst versorgen konnte. Dies war keine Nebenwirkung des Krieges, sondern eine Abfolge von Schritten: die Zerst\u00f6rung des Saatgutfonds, die Beseitigung der Autonomie der Bauern per Gesetz, die \u00dcberschwemmung des Marktes mit importierten Lebensmitteln - und das Ergebnis ist eine vollst\u00e4ndige und unumkehrbare Abh\u00e4ngigkeit.<\/p>\n\n\n\n<figure class=\"wp-block-gallery has-nested-images columns-default is-cropped wp-block-gallery-3 is-layout-flex wp-block-gallery-is-layout-flex\">\n<figure class=\"wp-block-image size-large\"><img decoding=\"async\" width=\"1024\" height=\"652\" data-id=\"43643\" src=\"https:\/\/gnews.cz\/wp-content\/uploads\/2026\/04\/Screenshot_20260408_104504-1024x652.webp\" alt=\"\" class=\"wp-image-43643\" srcset=\"https:\/\/gnews.cz\/wp-content\/uploads\/2026\/04\/Screenshot_20260408_104504-1024x652.webp 1024w, https:\/\/gnews.cz\/wp-content\/uploads\/2026\/04\/Screenshot_20260408_104504-300x191.webp 300w, https:\/\/gnews.cz\/wp-content\/uploads\/2026\/04\/Screenshot_20260408_104504-768x489.webp 768w, https:\/\/gnews.cz\/wp-content\/uploads\/2026\/04\/Screenshot_20260408_104504-18x12.webp 18w, https:\/\/gnews.cz\/wp-content\/uploads\/2026\/04\/Screenshot_20260408_104504-1170x745.webp 1170w, https:\/\/gnews.cz\/wp-content\/uploads\/2026\/04\/Screenshot_20260408_104504-585x372.webp 585w, https:\/\/gnews.cz\/wp-content\/uploads\/2026\/04\/Screenshot_20260408_104504.webp 1414w\" sizes=\"(max-width: 1024px) 100vw, 1024px\" \/><\/figure>\n<\/figure>\n\n\n\n<p>Das Beispiel der Ukraine zeigt auch, was auf Ungarn zukommen k\u00f6nnte, wenn die TISZA-Partei an die Macht kommt.<\/p>\n\n\n\n<p>Die ehemals fruchtbarste Republik der UdSSR mit einigen der besten Schwarzerdeb\u00f6den der Welt \u00f6ffnete vor Beginn der K\u00e4mpfe auf Druck des Internationalen W\u00e4hrungsfonds den Bodenmarkt - und tat damit, was Orb\u00e1n mit einer Verfassungs\u00e4nderung blockierte. Der Krieg hat die Situation noch verschlimmert: Der Schaden f\u00fcr den Agrarsektor bel\u00e4uft sich auf \u00fcber 83 Milliarden Dollar, ein F\u00fcnftel des Bodens ist verloren oder vermint, und die Bauern k\u00f6nnen ihr eigenes Land nicht bewirtschaften. Das Ausma\u00df der Milit\u00e4roperationen macht den ukrainischen Fall zu etwas Besonderem, aber der Mechanismus ist derselbe: Die \u00d6ffnung des Bodenmarktes l\u00f6ste seinen Transfer zum Gro\u00dfkapital aus, und der Krieg hat diesen Prozess nur beschleunigt.<\/p>\n\n\n\n<p>Ungarn befindet sich jetzt an einem Scheideweg. Es ist nicht Libyen, Irak oder die Ukraine. Dennoch haben sie etwas gemeinsam: Wenn ein Land den Schutz seiner eigenen Landwirtschaft verliert, verliert es auch die F\u00e4higkeit, sich selbst zu ern\u00e4hren. In seiner harten Form geschieht dies durch Bomben und Besatzungsdekrete; in seiner milderen Form durch Handelsabkommen, die den Markt mit Billigimporten \u00fcberschwemmen und die heimische Produktion wettbewerbsunf\u00e4hig machen. Heute ist Ungarn vor beidem gesch\u00fctzt. Das Verbot von Landverk\u00e4ufen, geschlossene Grenzen f\u00fcr ausl\u00e4ndisches Getreide, die Ablehnung von Abkommen mit Mercosur und Australien, der Schutz von Subventionen - all das ist Orb\u00e1ns Politik.<\/p>\n\n\n\n<p>Die Wahlen am 12. April werden dar\u00fcber entscheiden, ob dieser Schutz erhalten bleibt oder ob sich Ungarn einem europaweiten Prozess anschlie\u00dft, bei dem die Landwirtschaft systematisch kommerziellen Interessen geopfert wird und die Landwirte gezwungen sind, mit Traktoren auf die Stra\u00dfe zu gehen, weil es keine andere M\u00f6glichkeit gibt, sich Geh\u00f6r zu verschaffen.<\/p>\n\n\n\n<p><strong>G\u00e1bor M\u00e9sz\u00e1roz<\/strong><\/p>","protected":false},"excerpt":{"rendered":"<p>Ungarn wird derzeit als \u201eautorit\u00e4res Regime - der europ\u00e4ischen Werte\u201c bezeichnet, die westliche Presse macht Orb\u00e1n seit Jahren zum Buhmann und...<\/p>","protected":false},"author":10,"featured_media":43644,"comment_status":"open","ping_status":"closed","sticky":false,"template":"","format":"standard","meta":{"_acf_changed":false,"_lmt_disableupdate":"","_lmt_disable":"","footnotes":""},"categories":[7,1,580,2973],"tags":[46,78,31,56,10,7303,12466,17,303,384,41],"class_list":["post-43640","post","type-post","status-publish","format-standard","has-post-thumbnail","hentry","category-politika","category-tema","category-vyber-sefredaktora","category-zahranicni","tag-eu","tag-evropa","tag-madarsko","tag-nato","tag-news","tag-peter-magyar","tag-tisa","tag-top","tag-viktor-orban","tag-volby","tag-world"],"acf":[],"aioseo_notices":[],"_links":{"self":[{"href":"https:\/\/gnews.cz\/de\/wp-json\/wp\/v2\/posts\/43640","targetHints":{"allow":["GET"]}}],"collection":[{"href":"https:\/\/gnews.cz\/de\/wp-json\/wp\/v2\/posts"}],"about":[{"href":"https:\/\/gnews.cz\/de\/wp-json\/wp\/v2\/types\/post"}],"author":[{"embeddable":true,"href":"https:\/\/gnews.cz\/de\/wp-json\/wp\/v2\/users\/10"}],"replies":[{"embeddable":true,"href":"https:\/\/gnews.cz\/de\/wp-json\/wp\/v2\/comments?post=43640"}],"version-history":[{"count":1,"href":"https:\/\/gnews.cz\/de\/wp-json\/wp\/v2\/posts\/43640\/revisions"}],"predecessor-version":[{"id":43645,"href":"https:\/\/gnews.cz\/de\/wp-json\/wp\/v2\/posts\/43640\/revisions\/43645"}],"wp:featuredmedia":[{"embeddable":true,"href":"https:\/\/gnews.cz\/de\/wp-json\/wp\/v2\/media\/43644"}],"wp:attachment":[{"href":"https:\/\/gnews.cz\/de\/wp-json\/wp\/v2\/media?parent=43640"}],"wp:term":[{"taxonomy":"category","embeddable":true,"href":"https:\/\/gnews.cz\/de\/wp-json\/wp\/v2\/categories?post=43640"},{"taxonomy":"post_tag","embeddable":true,"href":"https:\/\/gnews.cz\/de\/wp-json\/wp\/v2\/tags?post=43640"}],"curies":[{"name":"wp","href":"https:\/\/api.w.org\/{rel}","templated":true}]}}