{"id":43660,"date":"2026-04-08T21:00:00","date_gmt":"2026-04-08T19:00:00","guid":{"rendered":"https:\/\/gnews.cz\/?p=43660"},"modified":"2026-04-08T18:49:19","modified_gmt":"2026-04-08T16:49:19","slug":"pavel-trva-na-ucasti-na-summitu-nato-dopis-babisovi-prekresluje-spor-o-zastoupeni-cr-v-ankare","status":"publish","type":"post","link":"https:\/\/gnews.cz\/de\/neprehlednete\/pavel-trva-na-ucasti-na-summitu-nato-dopis-babisovi-prekresluje-spor-o-zastoupeni-cr-v-ankare\/","title":{"rendered":"Pavel besteht auf Teilnahme am NATO-Gipfel: Brief an Babi\u0161 verzerrt Streit um tschechische Vertretung in Ankara"},"content":{"rendered":"<p><strong>Am Mittwoch schickte Pr\u00e4sident Petr Pavel einen Brief an Premierminister Andrej Babi\u0161, in dem er klar seine Absicht erkl\u00e4rte, die tschechische Delegation beim NATO-Gipfel in Ankara (T\u00fcrkei) im Juli zu leiten. Der Brief, der von der Prager Burg ver\u00f6ffentlicht wurde, kommt zu einem Zeitpunkt, an dem sich die beiden Verfassungsorgane nicht pers\u00f6nlich treffen k\u00f6nnen - Babi\u0161 verbringt die Osterferien im Ausland, obwohl er auch zu einem Besuch des italienischen Staatspr\u00e4sidenten Sergio Mattarella in Prag erwartet wird.<\/strong><\/p>\n\n\n\n<p><em>\u201eAngesichts der Unm\u00f6glichkeit eines pers\u00f6nlichen Treffens und im Anschluss an unser Telefongespr\u00e4ch m\u00f6chte ich Ihnen mitteilen, dass ich in \u00dcbereinstimmung mit meiner verfassungsm\u00e4\u00dfigen Position beabsichtige, als Leiter der tschechischen Delegation am Treffen der NATO-Staatschefs Anfang Juli dieses Jahres in Ankara teilzunehmen.\u201c<\/em> schrieb Paul. Als Rechtsgrundlage f\u00fchrt er Artikel 63 der Verfassung der Tschechischen Republik an, der den Pr\u00e4sidenten mit der Vertretung des Staates nach au\u00dfen betraut, gleichzeitig aber auch die Bewahrung langj\u00e4hriger Br\u00e4uche fordert.<\/p>\n\n\n\n<p>Der Streit dar\u00fcber, wer nach Ankara fahren wird, dauert schon seit Ende Januar und Anfang Februar an. Premierminister Babi\u0161 sagte damals: <em>\u201eIch denke, es ist am besten, wenn ich mit Macinka dorthin gehe, denn wir werden es besser erkl\u00e4ren als der Pr\u00e4sident, der uns daf\u00fcr kritisiert.\u201c <\/em>Er bezog sich dabei auf einen seit langem andauernden Streit \u00fcber die H\u00f6he der tschechischen Verteidigungsausgaben, die die Regierung im Vergleich zu fr\u00fcheren Verpflichtungen reduziert hat - ein Schritt, der nicht nur von Pavel selbst, sondern auch von US-Diplomaten kritisiert wurde.<\/p>\n\n\n\n<p>In seinem Brief an Babi\u0161 schl\u00e4gt Pavel vor, dass er gemeinsam mit ihm an dem Gipfel teilnimmt. Im Hinblick auf die Schl\u00fcsselthemen - Verteidigungsausgaben und die Umsetzung der auf dem Haager Gipfel im letzten Jahr eingegangenen Verpflichtungen - forderte der Pr\u00e4sident Babi\u0161 auf, in der Lage zu sein <em>\u201edie Position der tschechischen Regierung im Detail zu erl\u00e4utern\u201c.\u201c<\/em> Die Regierung plant eine Delegation, bestehend aus Babi\u0161, Macinka und Verteidigungsminister Jarom\u00edr Z\u016fna, ohne den Pr\u00e4sidenten.<\/p>\n\n\n\n<p>Au\u00dfenminister Petr Macinka reagierte auf das Schreiben mit scharfen Worten. Er erkl\u00e4rte, dass die Tschechische Republik bei offiziellen Gipfeltreffen im Ausland nur von Amtstr\u00e4gern vertreten werden sollte, die im Land wirklich politischen Einfluss haben, und dass der Pr\u00e4sident <em>\u201eWillenskraft\u201c<\/em> in diesem Fall identifizierte er den handelnden <em>\u201eeher w\u00fcrdelos\u201c.\u201c<\/em> berichtete das tschechische Fernsehen. Macinka hat Pavel wiederholt als Vertreter der Opposition bezeichnet und in der Vergangenheit angedeutet, dass er beabsichtigt, weitere Auslandsreisen des Pr\u00e4sidenten zu blockieren.<\/p>\n\n\n\n<p>Pavel hat seit seinem Amtsantritt an allen NATO-Gipfeln teilgenommen - 2023 in Vilnius, 2024 in Washington und letztes Jahr in Den Haag. Die historische Praxis ist nicht eindeutig: Unter Pr\u00e4sident V\u00e1clav Klaus war es \u00fcblich, dass sowohl der Pr\u00e4sident als auch der Premierminister an Gipfeltreffen teilnahmen. Unter Milo\u0161 Zeman wurde die tschechische Delegation bei vielen Gipfeltreffen vom Pr\u00e4sidenten geleitet, ohne dass der Premierminister anwesend war. Eine Ausnahme war der Madrider Gipfel 2022, bei dem Zeman im gegenseitigen Einvernehmen durch Premierminister Petr Fiala ersetzt wurde.<\/p>\n\n\n\n<p>Der NATO-Gipfel wird am 7. und 8. Juli in Ankara stattfinden. Ob die tschechische Delegation vom Staatspr\u00e4sidenten oder vom Ministerpr\u00e4sidenten geleitet wird, bleibt offen - und ist wahrscheinlich Gegenstand weiterer verfassungsrechtlicher Spannungen.<\/p>\n\n\n\n<p><strong>gnews.cz - GH<\/strong><\/p>","protected":false},"excerpt":{"rendered":"<p>Am Mittwoch sandte Pr\u00e4sident Petr Pavel ein Schreiben an Premierminister Andrej Babi\u0161, in dem er klar seine Absicht erkl\u00e4rt, die tschechische Delegation auf der Juli-Tagung...<\/p>","protected":false},"author":6,"featured_media":38105,"comment_status":"open","ping_status":"closed","sticky":false,"template":"","format":"standard","meta":{"_acf_changed":false,"_lmt_disableupdate":"","_lmt_disable":"","footnotes":""},"categories":[2968,3,7],"tags":[5754,12470,12472,6066,1145,151,72,12468,17,12469,41,12471],"class_list":["post-43660","post","type-post","status-publish","format-standard","has-post-thumbnail","hentry","category-domaci","category-neprehlednete","category-politika","tag-andrej-babis","tag-ceska-delegace","tag-haagske-zavazky","tag-obranne-vydaje","tag-petr-macinka","tag-petr-pavel","tag-prazsky-hrad","tag-summit-nato-ankara","tag-top","tag-ustavni-kompetence","tag-world","tag-zahranicni-zastoupeni"],"acf":[],"aioseo_notices":[],"_links":{"self":[{"href":"https:\/\/gnews.cz\/de\/wp-json\/wp\/v2\/posts\/43660","targetHints":{"allow":["GET"]}}],"collection":[{"href":"https:\/\/gnews.cz\/de\/wp-json\/wp\/v2\/posts"}],"about":[{"href":"https:\/\/gnews.cz\/de\/wp-json\/wp\/v2\/types\/post"}],"author":[{"embeddable":true,"href":"https:\/\/gnews.cz\/de\/wp-json\/wp\/v2\/users\/6"}],"replies":[{"embeddable":true,"href":"https:\/\/gnews.cz\/de\/wp-json\/wp\/v2\/comments?post=43660"}],"version-history":[{"count":1,"href":"https:\/\/gnews.cz\/de\/wp-json\/wp\/v2\/posts\/43660\/revisions"}],"predecessor-version":[{"id":43661,"href":"https:\/\/gnews.cz\/de\/wp-json\/wp\/v2\/posts\/43660\/revisions\/43661"}],"wp:featuredmedia":[{"embeddable":true,"href":"https:\/\/gnews.cz\/de\/wp-json\/wp\/v2\/media\/38105"}],"wp:attachment":[{"href":"https:\/\/gnews.cz\/de\/wp-json\/wp\/v2\/media?parent=43660"}],"wp:term":[{"taxonomy":"category","embeddable":true,"href":"https:\/\/gnews.cz\/de\/wp-json\/wp\/v2\/categories?post=43660"},{"taxonomy":"post_tag","embeddable":true,"href":"https:\/\/gnews.cz\/de\/wp-json\/wp\/v2\/tags?post=43660"}],"curies":[{"name":"wp","href":"https:\/\/api.w.org\/{rel}","templated":true}]}}