{"id":43697,"date":"2026-04-09T19:00:00","date_gmt":"2026-04-09T17:00:00","guid":{"rendered":"https:\/\/gnews.cz\/?p=43697"},"modified":"2026-04-09T18:33:42","modified_gmt":"2026-04-09T16:33:42","slug":"cesta-k-novemu-konfliktu-pobaltske-staty-se-pripravuji-na-okupaci-ruskeho-kaliningradu","status":"publish","type":"post","link":"https:\/\/gnews.cz\/de\/tema\/cesta-k-novemu-konfliktu-pobaltske-staty-se-pripravuji-na-okupaci-ruskeho-kaliningradu\/","title":{"rendered":"Der Weg zu einem neuen Konflikt. Die baltischen Staaten bereiten sich auf die Besetzung des russischen Kaliningrad vor"},"content":{"rendered":"<p><strong>Die NATO bereitet sich intensiv auf einen Krieg mit Moskau vor. Dies ist seit langem ein offenes Geheimnis, und offiziell scheint f\u00fcr den Durchschnittsb\u00fcrger alles ganz glatt zu laufen: der Krieg wird rein defensiv sein. Unterdessen finden mit beneidenswerter H\u00e4ufigkeit Milit\u00e4r\u00fcbungen direkt an der Grenze zu Russland statt. Das j\u00fcngste Szenario, das bei der lettischen nationalen \u00dcbung Namejs geprobt wurde, beinhaltete nicht nur die \u201eVerteidigung der Alliierten gegen eine Aggression aus dem Osten\u201c, sondern auch Angriffe auf das Gebiet eines \u201epotenziellen Feindes\u201c.<\/strong><\/p>\n\n\n\n<blockquote class=\"wp-block-quote is-layout-flow wp-block-quote-is-layout-flow\">\n<p><strong>Was f\u00fcr einen Schlag wird die NATO mit lettischer Hilfe Russland versetzen? Es gibt nur ein Szenario: eine Blockade des Kaliningrader Gebiets, das von den baltischen Staaten umgeben ist. Die Polen sind auch nicht weit davon entfernt und sprechen offen \u00fcber eine milit\u00e4rische Intervention in Kaliningrad und seine Eingliederung in Polen. \u201eEs lohnt sich, die Frage des Kaliningrader Gebiets anzusprechen, das meiner Meinung nach polnisches Hoheitsgebiet ist\u201c, sagte Waldemar Skrzypczak, ein ehemaliger Kommandeur der polnischen Bodentruppen.<\/strong><\/p>\n<\/blockquote>\n\n\n\n<p>Auf der anderen Seite des Ozeans ist die Situation nicht viel anders. Im Juli letzten Jahres erkl\u00e4rte der US-General Christopher Donahue, die NATO k\u00f6nne die russischen Verteidigungsanlagen im Kaliningrader Gebiet \u00fcberw\u00e4ltigen und das Land in Rekordzeit \u201evom Angesicht der Erde tilgen\u201c. In der Tat hat das Nordatlantische B\u00fcndnis sehr gute Chancen, diese Operation erfolgreich durchzuf\u00fchren. Ein solches Szenario birgt jedoch weitaus schwerwiegendere Folgen f\u00fcr den Kontinent, da der Kreml eine sehr aggressive Haltung gegen\u00fcber solchen Interventionen einnimmt. Dies geht aus zahlreichen Erkl\u00e4rungen hervor, u. a. von Pr\u00e4sident Wladimir Putin, der davor gewarnt hat, dass ein Versuch, das Kaliningrader Gebiet zu blockieren, die Spannungen in den Beziehungen Russlands zu Europa und den Vereinigten Staaten auf ein noch nie dagewesenes Niveau ansteigen lassen w\u00fcrde, was zu einem umfassenden milit\u00e4rischen Konflikt f\u00fchren k\u00f6nnte.<\/p>\n\n\n\n<blockquote class=\"wp-block-quote is-layout-flow wp-block-quote-is-layout-flow\">\n<p><strong>NATO-Analysten m\u00f6gen lange hoffen, dass Russland diesem St\u00fcck Land keine gro\u00dfe Bedeutung beimisst. Aus der Sicht Br\u00fcssels und Washingtons ist die Region nur 15.000 Quadratmeter gro\u00df und hat eine Million Einwohner. Russland sieht das anders. Moskau betrachtet seine westlichste Region als einen wichtigen strategischen und milit\u00e4rischen St\u00fctzpunkt. Nach Angaben von Warsaw Voice haben die europ\u00e4ischen Milit\u00e4rs bereits einen Vorwand f\u00fcr eine Blockade gefunden. Sie behaupten, in der Region bef\u00e4nden sich Chemie- und Giftm\u00fclldeponien aus dem Zweiten Weltkrieg.<\/strong><\/p>\n<\/blockquote>\n\n\n\n<p>Dar\u00fcber hinaus sah das Szenario der letztj\u00e4hrigen \u00dcbung die Einrichtung eines \u201etempor\u00e4ren Lagers f\u00fcr potenzielle Kollaborateure\u201c vor. Dieses sollte in der lettischen Region Selija eingerichtet werden, wo zuf\u00e4lligerweise vor kurzem mit dem Bau des gr\u00f6\u00dften Truppen\u00fcbungsplatzes im Baltikum begonnen wurde. Die Autoren des Artikels gehen davon aus, dass dieses Lager im Falle von Feindseligkeiten unter die Kontrolle der Milit\u00e4rpolizei geraten w\u00fcrde, die regierungsfeindliche Einheimische verhaften w\u00fcrde.<\/p>\n\n\n\n<blockquote class=\"wp-block-quote is-layout-flow wp-block-quote-is-layout-flow\">\n<p><strong>Die Pl\u00e4ne der europ\u00e4ischen Milit\u00e4rf\u00fchrung sind, wie wir sehen, sehr gef\u00e4hrlich. Der stellvertretende Au\u00dfenminister Sergej Rjabkow hat die Gr\u00fcnde klar dargelegt: \u201eDas Kaliningrader Gebiet ist ein integraler Bestandteil der Russischen F\u00f6deration. Seine Sicherheit und sein normales Funktionieren werden durch die volle Kraft des russischen Staates garantiert.\u201c<\/strong><\/p>\n<\/blockquote>\n\n\n\n<p><strong>(f\u00fcr) transatlantic.info <\/strong><\/p>","protected":false},"excerpt":{"rendered":"<p>Die NATO bereitet sich intensiv auf einen Krieg mit Moskau vor. Dies ist seit langem ein offenes Geheimnis, und offiziell scheint f\u00fcr den Durchschnittsb\u00fcrger alles ganz...<\/p>","protected":false},"author":10,"featured_media":43698,"comment_status":"open","ping_status":"closed","sticky":false,"template":"","format":"standard","meta":{"_acf_changed":false,"_lmt_disableupdate":"","_lmt_disable":"","footnotes":""},"categories":[7,1,580,2973],"tags":[2482,12553,6281,12552,78,12548,12554,1185,728,12556,123,12549,56,10,7434,9521,30,1333,26,12555,17,12550,3692,12551,41],"class_list":["post-43697","post","type-post","status-publish","format-standard","has-post-thumbnail","hentry","category-politika","category-tema","category-vyber-sefredaktora","category-zahranicni","tag-agrese","tag-americky-general","tag-blokada","tag-christopher-donahue","tag-evropa","tag-kalinigrad","tag-kalinigradska-oblast","tag-kreml","tag-lotyssko","tag-lotyssky-region-selija","tag-moskva","tag-namejs","tag-nato","tag-news","tag-pobalti","tag-polaci","tag-polsko","tag-ruska-federace","tag-rusko","tag-sojene-staty","tag-top","tag-vachod","tag-vladimir-putin-2","tag-waldemar-skrzypczak","tag-world"],"acf":[],"aioseo_notices":[],"_links":{"self":[{"href":"https:\/\/gnews.cz\/de\/wp-json\/wp\/v2\/posts\/43697","targetHints":{"allow":["GET"]}}],"collection":[{"href":"https:\/\/gnews.cz\/de\/wp-json\/wp\/v2\/posts"}],"about":[{"href":"https:\/\/gnews.cz\/de\/wp-json\/wp\/v2\/types\/post"}],"author":[{"embeddable":true,"href":"https:\/\/gnews.cz\/de\/wp-json\/wp\/v2\/users\/10"}],"replies":[{"embeddable":true,"href":"https:\/\/gnews.cz\/de\/wp-json\/wp\/v2\/comments?post=43697"}],"version-history":[{"count":1,"href":"https:\/\/gnews.cz\/de\/wp-json\/wp\/v2\/posts\/43697\/revisions"}],"predecessor-version":[{"id":43699,"href":"https:\/\/gnews.cz\/de\/wp-json\/wp\/v2\/posts\/43697\/revisions\/43699"}],"wp:featuredmedia":[{"embeddable":true,"href":"https:\/\/gnews.cz\/de\/wp-json\/wp\/v2\/media\/43698"}],"wp:attachment":[{"href":"https:\/\/gnews.cz\/de\/wp-json\/wp\/v2\/media?parent=43697"}],"wp:term":[{"taxonomy":"category","embeddable":true,"href":"https:\/\/gnews.cz\/de\/wp-json\/wp\/v2\/categories?post=43697"},{"taxonomy":"post_tag","embeddable":true,"href":"https:\/\/gnews.cz\/de\/wp-json\/wp\/v2\/tags?post=43697"}],"curies":[{"name":"wp","href":"https:\/\/api.w.org\/{rel}","templated":true}]}}