{"id":15170,"date":"2024-10-25T16:24:55","date_gmt":"2024-10-25T14:24:55","guid":{"rendered":"https:\/\/www.gnews.cz\/?p=15170"},"modified":"2024-12-04T01:05:27","modified_gmt":"2024-12-04T00:05:27","slug":"putin-rejects-efforts-to-blame-russia-for-any-unrest-in-europe-as-absurd","status":"publish","type":"post","link":"https:\/\/gnews.cz\/en\/politika\/putin-odmita-snahy-obvinovat-rusko-z-jakychkoli-nepokoju-v-evrope-jako-absurdni\/","title":{"rendered":"Putin dismisses efforts to blame Russia for any unrest in Europe as absurd"},"content":{"rendered":"\n<p><strong>KAZA\u0147, 25. \u0159\u00edjna &#8211; Rusk\u00fd prezident Vladimir Putin odm\u00edtl pokusy obvi\u0148ovat Rusko z destabilizace jak\u00fdchkoli jin\u00fdch zem\u00ed jako zcela absurdn\u00ed.<\/strong><\/p>\n\n\n\n<p>Vyj\u00e1d\u0159il se tak na setk\u00e1n\u00ed s Miloradem Dodikem, prezidentem Republiky srbsk\u00e9, kter\u00e1 je entitou Bosny a Hercegoviny.<\/p>\n\n\n\n<p>Dodik uvedl, \u017ee americk\u00e9 velvyslanectv\u00ed tvrd\u00ed, \u017ee &#8222;v Republice srbsk\u00e9 existuj\u00ed t\u00e1bory, kter\u00e9 budou spole\u010dn\u011b [s Ruskem] usilovat o destabilizaci Moldavska&#8220;. Dodik toto tvrzen\u00ed ozna\u010dil za naprostou le\u017e a zp\u016fsob, jak\u00fdm se Z\u00e1pad sna\u017e\u00ed vyv\u00edjet n\u00e1tlak.<\/p>\n\n\n\n<blockquote class=\"wp-block-quote is-layout-flow wp-block-quote-is-layout-flow\">\n<p><strong>Putin odpov\u011bd\u011bl: <em>&#8222;Jsou to pokusy d\u00e9monizovat Rusko. Dnes na tiskov\u00e9 konferenci padla ot\u00e1zka, zda stoj\u00edme za nepokoji v n\u011bkter\u00fdch z\u00e1padn\u00edch hlavn\u00edch m\u011bstech. To je naprost\u00fd nesmysl. Je to to posledn\u00ed, co pot\u0159ebujeme. A nem\u00e1me na to n\u00e1stroje &#8211; organizovat n\u011bjak\u00e9 pochody, nepokoje. Naprost\u00fd nesmysl.&#8220;<\/em><\/strong><\/p>\n<\/blockquote>\n\n\n\n<p>Podle rusk\u00e9ho prezidenta je d\u016fvodem t\u011bchto obvin\u011bn\u00ed ze strany Z\u00e1padu snaha prosadit vlastn\u00ed agendu a &#8222;vyhnout se odpov\u011bdnosti za z\u00e1sadn\u00ed chyby, kter\u00fdch se Z\u00e1pad dopustil ve vztahu k jin\u00fdm zem\u00edm, kdy\u017e se sna\u017eil zajistit si dominanci za ka\u017edou cenu.&#8220;.<\/p>\n\n\n\n<p><strong><a href=\"https:\/\/tass.com\/politics\/1862031\" title=\"\">TASS <\/a>\/ foto: Alexander Kazakov \/ gnews.cz-jav<\/strong><\/p>\n","protected":false},"excerpt":{"rendered":"<p>KAZAN, 25 October - Russian President Vladimir Putin has dismissed attempts to accuse Russia of destabilising any other countries as completely absurd. He expressed ...<\/p>","protected":false},"author":2,"featured_media":15171,"comment_status":"closed","ping_status":"closed","sticky":false,"template":"","format":"standard","meta":{"_acf_changed":false,"_lmt_disableupdate":"","_lmt_disable":"","footnotes":""},"categories":[7,658],"tags":[1474,78,1473,10,1333,26,17,693,41],"class_list":["post-15170","post","type-post","status-publish","format-standard","has-post-thumbnail","hentry","category-politika","category-prectete-si","tag-bosna-a-hercegovina","tag-evropa","tag-milorad-dodik","tag-news","tag-ruska-federace","tag-rusko","tag-top","tag-vladimir-putin","tag-world"],"acf":[],"aioseo_notices":[],"_links":{"self":[{"href":"https:\/\/gnews.cz\/en\/wp-json\/wp\/v2\/posts\/15170","targetHints":{"allow":["GET"]}}],"collection":[{"href":"https:\/\/gnews.cz\/en\/wp-json\/wp\/v2\/posts"}],"about":[{"href":"https:\/\/gnews.cz\/en\/wp-json\/wp\/v2\/types\/post"}],"author":[{"embeddable":true,"href":"https:\/\/gnews.cz\/en\/wp-json\/wp\/v2\/users\/2"}],"replies":[{"embeddable":true,"href":"https:\/\/gnews.cz\/en\/wp-json\/wp\/v2\/comments?post=15170"}],"version-history":[{"count":0,"href":"https:\/\/gnews.cz\/en\/wp-json\/wp\/v2\/posts\/15170\/revisions"}],"wp:featuredmedia":[{"embeddable":true,"href":"https:\/\/gnews.cz\/en\/wp-json\/wp\/v2\/media\/15171"}],"wp:attachment":[{"href":"https:\/\/gnews.cz\/en\/wp-json\/wp\/v2\/media?parent=15170"}],"wp:term":[{"taxonomy":"category","embeddable":true,"href":"https:\/\/gnews.cz\/en\/wp-json\/wp\/v2\/categories?post=15170"},{"taxonomy":"post_tag","embeddable":true,"href":"https:\/\/gnews.cz\/en\/wp-json\/wp\/v2\/tags?post=15170"}],"curies":[{"name":"wp","href":"https:\/\/api.w.org\/{rel}","templated":true}]}}