{"id":17148,"date":"2024-11-28T15:18:07","date_gmt":"2024-11-28T14:18:07","guid":{"rendered":"https:\/\/www.gnews.cz\/?p=17148"},"modified":"2025-02-05T18:34:09","modified_gmt":"2025-02-05T17:34:09","slug":"2x-33-tomas-swarms-of-thirty-three-publications-in-his-christ-years","status":"publish","type":"post","link":"https:\/\/gnews.cz\/en\/rozhovory\/2x-33-tomase-hejny-tricata-treti-publikace-v-jeho-kristovych-letech\/","title":{"rendered":"2x 33 by Tom\u00e1\u0161 Hejna: the thirty-third publication in his Christ years"},"content":{"rendered":"<p><strong>In the run-up to Christmas, writer Tom\u00e1\u0161 Hejna found a free moment for us. He is a talented, extremely hard-working and distinctive publicist. He is currently living his Christ years, so to speak, when at the age of thirty-three he is publishing his thirty-third publication.<\/strong><\/p>\n\n\n\n<blockquote class=\"wp-block-quote is-layout-flow wp-block-quote-is-layout-flow\">\n<p><strong>Tom\u00e1\u0161 Hejna (born 1991) graduated from the Secondary School of Book Culture. He entered literature in 2011 with his poetry collection <em>First flowers<\/em>. Hejna has long been involved in the study of literary history, Czech and world history and personalities, and often collects legends and fables. His creative range is admirable. He writes both prose and non-fiction, focusing in his books on important events and significant places that are usually known only to a handful of insiders. But last but not least, he is also devoted to the media coverage of the association of wonderful people, carriers of good entertainment, from singers to humorists, the so-called entertainers under the banner of the ARTES Art Association. His paperbacks of the medallions and activities of ARTES members are always in the centre of readers' interest after their publication. It will certainly be no different with the publication that will diversify the pre-Christmas offer of our book market.<\/strong><\/p>\n<\/blockquote>\n\n\n\n<p><strong>We want to know what it's called and what we can find in it...<\/strong><\/p>\n\n\n\n<p><em>Forgotten personalities of Czech entertainment art<\/em>... <em>(laughs)<\/em> It's a very loose continuation of a series I started 12 years ago with a book called <em>Forgotten Personalities of Czech Literature<\/em>, and it's actually only the second episode after all this time, because I wasn't happy with the first one.<\/p>\n\n\n\n<figure class=\"wp-block-image size-large\"><img decoding=\"async\" src=\"https:\/\/www.gnews.cz\/wp-content\/uploads\/2024\/11\/DSC_0267-1024x683.jpg\" alt=\"\" class=\"wp-image-17154\"\/><figcaption class=\"wp-element-caption\"><em>The exhibition on the high anniversary of the Olympia Publishing House included, besides discussions with authors and readers as well as editorial staff of the publishing house, an overview of the titles published over the years<\/em><\/figcaption><\/figure>\n\n\n\n<p><strong>Artes and Tomas Hejna, how does that rhyme?<\/strong><\/p>\n\n\n\n<p>It dates back to 2016, when I was brought to Artes by its then chairman and my friend V\u00e1clav Junek. We first collaborated on the publication of his book <em>To die for the film<\/em>which I edited in Olympia, and in the following years we printed all the things for the Master. Then I became a member of the executive committee, and in 2021 I started a new magazine <em>Forbina<\/em> and together with cultural sociologist V\u00e1clav Sold\u00e1t we run an extensive website <a href=\"https:\/\/zabava-artes.cz\/\">entertainment-artes.cz<\/a>, which has over 700 posts about Czech actors, composers, writers, film, theatre, music, variety shows, etc. We have also published a series of books with Vasek and we are preparing another one.<\/p>\n\n\n\n<p><strong>Each year, Artes awards prizes to selected \"entertainers\" for their activities, popularity and lifetime endurance with humour on their lips.<\/strong><\/p>\n\n\n\n<p>That's right, the prize is called <em>Master of the art of entertainment<\/em> and this year the ninth edition took place, this time in Studio Ypsilon. This time it was a bit different, since February Tom\u00e1\u0161 Magnusek has been the head of Artes, with musician Vladim\u00edr Kopp, Petr Salava, Martin Dejdar, producer Marie Schillerov\u00e1 and economist Jana J\u016fnov\u00e1. It's probably the best line-up since I joined Artes. For the last few years we were also the jury, but the other members gave us suggestions. <\/p>\n\n\n\n<p>This year, for the first time, we awarded a prize in the junior category, to \u0160t\u011bp\u00e1n Kozub, and in memoriam, which went to Vladim\u00edr Men\u0161\u00edk's son. Other prizes went to Eva Hru\u0161kov\u00e1, Jaroslav Such\u00e1nek, Zuzana Bub\u00edlkov\u00e1, Pavel V\u011btrovec and L\u00e1\u010fa Kerndl. He was probably the most happy about the prize, because even though he has been a singer for several decades, this is his first ever award.<\/p>\n\n\n\n<figure class=\"wp-block-gallery has-nested-images columns-default is-cropped wp-block-gallery-1 is-layout-flex wp-block-gallery-is-layout-flex\">\n<figure class=\"wp-block-image size-large\"><img decoding=\"async\" data-id=\"17152\" src=\"https:\/\/www.gnews.cz\/wp-content\/uploads\/2024\/11\/Legendy-brozura-titulka-634x1024.jpg\" alt=\"\" class=\"wp-image-17152\"\/><\/figure>\n\n\n\n<figure class=\"wp-block-image size-large\"><img decoding=\"async\" data-id=\"17153\" src=\"https:\/\/www.gnews.cz\/wp-content\/uploads\/2024\/11\/Stripky-ceske-zabavy_obalka_tisk-660x1024.jpg\" alt=\"\" class=\"wp-image-17153\"\/><\/figure>\n<\/figure>\n\n\n\n<p><\/p>\n\n\n\n<p><strong>The book will be published at the end of 2024, when we celebrated 70 years of the history of the leading Czech publishing house Olympia. You are currently the editor-in-chief of this legendary publishing house. How did you celebrate this unique anniversary?<\/strong><\/p>\n\n\n\n<p>After a year's break, we appeared at the World of Books fair in Prague with a brand new stand, the books from this year have a unique logotype on the posters, which shows that they were published at the time of our anniversary. On the Artes website, a series on the history of Olympia, which is also the basis of the book, has been published. <em>70 years of Olympia Publishing in a nutshell<\/em> - available on our website. And finally, at the end of October we organized a really big two-day exhibition about our history in Velke Pripy, where many of our original employees and authors were present.<\/p>\n\n\n\n<figure class=\"wp-block-image size-large\"><img decoding=\"async\" src=\"https:\/\/www.gnews.cz\/wp-content\/uploads\/2024\/11\/logo_OLY_70_cerna-1-1024x767.png\" alt=\"\" class=\"wp-image-17156\"\/><\/figure>\n\n\n\n<p><strong>Conclusion: what will surprise us in 2025, both Artes and Olympia Publishing House?<\/strong><\/p>\n\n\n\n<p>I can't reveal Artes' name, but we will definitely meet our members and supporters again at a new place, we are already negotiating with the management of Fidlova\u010dka. Together we are then preparing for the release of the first volume of the sequel <em>Encyclopedia of Entertainment Art<\/em> and with V\u00e1clav Sold\u00e1t we will be finishing a joint book on Czech and Czechoslovak film \"firsts\". <\/p>\n\n\n\n<p>And Olympia is preparing a varied editorial plan, which should include a book about Avia, <em>Small Encyclopedia of Czech History<\/em>, a popular educational \"dictionary\" of Czech composers <em>Conservatory of Europe<\/em>, a new book by Martin Mahdal about the paratrooper Bublik and we hope to realize the long-planned project <em>Atlas of Czech and Czechoslovak Industry<\/em>.<\/p>\n\n\n\n<figure class=\"wp-block-image size-large\"><img decoding=\"async\" src=\"https:\/\/www.gnews.cz\/wp-content\/uploads\/2024\/11\/20220708_191501-1024x768.jpg\" alt=\"\" class=\"wp-image-17155\"\/><figcaption class=\"wp-element-caption\"><em>Liquid bread is inseparable from literature and its creators. Tom\u00e1\u0161 Hejna also likes it<\/em><\/figcaption><\/figure>\n\n\n\n<blockquote class=\"wp-block-quote is-layout-flow wp-block-quote-is-layout-flow\">\n<p><strong>As we mentioned in the introduction, Tom\u00e1\u0161 Hejna was born in 1991. He graduated from the Secondary School of Book Culture and entered literature with his first poetic work First Flowers in 2011. He writes both prose and factual literature. From his long list of published works, we can at least mention <em>Semi-forgotten personalities of Czech literature, Fateful places of Prague, Premyslid Central Bohemia, Legends, myths from Okore to Vltava,<\/em> then <em>50 attractions in Kralupsko, Sl\u00e1nsko and Kladno<\/em> and other titles. More on <a href=\"http:\/\/www.iolympia.cz\">www.iolympia.cz<\/a><\/strong><\/p>\n<\/blockquote>\n\n\n\n<p><\/p>\n\n\n\n<p><strong>Ivan Cerny<\/strong><\/p>\n\n\n\n<p><em>PHOTO - archive of Olympia Publishing House<\/em><\/p>","protected":false},"excerpt":{"rendered":"<p>In the run-up to Christmas, writer Tom\u00e1\u0161 Hejna found a free moment for us. He is a talented, extremely hard-working and distinctive publicist. Currently...<\/p>","protected":false},"author":1,"featured_media":17150,"comment_status":"closed","ping_status":"closed","sticky":false,"template":"","format":"standard","meta":{"_acf_changed":false,"_lmt_disableupdate":"","_lmt_disable":"","footnotes":""},"categories":[6,2],"tags":[1738,45,1741,2804,117,1739,1736,1737,17,1740],"class_list":["post-17148","post","type-post","status-publish","format-standard","has-post-thumbnail","hentry","category-kultura","category-rozhovory","tag-artes","tag-cr","tag-humor","tag-ivan-cerny","tag-literatura","tag-olympia","tag-spisovatel","tag-tomas-hejna","tag-top","tag-zabava"],"acf":[],"aioseo_notices":[],"_links":{"self":[{"href":"https:\/\/gnews.cz\/en\/wp-json\/wp\/v2\/posts\/17148","targetHints":{"allow":["GET"]}}],"collection":[{"href":"https:\/\/gnews.cz\/en\/wp-json\/wp\/v2\/posts"}],"about":[{"href":"https:\/\/gnews.cz\/en\/wp-json\/wp\/v2\/types\/post"}],"author":[{"embeddable":true,"href":"https:\/\/gnews.cz\/en\/wp-json\/wp\/v2\/users\/1"}],"replies":[{"embeddable":true,"href":"https:\/\/gnews.cz\/en\/wp-json\/wp\/v2\/comments?post=17148"}],"version-history":[{"count":0,"href":"https:\/\/gnews.cz\/en\/wp-json\/wp\/v2\/posts\/17148\/revisions"}],"wp:featuredmedia":[{"embeddable":true,"href":"https:\/\/gnews.cz\/en\/wp-json\/wp\/v2\/media\/17150"}],"wp:attachment":[{"href":"https:\/\/gnews.cz\/en\/wp-json\/wp\/v2\/media?parent=17148"}],"wp:term":[{"taxonomy":"category","embeddable":true,"href":"https:\/\/gnews.cz\/en\/wp-json\/wp\/v2\/categories?post=17148"},{"taxonomy":"post_tag","embeddable":true,"href":"https:\/\/gnews.cz\/en\/wp-json\/wp\/v2\/tags?post=17148"}],"curies":[{"name":"wp","href":"https:\/\/api.w.org\/{rel}","templated":true}]}}