{"id":27563,"date":"2025-05-15T22:30:00","date_gmt":"2025-05-15T21:30:00","guid":{"rendered":"https:\/\/www.gnews.cz\/?p=27563"},"modified":"2025-05-15T18:24:47","modified_gmt":"2025-05-15T17:24:47","slug":"daily-summary-of-the-economy-in-the-cr-coin-money-bank-through-onsemi-and-15-may-2025-2","status":"publish","type":"post","link":"https:\/\/gnews.cz\/en\/tema\/denni-shrnuti-ekonomiky-v-cr-moneta-money-bank-cez-onsemi-a-15-kvetna-2025\/","title":{"rendered":"Daily summary of the Czech economy: Moneta Money Bank, CEZ and Onsemi (15 May 2025)"},"content":{"rendered":"\n<p><strong>P\u0159ehled nejnov\u011bj\u0161\u00edch ekonomick\u00fdch ud\u00e1lost\u00ed v \u010cR<\/strong><\/p>\n\n\n\n<p>Podle nejnov\u011bj\u0161\u00ed zpr\u00e1vy OECD se o\u010dek\u00e1v\u00e1, \u017ee \u010desk\u00e1 ekonomika v roce 2025 poroste o 2,1 %, co\u017e je zrychlen\u00ed oproti 1,0 % v p\u0159edchoz\u00edm roce. Inflace se vr\u00e1tila bl\u00edzko c\u00edlov\u00e9 hodnoty, ale rizika spojen\u00e1 s glob\u00e1ln\u00edmi obchodn\u00edmi vztahy z\u016fst\u00e1vaj\u00ed zv\u00fd\u0161en\u00e1 (<a href=\"http:\/\/investing.com\/\" rel=\"noreferrer noopener\" target=\"_blank\">investing.com<\/a>).<\/p>\n\n\n\n<p>Index PX na pra\u017esk\u00e9 burze dnes vzrostl o 0,21 % na 2181,95 bodu, co\u017e p\u0159edstavuje nov\u00e9 historick\u00e9 maximum. K r\u016fstu p\u0159isp\u011bly zejm\u00e9na akcie energetick\u00e9 spole\u010dnosti \u010cEZ a banky Moneta Money Bank.<\/p>\n\n\n\n<p>Ministr pr\u016fmyslu a obchodu Luk\u00e1\u0161 Vl\u010dek ozna\u010dil dostavbu jadern\u00e9 elektr\u00e1rny Dukovany za prioritu \u010desk\u00e9 vl\u00e1dy. Premi\u00e9r Petr Fiala bude o t\u00e9to z\u00e1le\u017eitosti jednat s p\u0159edsedkyn\u00ed Evropsk\u00e9 komise Ursulou von der Leyenovou na summitu Evropsk\u00e9ho politick\u00e9ho spole\u010denstv\u00ed v Alb\u00e1nii.<\/p>\n\n\n\n<p><strong>Zahrani\u010dn\u00ed investice<\/strong><\/p>\n\n\n\n<p>Americk\u00fd v\u00fdrobce \u010dip\u016f Onsemi ozn\u00e1mil investici a\u017e 2 miliardy dolar\u016f do sv\u00e9ho z\u00e1vodu v Ro\u017enov\u011b pod Radho\u0161t\u011bm. Tato investice je nejv\u011bt\u0161\u00ed zahrani\u010dn\u00ed investic\u00ed v \u010cR od roku 1993 a zam\u011b\u0159\u00ed se na v\u00fdrobu inteligentn\u00edch v\u00fdkonov\u00fdch polovodi\u010d\u016f pro elektromobily, obnoviteln\u00e9 zdroje energie a datov\u00e1 centra s um\u011blou inteligenc\u00ed (<a href=\"http:\/\/apnews.com\/\" rel=\"noreferrer noopener\" target=\"_blank\">apnews.com<\/a>).<\/p>\n\n\n\n<p><strong>V\u00fdznamn\u00e9 ud\u00e1losti mimo \u010cR s glob\u00e1ln\u00edm dopadem<\/strong><\/p>\n\n\n\n<p>Spojen\u00e9 st\u00e1ty a \u010c\u00edna se dohodly na 90denn\u00edm p\u0159\u00edm\u011b\u0159\u00ed v obchodn\u00ed v\u00e1lce, co\u017e vedlo k v\u00fdrazn\u00e9mu r\u016fstu glob\u00e1ln\u00edch akciov\u00fdch trh\u016f. Index S&amp;P 500 zaznamenal nejv\u011bt\u0161\u00ed jednodenn\u00ed n\u00e1r\u016fst od roku 2008 (<a href=\"http:\/\/reuters.com\/\" target=\"_blank\" rel=\"noreferrer noopener\">reuters.com<\/a>).  Volkswagen \u2013 Strategick\u00e9 partnerstv\u00ed s Onsemi pro dod\u00e1vky polovodi\u010d\u016f pro elektromobily.  Tesla \u2013 P\u0159ezkoum\u00e1n\u00ed kompenzace CEO Elona Muska v souvislosti s glob\u00e1ln\u00edmi ekonomick\u00fdmi zm\u011bnami (<a href=\"http:\/\/ft.com\/\" target=\"_blank\" rel=\"noreferrer noopener\">ft.com<\/a>). <\/p>\n\n\n\n<p>Po ozn\u00e1men\u00ed americk\u00e9ho prezidenta Donalda Trumpa o zru\u0161en\u00ed v\u0161ech sankc\u00ed v\u016f\u010di S\u00fdrii vyzval syrsk\u00fd ministr financ\u00ed Yisr Barnieh zahrani\u010dn\u00ed investory k \u00fa\u010dasti na obnov\u011b syrsk\u00e9 ekonomiky, zejm\u00e9na v sektorech zem\u011bd\u011blstv\u00ed, ropy, turismu a infrastruktury (<a href=\"http:\/\/reuters.com\/\" target=\"_blank\" rel=\"noreferrer noopener\">reuters.com<\/a>). eToro \u2013 Akcie spole\u010dnosti vzrostly o t\u00e9m\u011b\u0159 29 % p\u0159i debutu na Wall Street po uvoln\u011bn\u00ed nap\u011bt\u00ed mezi USA a \u010c\u00ednou (<a href=\"http:\/\/ft.com\/\" target=\"_blank\" rel=\"noreferrer noopener\">ft.com<\/a>).<\/p>\n\n\n\n<p><\/p>\n\n\n<p>[currency_and_metal_rates]<\/p>\n\n\n\n<p><\/p>\n\n\n\n<figure class=\"wp-block-image size-large\"><img decoding=\"async\" src=\"https:\/\/www.gnews.cz\/wp-content\/uploads\/2025\/05\/Screenshot_20250515_200936-1024x630.jpg\" alt=\"\" class=\"wp-image-27567\"\/><\/figure>\n\n\n\n<figure class=\"wp-block-image size-large\"><img decoding=\"async\" src=\"https:\/\/www.gnews.cz\/wp-content\/uploads\/2025\/05\/Screenshot_20250515_201027-1024x639.jpg\" alt=\"\" class=\"wp-image-27568\"\/><\/figure>\n\n\n\n<figure class=\"wp-block-image size-large\"><img decoding=\"async\" src=\"https:\/\/www.gnews.cz\/wp-content\/uploads\/2025\/05\/Screenshot_20250515_200957-1024x449.jpg\" alt=\"\" class=\"wp-image-27569\"\/><\/figure>\n\n\n\n<figure class=\"wp-block-image size-large\"><img decoding=\"async\" src=\"https:\/\/www.gnews.cz\/wp-content\/uploads\/2025\/05\/Screenshot_20250515_201109-1024x768.jpg\" alt=\"\" class=\"wp-image-27570\"\/><\/figure>\n\n\n\n<p>tradingeconomics.com<\/p>\n\n\n\n<p><strong>gnews.cz &#8211; GH<\/strong><\/p>\n","protected":false},"excerpt":{"rendered":"<p>Overview of the latest economic developments in the Czech Republic According to the latest OECD report, the Czech economy is expected to grow by 2.1 % in 2025,...<\/p>","protected":false},"author":2,"featured_media":27565,"comment_status":"closed","ping_status":"closed","sticky":false,"template":"","format":"standard","meta":{"_acf_changed":false,"_lmt_disableupdate":"","_lmt_disable":"","footnotes":""},"categories":[2968,4,658,1,2973],"tags":[45,46,78,10,17,41],"class_list":["post-27563","post","type-post","status-publish","format-standard","has-post-thumbnail","hentry","category-domaci","category-ekonomika","category-prectete-si","category-tema","category-zahranicni","tag-cr","tag-eu","tag-evropa","tag-news","tag-top","tag-world"],"acf":[],"aioseo_notices":[],"_links":{"self":[{"href":"https:\/\/gnews.cz\/en\/wp-json\/wp\/v2\/posts\/27563","targetHints":{"allow":["GET"]}}],"collection":[{"href":"https:\/\/gnews.cz\/en\/wp-json\/wp\/v2\/posts"}],"about":[{"href":"https:\/\/gnews.cz\/en\/wp-json\/wp\/v2\/types\/post"}],"author":[{"embeddable":true,"href":"https:\/\/gnews.cz\/en\/wp-json\/wp\/v2\/users\/2"}],"replies":[{"embeddable":true,"href":"https:\/\/gnews.cz\/en\/wp-json\/wp\/v2\/comments?post=27563"}],"version-history":[{"count":0,"href":"https:\/\/gnews.cz\/en\/wp-json\/wp\/v2\/posts\/27563\/revisions"}],"wp:featuredmedia":[{"embeddable":true,"href":"https:\/\/gnews.cz\/en\/wp-json\/wp\/v2\/media\/27565"}],"wp:attachment":[{"href":"https:\/\/gnews.cz\/en\/wp-json\/wp\/v2\/media?parent=27563"}],"wp:term":[{"taxonomy":"category","embeddable":true,"href":"https:\/\/gnews.cz\/en\/wp-json\/wp\/v2\/categories?post=27563"},{"taxonomy":"post_tag","embeddable":true,"href":"https:\/\/gnews.cz\/en\/wp-json\/wp\/v2\/tags?post=27563"}],"curies":[{"name":"wp","href":"https:\/\/api.w.org\/{rel}","templated":true}]}}