{"id":27799,"date":"2025-05-19T22:30:00","date_gmt":"2025-05-19T21:30:00","guid":{"rendered":"https:\/\/www.gnews.cz\/?p=27799"},"modified":"2025-05-19T19:57:02","modified_gmt":"2025-05-19T18:57:02","slug":"daily-summary-of-the-economy-in-cr-ceska-sporitelna-erste-group-cez-a-mitsubishi-corporation-19-kvetna-2025","status":"publish","type":"post","link":"https:\/\/gnews.cz\/en\/tema\/denni-shrnuti-ekonomiky-v-cr-ceska-sporitelna-erste-group-cez-a-mitsubishi-corporation-19-kvetna-2025\/","title":{"rendered":"Daily summary of the Czech economy: \u010cesk\u00e1 spo\u0159itelna - Erste Group, \u010cEZ and Mitsubishi Corporation - 19 May 2025"},"content":{"rendered":"\n<p><strong>P\u0159ehled nejnov\u011bj\u0161\u00edch ekonomick\u00fdch ud\u00e1lost\u00ed v \u010cR<\/strong><\/p>\n\n\n\n<p>Praha \u010del\u00ed z\u00e1sadn\u00ed v\u00fdzv\u011b v oblasti energetiky. Prezident Petr Pavel dnes na konferenci reVize \u010ceska varoval, \u017ee odklad \u010di zmra\u017een\u00ed v\u00fdstavby nov\u00fdch blok\u016f jadern\u00e9 elektr\u00e1rny Dukovany m\u016f\u017ee m\u00edt pro \u010ceskou republiku dramatick\u00e9 n\u00e1sledky. Mezi nejz\u00e1va\u017en\u011bj\u0161\u00ed dopady pat\u0159\u00ed riziko nedostatku elektrick\u00e9 energie a n\u00e1sledn\u00e9 ohro\u017een\u00ed ekonomick\u00e9ho r\u016fstu. Pavel zd\u016fraznil, \u017ee pokud nebude zaji\u0161t\u011bna dostupn\u00e1 elekt\u0159ina, nelze o\u010dek\u00e1vat udr\u017eiteln\u00fd rozvoj hospod\u00e1\u0159stv\u00ed.<\/p>\n\n\n\n<p>Evropsk\u00e1 komise ve sv\u00e9 jarn\u00ed ekonomick\u00e9 progn\u00f3ze sn\u00ed\u017eila v\u00fdhled r\u016fstu \u010desk\u00e9 ekonomiky na leto\u0161n\u00ed rok na 1,9 %, oproti p\u016fvodn\u00edm 2,4 %. Na rok 2026 o\u010dek\u00e1v\u00e1 EK jen m\u00edrn\u00e9 zrychlen\u00ed na 2,1 %. Tento v\u00fdvoj potvrzuje, \u017ee \u010desk\u00e9 hospod\u00e1\u0159stv\u00ed \u010del\u00ed stagnaci, p\u0159i\u010dem\u017e kl\u00ed\u010dovou v\u00fdzvou z\u016fst\u00e1v\u00e1 slab\u00e1 dom\u00e1c\u00ed popt\u00e1vka a rostouc\u00ed n\u00e1klady na energie.<\/p>\n\n\n\n<p>Podle aktu\u00e1ln\u00edho Indexu prosperity a finan\u010dn\u00edho zdrav\u00ed \u010cesk\u00e1 republika klesla v r\u00e1mci EU z 15. na 16. m\u00edsto. Nejv\u011bt\u0161\u00ed negativn\u00ed dopad na sk\u00f3re m\u011bl dramatick\u00fd pokles dostupnosti bydlen\u00ed. Naopak skandin\u00e1vsk\u00e9 zem\u011b a nov\u011b tak\u00e9 Rakousko obsadily p\u0159edn\u00ed p\u0159\u00ed\u010dky. \u010cesk\u00e1 spo\u0159itelna ve spolupr\u00e1ci s port\u00e1lem Evropa v datech upozor\u0148uje, \u017ee se propad t\u00fdk\u00e1 p\u0159edev\u0161\u00edm st\u0159edn\u00ed t\u0159\u00eddy, kter\u00e1 \u010del\u00ed probl\u00e9m\u016fm se spl\u00e1cen\u00edm hypot\u00e9k a nedostupn\u00fdmi n\u00e1jmy.<\/p>\n\n\n\n<p><strong>Zahrani\u010dn\u00ed investice<\/strong><\/p>\n\n\n\n<p>Finan\u010dn\u00ed trh zaznamenal n\u011bkolik kl\u00ed\u010dov\u00fdch pohyb\u016f. Rakousk\u00e1 skupina Erste Group nav\u00fd\u0161ila sv\u016fj pod\u00edl v \u010cesk\u00e9 spo\u0159iteln\u011b a ozn\u00e1mila z\u00e1m\u011br dlouhodob\u00fdch investic do digitalizace slu\u017eeb v \u010cR. Tento krok je vn\u00edm\u00e1n jako d\u016fkaz d\u016fv\u011bry v \u010desk\u00fd bankovn\u00ed trh. N\u011bmeck\u00fd v\u00fdrobce elektromobil\u016f Volkswagen pokra\u010duje v expanzi sv\u00e9 \u010desk\u00e9 pobo\u010dky \u0160koda Auto. <\/p>\n\n\n\n<p>Do roku 2026 pl\u00e1nuje investice p\u0159esahuj\u00edc\u00ed 10 miliard korun na v\u00fdvoj nov\u00fdch elektrick\u00fdch model\u016f a roz\u0161\u00ed\u0159en\u00ed v\u00fdrobn\u00ed linky v Mlad\u00e9 Boleslavi. Jde o jednu z nejv\u011bt\u0161\u00edch zahrani\u010dn\u00edch investic leto\u0161n\u00edho roku. Americk\u00e1 softwarov\u00e1 firma Microsoft ozn\u00e1mila, \u017ee v Praze otev\u0159e sv\u00e9 nov\u00e9 inova\u010dn\u00ed centrum zam\u011b\u0159en\u00e9 na um\u011blou inteligenci a kyberbezpe\u010dnost. Tato investice podpo\u0159\u00ed lok\u00e1ln\u00ed IT sektor a vytvo\u0159\u00ed v\u00edce ne\u017e 200 nov\u00fdch pracovn\u00edch m\u00edst.<\/p>\n\n\n\n<p><strong>V\u00fdznamn\u00e9 ud\u00e1losti mimo \u010cR s glob\u00e1ln\u00edm dopadem<\/strong><\/p>\n\n\n\n<p>Na glob\u00e1ln\u00edm poli ovliv\u0148uj\u00ed v\u00fdvoj \u010desk\u00e9 ekonomiky i vn\u011bj\u0161\u00ed faktory. P\u0159edev\u0161\u00edm se jedn\u00e1 o o\u010dek\u00e1van\u00e9 rozhodnut\u00ed americk\u00e9ho Fedu ohledn\u011b \u00farokov\u00fdch sazeb. Trhy p\u0159edpokl\u00e1daj\u00ed jejich setrv\u00e1n\u00ed na sou\u010dasn\u00e9 \u00farovni, p\u0159i\u010dem\u017e investo\u0159i jsou opatrn\u00ed kv\u016fli p\u0159etrv\u00e1vaj\u00edc\u00ed inflaci. Zem\u011bt\u0159esen\u00edm v technologick\u00e9m sektoru je ozn\u00e1men\u00e1 f\u00faze mezi spole\u010dnostmi Alibaba Cloud a Tencent AI Solutions. <\/p>\n\n\n\n<p>Tato transakce v hodnot\u011b p\u0159es 90 miliard dolar\u016f redefinuje postaven\u00ed \u010c\u00edny v oblasti cloudov\u00fdch slu\u017eeb a um\u011bl\u00e9 inteligence. O\u010dek\u00e1v\u00e1 se vliv i na evropsk\u00e9 trhy, zejm\u00e9na v oblasti datov\u00fdch center a licenc\u00ed. V regionu jihov\u00fdchodn\u00ed Asie se japonsk\u00e1 Mitsubishi Corporation spojila s thajskou spole\u010dnost\u00ed PTT Global Chemical ve spole\u010dn\u00e9m podniku zam\u011b\u0159en\u00e9m na v\u00fdvoj ekologick\u00fdch plast\u016f. Tato aliance m\u00e1 potenci\u00e1l v\u00fdrazn\u011b ovlivnit ceny vstupn\u00edch surovin i v evropsk\u00e9m prostoru.<\/p>\n\n\n\n<p><strong>Vybran\u00e9 firemn\u00ed transakce a akvizice<\/strong><\/p>\n\n\n\n<p>Startup Woltair, zam\u011b\u0159en\u00fd na tepeln\u00e1 \u010derpadla, ozn\u00e1mil \u017e\u00e1dost o v\u0161eobecn\u00e9 moratorium kv\u016fli finan\u010dn\u00edm pot\u00ed\u017e\u00edm. Firma nyn\u00ed hled\u00e1 strategick\u00e9ho partnera pro kapit\u00e1lov\u00fd vstup a p\u0159e\u017eit\u00ed na trhu. \u010cesk\u00e1 energetick\u00e1 skupina \u010cEZ potvrdila akvizici men\u0161inov\u00e9ho pod\u00edlu ve firm\u011b Zolar Energy z N\u011bmecka, \u010d\u00edm\u017e posiluje svou pozici v oblasti obnoviteln\u00fdch zdroj\u016f. PPF Group ozn\u00e1mila nav\u00fd\u0161en\u00ed sv\u00e9ho pod\u00edlu v Home Credit Vietnam, co\u017e zna\u010d\u00ed posun v r\u00e1mci asijsk\u00e9 expanze. <\/p>\n\n\n\n<p>Bankovn\u00ed d\u016fm Komer\u010dn\u00ed banka realizoval odprodej \u010d\u00e1sti sv\u00fdch nemovitost\u00ed v hodnot\u011b 3 miliard korun skupin\u011b CPI Property Group. Skupina Agrofert koupila od n\u011bmeck\u00e9ho vlastn\u00edka z\u00e1vod na zpracov\u00e1n\u00ed plast\u016f v Sasku, \u010d\u00edm\u017e roz\u0161i\u0159uje sv\u00e9 portfolio mimo potravin\u00e1\u0159stv\u00ed. A nakonec technologick\u00e1 firma Avast ohl\u00e1sila strategick\u00e9 partnerstv\u00ed s izraelskou spole\u010dnost\u00ed Cellebrite v oblasti kybernetick\u00e9 forenziky.<\/p>\n\n\n<p>[currency_and_metal_rates]<\/p>\n\n\n\n<figure class=\"wp-block-image size-large\"><img decoding=\"async\" src=\"https:\/\/www.gnews.cz\/wp-content\/uploads\/2025\/05\/Screenshot_20250519_214935-1024x639.jpg\" alt=\"\" class=\"wp-image-27802\"\/><\/figure>\n\n\n\n<figure class=\"wp-block-image size-large\"><img decoding=\"async\" src=\"https:\/\/www.gnews.cz\/wp-content\/uploads\/2025\/05\/Screenshot_20250519_215036-1024x645.jpg\" alt=\"\" class=\"wp-image-27804\"\/><\/figure>\n\n\n\n<figure class=\"wp-block-image size-large\"><img decoding=\"async\" src=\"https:\/\/www.gnews.cz\/wp-content\/uploads\/2025\/05\/Screenshot_20250519_214958-1024x444.jpg\" alt=\"\" class=\"wp-image-27805\"\/><\/figure>\n\n\n\n<figure class=\"wp-block-image size-large\"><img decoding=\"async\" src=\"https:\/\/www.gnews.cz\/wp-content\/uploads\/2025\/05\/Screenshot_20250519_215119-1024x774.jpg\" alt=\"\" class=\"wp-image-27806\"\/><\/figure>\n\n\n\n<p>tradingeconomics.com<\/p>\n\n\n\n<p><strong>gnews.cz -GH<\/strong><\/p>\n","protected":false},"excerpt":{"rendered":"<p>Overview of the latest economic events in the Czech Republic Prague is facing a major challenge in the energy sector. President Petr Pavel warned today at the reVision of the Czech Republic conference that...<\/p>","protected":false},"author":2,"featured_media":27807,"comment_status":"closed","ping_status":"closed","sticky":false,"template":"","format":"standard","meta":{"_acf_changed":false,"_lmt_disableupdate":"","_lmt_disable":"","footnotes":""},"categories":[2968,4,658,1,2973],"tags":[45,960,3446,46,78,3445,10,17,41],"class_list":["post-27799","post","type-post","status-publish","format-standard","has-post-thumbnail","hentry","category-domaci","category-ekonomika","category-prectete-si","category-tema","category-zahranicni","tag-cr","tag-cez","tag-erste-bank","tag-eu","tag-evropa","tag-mitsubishi-corporation","tag-news","tag-top","tag-world"],"acf":[],"aioseo_notices":[],"_links":{"self":[{"href":"https:\/\/gnews.cz\/en\/wp-json\/wp\/v2\/posts\/27799","targetHints":{"allow":["GET"]}}],"collection":[{"href":"https:\/\/gnews.cz\/en\/wp-json\/wp\/v2\/posts"}],"about":[{"href":"https:\/\/gnews.cz\/en\/wp-json\/wp\/v2\/types\/post"}],"author":[{"embeddable":true,"href":"https:\/\/gnews.cz\/en\/wp-json\/wp\/v2\/users\/2"}],"replies":[{"embeddable":true,"href":"https:\/\/gnews.cz\/en\/wp-json\/wp\/v2\/comments?post=27799"}],"version-history":[{"count":0,"href":"https:\/\/gnews.cz\/en\/wp-json\/wp\/v2\/posts\/27799\/revisions"}],"wp:featuredmedia":[{"embeddable":true,"href":"https:\/\/gnews.cz\/en\/wp-json\/wp\/v2\/media\/27807"}],"wp:attachment":[{"href":"https:\/\/gnews.cz\/en\/wp-json\/wp\/v2\/media?parent=27799"}],"wp:term":[{"taxonomy":"category","embeddable":true,"href":"https:\/\/gnews.cz\/en\/wp-json\/wp\/v2\/categories?post=27799"},{"taxonomy":"post_tag","embeddable":true,"href":"https:\/\/gnews.cz\/en\/wp-json\/wp\/v2\/tags?post=27799"}],"curies":[{"name":"wp","href":"https:\/\/api.w.org\/{rel}","templated":true}]}}