{"id":30260,"date":"2025-07-02T09:00:00","date_gmt":"2025-07-02T07:00:00","guid":{"rendered":"https:\/\/www.gnews.cz\/?p=30260"},"modified":"2025-07-04T08:55:54","modified_gmt":"2025-07-04T06:55:55","slug":"daily-summary-of-the-economy-in-cr-stv-group-tatra-trucks-and-stv-invest-02-july-2025","status":"publish","type":"post","link":"https:\/\/gnews.cz\/en\/tema\/denni-shrnuti-ekonomiky-v-cr-stv-group-tatra-trucks-a-stv-invest-02-cervence-2025\/","title":{"rendered":"Daily summary of the economy in the Czech Republic: STV Group and Poli\u010dsk\u00e9 stroj\u00edrny, Tatra Trucks and STV Invest, \u010cesk\u00e1 zbrojovka, Eurostat (02 July 2025)"},"content":{"rendered":"\n<p><strong>P\u0159ehled nejnov\u011bj\u0161\u00edch ekonomick\u00fdch ud\u00e1lost\u00ed v \u010cR<\/strong><\/p>\n\n\n\n<p>\u010cesk\u00e1 ekonomika zaznamenala na za\u010d\u00e1tku \u010dervence povzbudiv\u00e9 sign\u00e1ly v oblasti ve\u0159ejn\u00fdch financ\u00ed i pr\u016fmyslov\u00fdch investic. <strong>St\u00e1tn\u00ed rozpo\u010det<\/strong> za prvn\u00ed pololet\u00ed roku 2025 vyk\u00e1zal schodek 152,4 miliardy korun, co\u017e p\u0159edstavuje meziro\u010dn\u00ed zlep\u0161en\u00ed o v\u00edce ne\u017e 26 miliard korun. <strong>Ministerstvo financ\u00ed <\/strong>ozna\u010dilo v\u00fdsledek za nejlep\u0161\u00ed od pandemie covidu-19, p\u0159esto\u017ee z\u016fst\u00e1v\u00e1 \u0161est\u00fdm nejhlub\u0161\u00edm schodkem od vzniku samostatn\u00e9 \u010cesk\u00e9 republiky. Tento v\u00fdvoj poukazuje na postupuj\u00edc\u00ed konsolidaci ve\u0159ejn\u00fdch v\u00fddaj\u016f, kter\u00e1 je jedn\u00edm z hlavn\u00edch c\u00edl\u016f rozpo\u010dtov\u00e9 politiky sou\u010dasn\u00e9 vl\u00e1dy. Na pozitivn\u00ed hospod\u00e1\u0159sk\u00fd sentiment navazuj\u00ed i strategick\u00e9 investice firem, zejm\u00e9na v obrann\u00e9m pr\u016fmyslu a dopravn\u00ed technice.<\/p>\n\n\n\n<p><strong>Ministerstvo financ\u00ed <\/strong>zve\u0159ejnilo n\u00e1vrh rozpo\u010dtu na rok 2025 se sn\u00ed\u017een\u00fdm schodkem 230 miliard korun, \u010d\u00edm\u017e deklaruje pokra\u010dov\u00e1n\u00ed fisk\u00e1ln\u00ed odpov\u011bdnosti. <\/p>\n\n\n\n<p><strong>Zahrani\u010dn\u00ed investice<\/strong><\/p>\n\n\n\n<p>Kl\u00ed\u010dovou zpr\u00e1vou v oblasti investic je ozn\u00e1men\u00ed spole\u010dnosti <strong>STV Group<\/strong>, kter\u00e1 pl\u00e1nuje rozs\u00e1hl\u00fd rozvojov\u00fd projekt v are\u00e1lu <strong>Poli\u010dsk\u00fdch stroj\u00edren<\/strong>. C\u00edlem je vytvo\u0159en\u00ed pln\u011b sob\u011bsta\u010dn\u00e9ho \u0159et\u011bzce pro v\u00fdrobu d\u011blost\u0159eleck\u00e9 munice. Investice ve v\u00fd\u0161i p\u011bti miliard korun pokryje nejen samotnou v\u00fdrobu, ale i v\u00fdvoj jednotliv\u00fdch komponent a p\u0159\u00edpadnou delaboraci. Projekt m\u00e1 z\u00e1sadn\u00ed v\u00fdznam pro bezpe\u010dnostn\u00ed strategii \u010cesk\u00e9 republiky a z\u00e1rove\u0148 vytvo\u0159\u00ed a\u017e 1 000 nov\u00fdch pracovn\u00edch m\u00edst. Spole\u010dnost sou\u010dasn\u011b roz\u0161i\u0159uje svou p\u0159\u00edtomnost v sektoru vojensk\u00e9 techniky, a to nejen doma, ale i v r\u00e1mci mezin\u00e1rodn\u00edch zak\u00e1zek. Tento krok p\u0159edstavuje v\u00fdrazn\u00fd impuls pro region\u00e1ln\u00ed zam\u011bstnanost a technologick\u00fd r\u016fst. <\/p>\n\n\n\n<p>Mate\u0159sk\u00e1 firma STV Group, tedy <strong>STV Invest<\/strong>, z\u00e1rove\u0148 z\u00edskala strategick\u00fd 17,5% pod\u00edl v automobilce <strong>Tatra Trucks<\/strong>, \u010d\u00edm\u017e pos\u00edlila svou pozici v oblasti obrann\u00e9 a n\u00e1kladn\u00ed techniky. \u010cesk\u00e1 zbrojovka z\u00edskala zak\u00e1zku na opravy houfnic Dana pro \u010deskou arm\u00e1du, co\u017e p\u0159isp\u00edv\u00e1 k modernizaci vojensk\u00e9 v\u00fdzbroje.<\/p>\n\n\n\n<p><strong>V\u00fdznamn\u00e9 ud\u00e1losti mimo \u010cR s glob\u00e1ln\u00edm dopadem<\/strong><\/p>\n\n\n\n<p><strong>Eurostat<\/strong> potvrdil \u010dervnovou inflaci v euroz\u00f3n\u011b ve v\u00fd\u0161i 2 %, co\u017e bude m\u00edt dopad na m\u011bnovou politiku i investi\u010dn\u00ed rozhodov\u00e1n\u00ed bank a podnik\u016f nap\u0159\u00ed\u010d Evropou. Oproti kv\u011btnov\u00fdm 1,9 % je patrn\u00e9, \u017ee rostou p\u0159edev\u0161\u00edm ceny potravin a slu\u017eeb, zat\u00edmco ceny energi\u00ed nad\u00e1le klesaj\u00ed. Tento v\u00fdvoj p\u0159ich\u00e1z\u00ed v dob\u011b, kdy Evropsk\u00e1 centr\u00e1ln\u00ed banka balancuje mezi infla\u010dn\u00edmi c\u00edli a podporou hospod\u00e1\u0159sk\u00e9ho r\u016fstu. <\/p>\n\n\n\n<p>V N\u011bmecku ozn\u00e1mila ministryn\u011b hospod\u00e1\u0159stv\u00ed Katherina Reicheov\u00e1 sn\u00ed\u017een\u00ed stupn\u011b varov\u00e1n\u00ed ohledn\u011b z\u00e1sobov\u00e1n\u00ed zem\u011b plynem. Poprv\u00e9 od rusk\u00e9 invaze na Ukrajinu v roce 2022 se varov\u00e1n\u00ed vrac\u00ed na prvn\u00ed stupe\u0148, co\u017e nazna\u010duje stabilizaci situace na evropsk\u00e9m energetick\u00e9m trhu.<\/p>\n\n\n\n<p>N\u011bmecko ozn\u00e1milo zru\u0161en\u00ed poplatku za tranzit plynu pro sousedn\u00ed st\u00e1ty od p\u0159\u00ed\u0161t\u00edho roku, co\u017e se p\u0159\u00edmo dotkne i \u010desk\u00fdch firem p\u016fsob\u00edc\u00edch v oblasti energetiky. <\/p>\n\n\n\n<p><\/p>\n\n\n<p>[currency_and_metal_rates]<\/p>\n\n\n\n<figure class=\"wp-block-image size-large\"><img decoding=\"async\" src=\"https:\/\/www.gnews.cz\/wp-content\/uploads\/2025\/07\/Screenshot_20250701_205713-1024x633.jpg\" alt=\"\" class=\"wp-image-30263\" \/><\/figure>\n\n\n\n<figure class=\"wp-block-image size-large\"><img decoding=\"async\" src=\"https:\/\/www.gnews.cz\/wp-content\/uploads\/2025\/07\/Screenshot_20250701_205804-1024x651.jpg\" alt=\"\" class=\"wp-image-30264\" \/><\/figure>\n\n\n\n<figure class=\"wp-block-image size-large\"><img decoding=\"async\" src=\"https:\/\/www.gnews.cz\/wp-content\/uploads\/2025\/07\/Screenshot_20250701_205729-1024x444.jpg\" alt=\"\" class=\"wp-image-30265\" \/><\/figure>\n\n\n\n<figure class=\"wp-block-image size-large\"><img decoding=\"async\" src=\"https:\/\/www.gnews.cz\/wp-content\/uploads\/2025\/07\/Screenshot_20250701_205842-1024x788.jpg\" alt=\"\" class=\"wp-image-30266\" \/><\/figure>\n\n\n\n<p>tradingeconomics.com<\/p>\n\n\n\n<p><strong>gnews.cz &#8211; GH<\/strong><\/p>\n\n\n\n<p><\/p>\n","protected":false},"excerpt":{"rendered":"<p>Overview of the latest economic developments in the Czech Republic The Czech economy recorded encouraging signals in the area of public finances and industrial investment at the beginning of July. The state...<\/p>","protected":false},"author":2,"featured_media":30268,"comment_status":"closed","ping_status":"closed","sticky":false,"template":"","format":"standard","meta":{"_acf_changed":false,"_lmt_disableupdate":"","_lmt_disable":"","footnotes":""},"categories":[2968,4,658,1,2973],"tags":[45,3794,27,46,78,26,3773,3772,3414,17,41],"class_list":["post-30260","post","type-post","status-publish","format-standard","has-post-thumbnail","hentry","category-domaci","category-ekonomika","category-prectete-si","category-tema","category-zahranicni","tag-cr","tag-denni-shrnuti-ekonomiky","tag-ekonomika","tag-eu","tag-evropa","tag-rusko","tag-stv-group","tag-stv-invest","tag-tatra-trucks","tag-top","tag-world"],"acf":[],"aioseo_notices":[],"_links":{"self":[{"href":"https:\/\/gnews.cz\/en\/wp-json\/wp\/v2\/posts\/30260","targetHints":{"allow":["GET"]}}],"collection":[{"href":"https:\/\/gnews.cz\/en\/wp-json\/wp\/v2\/posts"}],"about":[{"href":"https:\/\/gnews.cz\/en\/wp-json\/wp\/v2\/types\/post"}],"author":[{"embeddable":true,"href":"https:\/\/gnews.cz\/en\/wp-json\/wp\/v2\/users\/2"}],"replies":[{"embeddable":true,"href":"https:\/\/gnews.cz\/en\/wp-json\/wp\/v2\/comments?post=30260"}],"version-history":[{"count":0,"href":"https:\/\/gnews.cz\/en\/wp-json\/wp\/v2\/posts\/30260\/revisions"}],"wp:featuredmedia":[{"embeddable":true,"href":"https:\/\/gnews.cz\/en\/wp-json\/wp\/v2\/media\/30268"}],"wp:attachment":[{"href":"https:\/\/gnews.cz\/en\/wp-json\/wp\/v2\/media?parent=30260"}],"wp:term":[{"taxonomy":"category","embeddable":true,"href":"https:\/\/gnews.cz\/en\/wp-json\/wp\/v2\/categories?post=30260"},{"taxonomy":"post_tag","embeddable":true,"href":"https:\/\/gnews.cz\/en\/wp-json\/wp\/v2\/tags?post=30260"}],"curies":[{"name":"wp","href":"https:\/\/api.w.org\/{rel}","templated":true}]}}