{"id":30297,"date":"2025-07-03T09:00:00","date_gmt":"2025-07-03T07:00:00","guid":{"rendered":"https:\/\/www.gnews.cz\/?p=30297"},"modified":"2025-07-04T08:58:23","modified_gmt":"2025-07-04T06:58:23","slug":"daily-summary-of-the-economy-in-cr-ceska-posta-doosan-skoda-power-03-july-2025","status":"publish","type":"post","link":"https:\/\/gnews.cz\/en\/tema\/denni-shrnuti-ekonomiky-v-cr-ceska-posta-doosan-skoda-power-03-cervence-2025\/","title":{"rendered":"Daily summary of the Czech economy: the Czech Post, the state budget, Tesla, emission allowances (03 July 2025)\u00a0"},"content":{"rendered":"\n<p><strong>P\u0159ehled nejnov\u011bj\u0161\u00edch ekonomick\u00fdch ud\u00e1lost\u00ed v \u010cR<\/strong><\/p>\n\n\n\n<p>\u010cesk\u00e1 ekonomika vykazuje v roce 2025 stabiln\u00ed r\u016fst. Podle Hospod\u00e1\u0159sk\u00e9 komory \u010cR se o\u010dek\u00e1v\u00e1 meziro\u010dn\u00ed r\u016fst re\u00e1ln\u00e9ho HDP o 2,8 %, p\u0159i\u010dem\u017e hlavn\u00edm tahounem z\u016fst\u00e1v\u00e1 spot\u0159eba dom\u00e1cnost\u00ed. Inflace by m\u011bla dos\u00e1hnout pr\u016fm\u011brn\u00e9 hodnoty 2,3 %, co\u017e nazna\u010duje pokra\u010duj\u00edc\u00ed dezinfla\u010dn\u00ed trend.&nbsp;&nbsp;<\/p>\n\n\n\n<p>St\u00e1tn\u00ed rozpo\u010det zaznamenal v prvn\u00edm pololet\u00ed roku 2025 da\u0148ov\u00e9 p\u0159\u00edjmy ve v\u00fd\u0161i 750,7 miliardy korun, co\u017e p\u0159edstavuje meziro\u010dn\u00ed n\u00e1r\u016fst o 8 %. Nejv\u00fdrazn\u011bj\u0161\u00ed r\u016fst byl zaznamen\u00e1n u dan\u011b z p\u0159\u00edjmu fyzick\u00fdch osob a dan\u011b z p\u0159idan\u00e9 hodnoty (DPH), kter\u00e1 z\u016fst\u00e1v\u00e1 hlavn\u00edm da\u0148ov\u00fdm p\u0159\u00edjmem st\u00e1tu.&nbsp;&nbsp;<\/p>\n\n\n\n<p>\u010cesk\u00e1 po\u0161ta uzav\u0159ela novou kolektivn\u00ed smlouvu s odborov\u00fdmi organizacemi, kter\u00e1 bude platn\u00e1 minim\u00e1ln\u011b do poloviny roku 2026, s mo\u017enost\u00ed prodlou\u017een\u00ed do konce roku 2027. Smlouva zaji\u0161\u0165uje benefity pro zam\u011bstnance v rozsahu 750 milion\u016f korun ro\u010dn\u011b.&nbsp;&nbsp;<\/p>\n\n\n\n<p>Na pra\u017esk\u00e9 burze do\u0161lo k m\u00edrn\u00e9mu pos\u00edlen\u00ed indexu PX o 0,12 % na hodnotu 2153,73 bodu. K r\u016fstu p\u0159isp\u011bly zejm\u00e9na akcie spole\u010dnost\u00ed Doosan \u0160koda Power, Moneta Money Bank a Komer\u010dn\u00ed banka.&nbsp;&nbsp;<\/p>\n\n\n\n<p><strong>V\u00fdznamn\u00e9 ud\u00e1losti mimo \u010cR s glob\u00e1ln\u00edm dopadem<\/strong><\/p>\n\n\n\n<p>Americk\u00e1 automobilka Tesla zaznamenala ve druh\u00e9m \u010dtvrtlet\u00ed roku 2025 meziro\u010dn\u00ed pokles odbytu o 13,5 % na 384 122 voz\u016f. Tento pokles je druh\u00fd v \u0159ad\u011b a odr\u00e1\u017e\u00ed n\u00e1ro\u010dn\u00e9 tr\u017en\u00ed podm\u00ednky.&nbsp;&nbsp;<\/p>\n\n\n\n<p>\u010cesk\u00e1 republika spolu s dal\u0161\u00edmi 17 \u010dlensk\u00fdmi st\u00e1ty Evropsk\u00e9 unie zaslala Evropsk\u00e9 komisi po\u017eadavky na zm\u011bnu syst\u00e9mu obchodov\u00e1n\u00ed s emisn\u00edmi povolenkami ETS2, kter\u00fd by m\u011bl zahrnovat dopravu a vyt\u00e1p\u011bn\u00ed budov. St\u00e1ty po\u017eaduj\u00ed pravideln\u00e9 zve\u0159ej\u0148ov\u00e1n\u00ed informac\u00ed o tempu zav\u00e1d\u011bn\u00ed obnoviteln\u00fdch zdroj\u016f a nastaven\u00ed mechanismu, kter\u00fd by omezil v\u00fdkyvy cen povolenek.&nbsp;&nbsp;<\/p>\n\n\n\n<p>Viceprezident Evropsk\u00e9 centr\u00e1ln\u00ed banky Luis de Guindos vyj\u00e1d\u0159il obavy z posilov\u00e1n\u00ed eura v\u016f\u010di americk\u00e9mu dolaru. Pokud by kurz p\u0159ekro\u010dil hranici 1,20 dolaru za euro, mohlo by to negativn\u011b ovlivnit exportn\u00ed dynamiku euroz\u00f3ny. Aktu\u00e1ln\u011b se euro obchoduje za 1,18 dolaru.&nbsp;&nbsp;<\/p>\n\n\n\n<p><\/p>\n\n\n\n<p><\/p>\n\n\n<p>[currency_and_metal_rates]<\/p>\n\n\n\n<figure class=\"wp-block-image size-large\"><img decoding=\"async\" src=\"https:\/\/www.gnews.cz\/wp-content\/uploads\/2025\/07\/Screenshot_20250703_011240-1024x637.jpg\" alt=\"\" class=\"wp-image-30299\" \/><\/figure>\n\n\n\n<figure class=\"wp-block-image size-large\"><img decoding=\"async\" src=\"https:\/\/www.gnews.cz\/wp-content\/uploads\/2025\/07\/Screenshot_20250703_011324-1024x637.jpg\" alt=\"\" class=\"wp-image-30300\" \/><\/figure>\n\n\n\n<figure class=\"wp-block-image size-large\"><img decoding=\"async\" src=\"https:\/\/www.gnews.cz\/wp-content\/uploads\/2025\/07\/Screenshot_20250703_011256-1024x449.jpg\" alt=\"\" class=\"wp-image-30301\" \/><\/figure>\n\n\n\n<figure class=\"wp-block-image size-large\"><img decoding=\"async\" src=\"https:\/\/www.gnews.cz\/wp-content\/uploads\/2025\/07\/Screenshot_20250703_011401-1024x780.jpg\" alt=\"\" class=\"wp-image-30302\" \/><\/figure>\n\n\n\n<p>Zdroj graf\u016f: tradingeconomics.com<\/p>\n\n\n\n<p><strong>gnews.cz &#8211; GH<\/strong><\/p>\n","protected":false},"excerpt":{"rendered":"<p>Overview of the latest economic events in the Czech Republic The Czech economy shows stable growth in 2025. According to the Czech Chamber of Commerce, annual growth is expected to...<\/p>","protected":false},"author":2,"featured_media":30303,"comment_status":"closed","ping_status":"closed","sticky":false,"template":"","format":"standard","meta":{"_acf_changed":false,"_lmt_disableupdate":"","_lmt_disable":"","footnotes":""},"categories":[2968,4,7,1,2973],"tags":[2943,45,3794,27,2378],"class_list":["post-30297","post","type-post","status-publish","format-standard","has-post-thumbnail","hentry","category-domaci","category-ekonomika","category-politika","category-tema","category-zahranicni","tag-ceska-posta","tag-cr","tag-denni-shrnuti-ekonomiky","tag-ekonomika","tag-tesla"],"acf":[],"aioseo_notices":[],"_links":{"self":[{"href":"https:\/\/gnews.cz\/en\/wp-json\/wp\/v2\/posts\/30297","targetHints":{"allow":["GET"]}}],"collection":[{"href":"https:\/\/gnews.cz\/en\/wp-json\/wp\/v2\/posts"}],"about":[{"href":"https:\/\/gnews.cz\/en\/wp-json\/wp\/v2\/types\/post"}],"author":[{"embeddable":true,"href":"https:\/\/gnews.cz\/en\/wp-json\/wp\/v2\/users\/2"}],"replies":[{"embeddable":true,"href":"https:\/\/gnews.cz\/en\/wp-json\/wp\/v2\/comments?post=30297"}],"version-history":[{"count":0,"href":"https:\/\/gnews.cz\/en\/wp-json\/wp\/v2\/posts\/30297\/revisions"}],"wp:featuredmedia":[{"embeddable":true,"href":"https:\/\/gnews.cz\/en\/wp-json\/wp\/v2\/media\/30303"}],"wp:attachment":[{"href":"https:\/\/gnews.cz\/en\/wp-json\/wp\/v2\/media?parent=30297"}],"wp:term":[{"taxonomy":"category","embeddable":true,"href":"https:\/\/gnews.cz\/en\/wp-json\/wp\/v2\/categories?post=30297"},{"taxonomy":"post_tag","embeddable":true,"href":"https:\/\/gnews.cz\/en\/wp-json\/wp\/v2\/tags?post=30297"}],"curies":[{"name":"wp","href":"https:\/\/api.w.org\/{rel}","templated":true}]}}