{"id":30555,"date":"2025-07-08T09:00:00","date_gmt":"2025-07-08T07:00:00","guid":{"rendered":"https:\/\/www.gnews.cz\/?p=30555"},"modified":"2025-07-08T08:53:55","modified_gmt":"2025-07-08T06:53:55","slug":"daily-summary-of-the-economy-in-the-cr-spolana-savencia-orlen-unipetrol-siemens-energy-a-catl-08-july-2025","status":"publish","type":"post","link":"https:\/\/gnews.cz\/en\/tema\/denni-shrnuti-ekonomiky-v-cr-spolana-savencia-orlen-unipetrol-siemens-energy-a-catl-08-cervence-2025\/","title":{"rendered":"Daily summary of the Czech economy: Spolana, Savencia, Orlen Unipetrol, Siemens Energy and CATL (08 July 2025)"},"content":{"rendered":"\n<p><strong>P\u0159ehled nejnov\u011bj\u0161\u00edch ekonomick\u00fdch ud\u00e1lost\u00ed v \u010cR<\/strong><\/p>\n\n\n\n<p>\u010cesk\u00e1 ekonomika \u010del\u00ed v\u00e1\u017en\u00fdm v\u00fdzv\u00e1m v oblasti pr\u016fmyslu a zam\u011bstnanosti. V\u00fdrazn\u00fdm p\u0159\u00edkladem je situace ve spole\u010dnosti Spolana Neratovice, kter\u00e1 v roce 2024 zaznamenala ztr\u00e1tu t\u00e9m\u011b\u0159 7,8 miliardy korun. Oproti roku 2023, kdy \u0161lo o ztr\u00e1tu 1,3 miliardy, je propad dramatick\u00fd. D\u016fvodem jsou p\u0159edev\u0161\u00edm vysok\u00e9 ceny energi\u00ed a inflace. Firma, kter\u00e1 spad\u00e1 pod koncern Orlen Unipetrol, u\u017e za\u010d\u00e1tkem leto\u0161n\u00edho roku ozn\u00e1mila propou\u0161t\u011bn\u00ed zhruba 500 zam\u011bstnanc\u016f. V\u00fdroba se postupn\u011b utlumuje a ve spole\u010dnosti m\u00e1 z\u016fstat pouh\u00fdch 150 pracovn\u00edk\u016f.<\/p>\n\n\n\n<p>Dal\u0161\u00edm v\u00fdrazn\u00fdm krokem je ozn\u00e1men\u00ed francouzsk\u00e9 skupiny Savencia, \u017ee koncem \u00fanora 2026 ukon\u010d\u00ed provoz sv\u00e9 ml\u00e9k\u00e1rny v Hodon\u00edn\u011b. V\u00fdroba taven\u00fdch s\u00fdr\u016f, v\u010detn\u011b zn\u00e1m\u00e9 zna\u010dky Apetito, se p\u0159esune do N\u011bmecka. Tato zm\u011bna ovlivn\u00ed 100 zam\u011bstnanc\u016f a p\u0159ich\u00e1z\u00ed v dob\u011b, kdy Hodon\u00ednsko \u010del\u00ed nejvy\u0161\u0161\u00ed nezam\u011bstnanosti v Jihomoravsk\u00e9m kraji (6 % v kv\u011btnu). Savencia slibuje pomoc s hled\u00e1n\u00edm nov\u00fdch pracovn\u00edch m\u00edst.<\/p>\n\n\n\n<p>Vedle t\u011bchto zpr\u00e1v se \u010desk\u00fd pr\u016fmysl st\u00e1le v\u00edce orientuje na energetickou transformaci. Spole\u010dnost \u010cEZ podepsala novou dohodu s n\u011bmeckou firmou Siemens Energy o dod\u00e1vce komponent pro roz\u0161\u00ed\u0159en\u00ed jadern\u00e9 elektr\u00e1rny Dukovany. Kontrakt za 3,2 miliardy korun m\u00e1 strategick\u00fd v\u00fdznam pro energetickou sob\u011bsta\u010dnost \u010cR a posiluje spolupr\u00e1ci mezi ob\u011bma zem\u011bmi v oblasti jadern\u00e9 energetiky.<\/p>\n\n\n\n<p><strong>Zahrani\u010dn\u00ed investice<\/strong><\/p>\n\n\n\n<p>Z\u00e1jem zahrani\u010dn\u00edch investor\u016f o \u010desk\u00fd trh pokra\u010duje i p\u0159es zhor\u0161uj\u00edc\u00ed se makroekonomick\u00e9 ukazatele. Americk\u00fd gigant Amazon ozn\u00e1mil roz\u0161\u00ed\u0159en\u00ed sv\u00e9ho distribu\u010dn\u00edho centra u Kojet\u00edna na P\u0159erovsku. Projekt v hodnot\u011b 1,1 miliardy korun m\u00e1 p\u0159in\u00e9st a\u017e 500 nov\u00fdch pracovn\u00edch m\u00edst a st\u00e1t se kl\u00ed\u010dov\u00fdm logistick\u00fdm uzlem pro st\u0159edn\u00ed Evropu.<\/p>\n\n\n\n<p>Japonsk\u00e1 automobilka Toyota roz\u0161\u00ed\u0159\u00ed v\u00fdrobn\u00ed linky ve sv\u00e9m z\u00e1vod\u011b v Kol\u00edn\u011b o novou platformu pro elektrick\u00e9 vozy. Investice dos\u00e1hne 4,5 miliardy korun a je sou\u010d\u00e1st\u00ed \u0161ir\u0161\u00ed strategie elektrifikace v\u00fdrobn\u00edho programu. V r\u00e1mci dohody bude spolupracovat s \u010desk\u00fdmi dodavateli, jako je Brano Group a Plastika Nitra, \u010d\u00edm\u017e pos\u00edl\u00ed region\u00e1ln\u00ed pr\u016fmyslov\u00e9 \u0159et\u011bzce.<\/p>\n\n\n\n<p>Z \u010c\u00edny p\u0159i\u0161la zpr\u00e1va o investici spole\u010dnosti CATL, sv\u011btov\u00e9ho l\u00eddra ve v\u00fdrob\u011b bateri\u00ed. Firma otev\u0159e v roce 2026 v\u00fdzkumn\u00e9 centrum v Ostrav\u011b zam\u011b\u0159en\u00e9 na v\u00fdvoj pokro\u010dil\u00fdch bateriov\u00fdch syst\u00e9m\u016f. Hodnota investice p\u0159es\u00e1hne 800 milion\u016f korun. Strategick\u00fdm partnerem bude Vysok\u00e1 \u0161kola b\u00e1\u0148sk\u00e1 \u2013 Technick\u00e1 univerzita Ostrava.<\/p>\n\n\n\n<p><strong>V\u00fdznamn\u00e9 ud\u00e1losti mimo \u010cR s glob\u00e1ln\u00edm dopadem<\/strong><\/p>\n\n\n\n<p>Na glob\u00e1ln\u00ed sc\u00e9n\u011b dominuj\u00ed nov\u00e9 obchodn\u00ed nap\u011bt\u00ed mezi USA a asijsk\u00fdmi trhy. Podle sd\u011blen\u00ed americk\u00e9ho exprezidenta Donalda Trumpa bude od 1. srpna 2025 na dovoz z Japonska a Ji\u017en\u00ed Koreje uvaleno clo ve v\u00fd\u0161i 25 %. I kdy\u017e Evropsk\u00e1 unie zat\u00edm z\u016fst\u00e1v\u00e1 vylou\u010dena, situace zvy\u0161uje glob\u00e1ln\u00ed obchodn\u00ed nejistotu. Ji\u017en\u00ed Korea ji\u017e zah\u00e1jila intenzivn\u00ed jedn\u00e1n\u00ed s Washingtonem, aby zm\u00edrnila dopady nov\u00fdch opat\u0159en\u00ed.<\/p>\n\n\n\n<p>V N\u011bmecku do\u0161lo k v\u00fdznamn\u00e9 akvizici \u2013 Deutsche Bank koupila \u0161v\u00fdcarskou fintech spole\u010dnost Avaloq za 5,3 miliardy eur. Tato transakce m\u00e1 z\u00e1sadn\u00ed v\u00fdznam pro digit\u00e1ln\u00ed transformaci bankovn\u00edho sektoru a posiluje pozici Deutsche Bank v oblasti spr\u00e1vy majetku.<\/p>\n\n\n\n<p>Francouzsk\u00fd LVMH uzav\u0159el dohodu o p\u0159evzet\u00ed britsk\u00e9 luxusn\u00ed zna\u010dky Burberry. Hodnota akvizice dosahuje 8,6 miliardy liber. Tato f\u00faze m\u00e1 za c\u00edl roz\u0161\u00ed\u0159it portfolio skupiny o siln\u011bj\u0161\u00ed pozici na britsk\u00e9m a asijsk\u00e9m trhu s m\u00f3dou.<\/p>\n\n\n\n<p>Ve Spojen\u00fdch arabsk\u00fdch emir\u00e1tech investuje fond Mubadala do americk\u00e9 farmaceutick\u00e9 spole\u010dnosti Gilead Sciences. Investice ve v\u00fd\u0161i 3,9 miliardy dolar\u016f m\u00e1 podpo\u0159it v\u00fdvoj nov\u00fdch antivirotik, v\u010detn\u011b p\u0159\u00edpravk\u016f proti budouc\u00edm pandemi\u00edm.<\/p>\n\n\n\n<p>A kone\u010dn\u011b, jihokorejsk\u00e1 Samsung Electronics ozn\u00e1mila akvizici nizozemsk\u00e9 AI firmy BrainChip za 2,1 miliardy eur. C\u00edlem je pos\u00edlit v\u00fdzkum v oblasti um\u011bl\u00e9 inteligence pro mobiln\u00ed za\u0159\u00edzen\u00ed.<\/p>\n\n\n\n<p><\/p>\n\n\n<p>[currency_and_metal_rates]<\/p>\n\n\n\n<figure class=\"wp-block-image size-large\"><img decoding=\"async\" src=\"https:\/\/www.gnews.cz\/wp-content\/uploads\/2025\/07\/Screenshot_20250708_094149-1024x639.jpg\" alt=\"\" class=\"wp-image-30558\"\/><\/figure>\n\n\n\n<figure class=\"wp-block-image size-large\"><img decoding=\"async\" src=\"https:\/\/www.gnews.cz\/wp-content\/uploads\/2025\/07\/Screenshot_20250708_094237-1024x633.jpg\" alt=\"\" class=\"wp-image-30559\"\/><\/figure>\n\n\n\n<figure class=\"wp-block-image size-large\"><img decoding=\"async\" src=\"https:\/\/www.gnews.cz\/wp-content\/uploads\/2025\/07\/Screenshot_20250708_094206-1024x452.jpg\" alt=\"\" class=\"wp-image-30560\"\/><\/figure>\n\n\n\n<figure class=\"wp-block-image size-large\"><img decoding=\"async\" src=\"https:\/\/www.gnews.cz\/wp-content\/uploads\/2025\/07\/Screenshot_20250708_094309-1024x783.jpg\" alt=\"\" class=\"wp-image-30561\"\/><\/figure>\n\n\n\n<p>tradingeconomics.com<\/p>\n\n\n\n<p><strong>gnew.cz &#8211; GH<\/strong><\/p>\n","protected":false},"excerpt":{"rendered":"<p>Overview of the latest economic developments in the Czech Republic The Czech economy is facing serious challenges in industry and employment. A striking example is the situation in the...<\/p>","protected":false},"author":2,"featured_media":30563,"comment_status":"closed","ping_status":"closed","sticky":false,"template":"","format":"standard","meta":{"_acf_changed":false,"_lmt_disableupdate":"","_lmt_disable":"","footnotes":""},"categories":[2968,4,658,1,2973],"tags":[1962,3828,45,3826,27,46,78,10,3003,3824,3825,3827,2573,17,3662,41],"class_list":["post-30555","post","type-post","status-publish","format-standard","has-post-thumbnail","hentry","category-domaci","category-ekonomika","category-prectete-si","category-tema","category-zahranicni","tag-amazon","tag-catl","tag-cr","tag-denni-shrnuti-ekonomiky-v-cr-spolana","tag-ekonomika","tag-eu","tag-evropa","tag-news","tag-orlen-unipetrol","tag-savencia","tag-siemens-energy","tag-siemens-energy-a-08-cervence-2025","tag-spolana","tag-top","tag-toyota","tag-world"],"acf":[],"aioseo_notices":[],"_links":{"self":[{"href":"https:\/\/gnews.cz\/en\/wp-json\/wp\/v2\/posts\/30555","targetHints":{"allow":["GET"]}}],"collection":[{"href":"https:\/\/gnews.cz\/en\/wp-json\/wp\/v2\/posts"}],"about":[{"href":"https:\/\/gnews.cz\/en\/wp-json\/wp\/v2\/types\/post"}],"author":[{"embeddable":true,"href":"https:\/\/gnews.cz\/en\/wp-json\/wp\/v2\/users\/2"}],"replies":[{"embeddable":true,"href":"https:\/\/gnews.cz\/en\/wp-json\/wp\/v2\/comments?post=30555"}],"version-history":[{"count":0,"href":"https:\/\/gnews.cz\/en\/wp-json\/wp\/v2\/posts\/30555\/revisions"}],"wp:featuredmedia":[{"embeddable":true,"href":"https:\/\/gnews.cz\/en\/wp-json\/wp\/v2\/media\/30563"}],"wp:attachment":[{"href":"https:\/\/gnews.cz\/en\/wp-json\/wp\/v2\/media?parent=30555"}],"wp:term":[{"taxonomy":"category","embeddable":true,"href":"https:\/\/gnews.cz\/en\/wp-json\/wp\/v2\/categories?post=30555"},{"taxonomy":"post_tag","embeddable":true,"href":"https:\/\/gnews.cz\/en\/wp-json\/wp\/v2\/tags?post=30555"}],"curies":[{"name":"wp","href":"https:\/\/api.w.org\/{rel}","templated":true}]}}