{"id":36398,"date":"2025-10-29T18:00:00","date_gmt":"2025-10-29T17:00:00","guid":{"rendered":"https:\/\/www.gnews.cz\/?p=36398"},"modified":"2025-10-29T11:51:31","modified_gmt":"2025-10-29T10:51:31","slug":"andrej-babis-yes-spd-and-motorists-to-sign-coalition-agreement-on-3-november","status":"publish","type":"post","link":"https:\/\/gnews.cz\/en\/tema\/andrej-babis-ano-spd-a-motoriste-podepisou-koalicni-smlouvu-3-listopadu\/","title":{"rendered":"Andrej Babi\u0161 - ANO, SPD and Motorists will sign a coalition agreement on 3 November"},"content":{"rendered":"<p><strong>PRAGUE - ANO, the SPD and the Motorists have agreed on a coalition agreement, which they will sign on Monday, 3 November, when the constituent session of the Czech lower house begins. ANO chairman Andrej Babi\u0161, who was appointed by the president to form the government after the parliamentary elections, said this in a video on social&nbsp;<a href=\"https:\/\/x.com\/AndrejBabis\/status\/1983423169404014658\">X nets<\/a>. Today, he said, there will also be a discussion on the ANO proposal for new rules of procedure for the lower house of Parliament to make it more efficient. Babi\u0161 did not give details of the proposal<\/strong>.<\/p>\n\n\n\n<blockquote class=\"wp-block-quote is-layout-flow wp-block-quote-is-layout-flow\">\n<p><strong>\"We have an agreed coalition agreement. We have agreed that we will sign it on Monday, 3 November, the day the new Chamber of Deputies convenes for the first time,\" Babi\u0161 said. Babi\u0161 said there are still some points in the negotiations between ANO, the SPD and the Motorists on the programme statement of a possible future government that have yet to be agreed. In addition to the programme statement, representatives of ANO, SPD and the Motorists will also discuss proposals for the leadership of the lower house and individual committees, he reminded. Babi\u0161 is expected to provide President Petr Pavel with the coalition agreement and programme priorities in the second half of this week, according to Prague Castle.<\/strong><\/p>\n<\/blockquote>\n\n\n\n<p>\"Today we will discuss the new Rules of Procedure of the Chamber of Deputies, our proposal, which the current government in particular has been calling for to be changed so that the Chamber of Deputies will be more effective,\" Babi\u0161 also said. In the last four years, when ANO and SPD were in opposition, the House's proceedings were often blocked by their obstructions, and some sessions dragged on late into the night or even into the following days. Both Babi\u0161 and SPD leader Tomio Okamura gave long speeches. In a speech in the House of Commons in June, President Pavel called for reflection on whether it was time to cultivate and modify the rules of parliamentary debate. However, amendments to the Chamber of Deputies' Rules of Procedure aimed at reducing obstruction and increasing the efficiency of proceedings fell under the table with the elections and the end of the last Chamber.<\/p>\n\n\n\n<p>The leadership of the Chamber of Deputies should be elected on the second day of the first post-election session, Wednesday 5 November. According to current information, Okamura could become the speaker of the lower house. His opponent in the secret ballot will be KDU-\u010cSL nominee Jan Barto\u0161ek. The number of deputy speakers of the Chamber of Deputies is expected to drop by two to four compared to the last election period. ANO has announced the nomination of Patrik Nacher, while the Motorists' candidate is not yet known. Two deputy speaker positions will go to the future opposition parties, namely ODS and STAN. The Civic Democrats want to nominate Jan Skope\u010dek again, while the STAN movement has announced the nomination of its chairman and former Interior Minister V\u00edt Raku\u0161an.<\/p>\n\n\n\n<p><strong><a href=\"https:\/\/www.ceskenoviny.cz\/zpravy\/ano-spd-a-motoriste-podepisou-koalicni-smlouvu-3-listopadu\/2740320\" title=\"\">CTK<\/a>\/gnews.cz<\/strong><\/p>","protected":false},"excerpt":{"rendered":"<p>PRAGUE - ANO, the SPD and the Motorists have agreed on a coalition agreement, which they will sign on Monday, 3 November, when the constituent session of the Czech lower house begins. The chairman of the...<\/p>","protected":false},"author":2,"featured_media":36400,"comment_status":"open","ping_status":"closed","sticky":false,"template":"","format":"standard","meta":{"_acf_changed":false,"_lmt_disableupdate":"","_lmt_disable":"","footnotes":""},"categories":[2968,3,7,1,580],"tags":[5754,3402,45,6932,1147,1140,10,787,1143,72,573,574,17,786,5160,41],"class_list":["post-36398","post","type-post","status-publish","format-standard","has-post-thumbnail","hentry","category-domaci","category-neprehlednete","category-politika","category-tema","category-vyber-sefredaktora","tag-andrej-babis","tag-ano-2","tag-cr","tag-jan-bartosek","tag-kdu-csl","tag-motoriste-sobe","tag-news","tag-parlament-cr","tag-patrik-nacher","tag-prazsky-hrad","tag-spd","tag-tomio-okamura","tag-top","tag-vit-rakusan","tag-vlada-2","tag-world"],"acf":[],"aioseo_notices":[],"_links":{"self":[{"href":"https:\/\/gnews.cz\/en\/wp-json\/wp\/v2\/posts\/36398","targetHints":{"allow":["GET"]}}],"collection":[{"href":"https:\/\/gnews.cz\/en\/wp-json\/wp\/v2\/posts"}],"about":[{"href":"https:\/\/gnews.cz\/en\/wp-json\/wp\/v2\/types\/post"}],"author":[{"embeddable":true,"href":"https:\/\/gnews.cz\/en\/wp-json\/wp\/v2\/users\/2"}],"replies":[{"embeddable":true,"href":"https:\/\/gnews.cz\/en\/wp-json\/wp\/v2\/comments?post=36398"}],"version-history":[{"count":2,"href":"https:\/\/gnews.cz\/en\/wp-json\/wp\/v2\/posts\/36398\/revisions"}],"predecessor-version":[{"id":36401,"href":"https:\/\/gnews.cz\/en\/wp-json\/wp\/v2\/posts\/36398\/revisions\/36401"}],"wp:featuredmedia":[{"embeddable":true,"href":"https:\/\/gnews.cz\/en\/wp-json\/wp\/v2\/media\/36400"}],"wp:attachment":[{"href":"https:\/\/gnews.cz\/en\/wp-json\/wp\/v2\/media?parent=36398"}],"wp:term":[{"taxonomy":"category","embeddable":true,"href":"https:\/\/gnews.cz\/en\/wp-json\/wp\/v2\/categories?post=36398"},{"taxonomy":"post_tag","embeddable":true,"href":"https:\/\/gnews.cz\/en\/wp-json\/wp\/v2\/tags?post=36398"}],"curies":[{"name":"wp","href":"https:\/\/api.w.org\/{rel}","templated":true}]}}