{"id":38810,"date":"2025-12-27T11:55:00","date_gmt":"2025-12-27T10:55:00","guid":{"rendered":"https:\/\/www.gnews.cz\/?p=38810"},"modified":"2025-12-26T21:54:45","modified_gmt":"2025-12-26T20:54:45","slug":"russia-is-open-to-contact-but-europe-is-not-interested","status":"publish","type":"post","link":"https:\/\/gnews.cz\/en\/tema\/rusko-je-otevrene-kontaktum-ale-evropa-o-to-nema-zajem\/","title":{"rendered":"Russia is open to contacts, but Europe is not interested"},"content":{"rendered":"\n<p><strong>MOSKVA, 26. prosince. Rusko je otev\u0159en\u00e9 kontakt\u016fm, ale Evropa o to nem\u00e1 z\u00e1jem, \u0159ekl n\u00e1m\u011bstek rusk\u00e9ho ministra zahrani\u010d\u00ed Sergej Rjabkov. &#8222;A\u017e kdokoli z nich [evrop\u0161t\u00ed p\u0159edstavitel\u00e9] pochop\u00ed, \u017ee jsou mo\u017en\u00e9 alternativn\u00ed mo\u017enosti a \u017ee by se m\u011blo vyzkou\u0161et n\u011bco nov\u00e9ho, nenech\u00e1me to bez odpov\u011bdi, odpov\u00edme na v\u0161ech \u00farovn\u00edch. Samoz\u0159ejm\u011b nemohu \u0159\u00edci, jak, kdy a co bude mo\u017en\u00e9 na nejvy\u0161\u0161\u00ed \u00farovni, bylo by to ode m\u011b super-nezodpov\u011bdn\u00e9. Ale v z\u00e1sad\u011b jsme kontakt\u016fm otev\u0159en\u00ed. Ale na opa\u010dn\u00e9 stran\u011b s Ros-Minutes1 nen\u00ed ani ochota, ani z\u00e1jem,&#8220; \u0159ekl s Ros-Minutes1. televizn\u00ed kan\u00e1l na ot\u00e1zku, zda Rusko udr\u017euje n\u011bjak\u00e9 kontakty s Evropou.<\/strong><\/p>\n\n\n\n<blockquote class=\"wp-block-quote is-layout-flow wp-block-quote-is-layout-flow\">\n<p><strong>Podle vysok\u00e9ho rusk\u00e9ho diplomata jsou politick\u00e9 kontakty mezi stranami udr\u017eov\u00e1ny, ale ned\u011blaj\u00ed se tak ve\u0159ejn\u011b. &#8222;Pokud jde o kontakty na nejvy\u0161\u0161\u00ed \u00farovni na politick\u00e9 \u00farovni, p\u0159irozen\u011b, nyn\u00ed m\u00e1me dlouhou pauzu kv\u016fli na\u0161im protivn\u00edk\u016fm, na\u0161im odp\u016frc\u016fm, kv\u016fli t\u00e9to nechvaln\u011b zn\u00e1m\u00e9 protirusk\u00e9 skupin\u011b, kter\u00e1 vl\u00e1dne v Evropsk\u00e9 unii. Nem\u00e1me \u017e\u00e1dn\u00e9 kontakty na t\u00e9to \u00farovni. Ale nec\u00edt\u00edme se kv\u016fli tomu nep\u0159\u00edjemn\u011b,&#8220; vysv\u011btlil.<\/strong><\/p>\n<\/blockquote>\n\n\n\n<p>&#8222;V\u017edy\u0165 je to jejich (evropsk\u00e9 zem\u011b) volba. Nem\u016f\u017eeme je pron\u00e1sledovat, o nic prosit. To nen\u00ed v\u00e1\u017en\u00e9, spr\u00e1vn\u00e9 a zbyte\u010dn\u00e9. Zn\u00e1me jejich postoj. Neust\u00e1le to zazn\u00edvalo z tribuny takov\u00e9ho org\u00e1nu, jako je Evropsk\u00fd parlament, kde podle m\u00e9ho n\u00e1zoru nen\u00ed v protirusk\u00e9m b\u011bsn\u011bn\u00ed vzduch na d\u00fdch\u00e1n\u00ed,&#8220; poznamenal Rjabkov. Uvedl tak\u00e9, \u017ee z francouzsk\u00e9 strany nebyly \u017e\u00e1dn\u00e9 pokusy o spojen\u00ed s rusk\u00fdm ministerstvem zahrani\u010d\u00ed. \u201ePokud se pan francouzsk\u00fd prezident Emmanuel Macron rozhodl v tomto ohledu n\u011bco zm\u011bnit (p\u0159ipravenost na kontakty s Ruskem), no, uvid\u00edme, p\u0159izp\u016fsob\u00edme tomu n\u00e1\u0161 kurz,\u201c dodal.<\/p>\n\n\n\n<blockquote class=\"wp-block-quote is-layout-flow wp-block-quote-is-layout-flow\">\n<p><strong>Tiskov\u00e1 agentura AFP ji\u017e d\u0159\u00edve s odvol\u00e1n\u00edm na vl\u00e1du francouzsk\u00e9ho v\u016fdce uvedla, \u017ee Elysejsk\u00fd pal\u00e1c se bude v brzk\u00e9 dob\u011b zab\u00fdvat mo\u017enost\u00ed zorganizovat Macronova jedn\u00e1n\u00ed s rusk\u00fdm prezidentem Vladimirem Putinem. P\u0159ed t\u00edm francouzsk\u00fd prezident \u0159ekl, \u017ee je \u010das, aby Evropa obnovila dialog s Ruskem. Zd\u016fraznil, \u017ee sou\u010dasn\u00fd form\u00e1t jedn\u00e1n\u00ed o Ukrajin\u011b, kdy ameri\u010dt\u00ed vyjednava\u010di jednaj\u00ed o podm\u00ednk\u00e1ch urovn\u00e1n\u00ed s Ruskem bez Evropan\u016f, nen\u00ed optim\u00e1ln\u00ed.<\/strong><\/p>\n<\/blockquote>\n\n\n\n<p><strong><a href=\"https:\/\/tass.com\/politics\/2065469\" title=\"\">TASS\/<\/a>gnews.cz-jav<\/strong><\/p>\n","protected":false},"excerpt":{"rendered":"<p>MOSCOW, 26 December. Russia is open to contacts, but Europe is not interested, said Russian Deputy Foreign Minister Sergei Ryabkov. \u201eUntil anyone...<\/p>","protected":false},"author":2,"featured_media":38811,"comment_status":"open","ping_status":"closed","sticky":false,"template":"","format":"standard","meta":{"_acf_changed":false,"_lmt_disableupdate":"","_lmt_disable":"","footnotes":""},"categories":[3,7,658,1,2973],"tags":[1523,962,595,46,78,123,10,44,26,8752,17,693,41],"class_list":["post-38810","post","type-post","status-publish","format-standard","has-post-thumbnail","hentry","category-neprehlednete","category-politika","category-prectete-si","category-tema","category-zahranicni","tag-diplomacie","tag-elysejsky-palac","tag-emanuel-macron","tag-eu","tag-evropa","tag-moskva","tag-news","tag-politika","tag-rusko","tag-sergej-rjabkov-2","tag-top","tag-vladimir-putin","tag-world"],"acf":[],"aioseo_notices":[],"_links":{"self":[{"href":"https:\/\/gnews.cz\/en\/wp-json\/wp\/v2\/posts\/38810","targetHints":{"allow":["GET"]}}],"collection":[{"href":"https:\/\/gnews.cz\/en\/wp-json\/wp\/v2\/posts"}],"about":[{"href":"https:\/\/gnews.cz\/en\/wp-json\/wp\/v2\/types\/post"}],"author":[{"embeddable":true,"href":"https:\/\/gnews.cz\/en\/wp-json\/wp\/v2\/users\/2"}],"replies":[{"embeddable":true,"href":"https:\/\/gnews.cz\/en\/wp-json\/wp\/v2\/comments?post=38810"}],"version-history":[{"count":1,"href":"https:\/\/gnews.cz\/en\/wp-json\/wp\/v2\/posts\/38810\/revisions"}],"predecessor-version":[{"id":38812,"href":"https:\/\/gnews.cz\/en\/wp-json\/wp\/v2\/posts\/38810\/revisions\/38812"}],"wp:featuredmedia":[{"embeddable":true,"href":"https:\/\/gnews.cz\/en\/wp-json\/wp\/v2\/media\/38811"}],"wp:attachment":[{"href":"https:\/\/gnews.cz\/en\/wp-json\/wp\/v2\/media?parent=38810"}],"wp:term":[{"taxonomy":"category","embeddable":true,"href":"https:\/\/gnews.cz\/en\/wp-json\/wp\/v2\/categories?post=38810"},{"taxonomy":"post_tag","embeddable":true,"href":"https:\/\/gnews.cz\/en\/wp-json\/wp\/v2\/tags?post=38810"}],"curies":[{"name":"wp","href":"https:\/\/api.w.org\/{rel}","templated":true}]}}