{"id":40164,"date":"2026-01-26T09:00:00","date_gmt":"2026-01-26T08:00:00","guid":{"rendered":"https:\/\/www.gnews.cz\/?p=40164"},"modified":"2026-01-26T06:31:06","modified_gmt":"2026-01-26T05:31:06","slug":"daily-economic-summary-in-cr-housing-csg-airwallex-and-paynuri-capital-one-holcim-skoda-auto-and-india-26-january-2026","status":"publish","type":"post","link":"https:\/\/gnews.cz\/en\/neprehlednete\/denni-shrnuti-ekonomiky-v-cr-bydleni-csg-airwallex-a-paynuri-capital-one-holcim-skoda-auto-a-indie-26-ledna-2026\/","title":{"rendered":"Daily summary of the Czech economy: housing, CSG, Airwallex and Paynuri, Capital One, Holcim, \u0160koda Auto and India (26 January 2026)"},"content":{"rendered":"\n<h2 class=\"wp-block-heading\">P\u0159ehled nejnov\u011bj\u0161\u00edch ekonomick\u00fdch ud\u00e1lost\u00ed v \u010cR<\/h2>\n\n\n\n<p>Ekonomika \u010cesk\u00e9 republiky vstupuje do roku 2026 s pokra\u010duj\u00edc\u00edm tlakem na ceny bydlen\u00ed a zv\u00fd\u0161en\u00fdm z\u00e1jmem investor\u016f o kapit\u00e1lov\u00fd trh. Podle anal\u00fdzy realitn\u00ed platformy UlovDomov.cz vzrostlo <strong>n\u00e1jemn\u00e9 v \u010cesk\u00e9 republice na konci roku 2025 meziro\u010dn\u011b o 16 % na 19 529 K\u010d<\/strong>, p\u0159i\u010dem\u017e oproti t\u0159et\u00edmu \u010dtvrtlet\u00ed do\u0161lo k dal\u0161\u00edmu nav\u00fd\u0161en\u00ed o <strong>4 %<\/strong>. V\u00fdznamn\u00fdm faktem z\u016fst\u00e1v\u00e1, \u017ee <strong>spl\u00e1tky hypot\u00e9k jsou v \u0159ad\u011b p\u0159\u00edpad\u016f st\u00e1le a\u017e t\u00e9m\u011b\u0159 dvojn\u00e1sobn\u011b vy\u0161\u0161\u00ed ne\u017e m\u011bs\u00ed\u010dn\u00ed n\u00e1jemn\u00e9<\/strong>, co\u017e omezuje dostupnost vlastnick\u00e9ho bydlen\u00ed a posiluje n\u00e1jemn\u00ed segment trhu.<\/p>\n\n\n\n<p>Na dom\u00e1c\u00edm kapit\u00e1lov\u00e9m trhu dominovala ud\u00e1lost spojen\u00e1 se skupinou <strong>Czechoslovak Group (CSG)<\/strong>, kter\u00e1 \u00fasp\u011b\u0161n\u011b vstoupila na burzu v Amsterdamu. Po prim\u00e1rn\u00ed nab\u00eddce akci\u00ed se tr\u017en\u00ed hodnota spole\u010dnosti posunula nad <strong>30 mld EUR<\/strong>, co\u017e z n\u00ed \u010din\u00ed jednu z nejv\u00fdznamn\u011bj\u0161\u00edch \u010desk\u00fdch firem obchodovan\u00fdch na zahrani\u010dn\u00edch trz\u00edch. Z\u00edskan\u00fd kapit\u00e1l chce CSG vyu\u017e\u00edt p\u0159edev\u0161\u00edm k dal\u0161\u00edm <strong>akvizic\u00edm v obrann\u00e9m a stroj\u00edrensk\u00e9m pr\u016fmyslu<\/strong> a k pos\u00edlen\u00ed sv\u00e9 glob\u00e1ln\u00ed p\u0159\u00edtomnosti.<\/p>\n\n\n\n<p>Pozornost investor\u016f se i nad\u00e1le soust\u0159ed\u00ed na spole\u010dnosti <strong>\u010cEZ<\/strong>, <strong>Komer\u010dn\u00ed banka<\/strong> a dal\u0161\u00ed kl\u00ed\u010dov\u00e9 tituly pra\u017esk\u00e9 burzy, kde se o\u010dek\u00e1v\u00e1, \u017ee hospod\u00e1\u0159sk\u00e9 v\u00fdsledky a v\u00fdvoj dividendov\u00e9 politiky budou m\u00edt z\u00e1sadn\u00ed vliv na v\u00fdkonnost trhu v prvn\u00edch m\u011bs\u00edc\u00edch roku.<\/p>\n\n\n\n<h2 class=\"wp-block-heading\">Zahrani\u010dn\u00ed investice<\/h2>\n\n\n\n<p>Glob\u00e1ln\u00ed investi\u010dn\u00ed aktivita z\u016fst\u00e1v\u00e1 vysok\u00e1 a je charakterizov\u00e1na v\u00fdrazn\u00fdm o\u017eiven\u00edm trhu f\u00faz\u00ed a akvizic. Fintech spole\u010dnost <strong>Airwallex<\/strong> ozn\u00e1mila p\u0159evzet\u00ed jihokorejsk\u00e9 platebn\u00ed firmy <strong>Paynuri<\/strong>, \u010d\u00edm\u017e pos\u00edlila svou pozici v asijsko-pacifick\u00e9m regionu a roz\u0161\u00ed\u0159ila nab\u00eddku mezin\u00e1rodn\u00edch platebn\u00edch slu\u017eeb.<\/p>\n\n\n\n<p>V bankovn\u00edm sektoru vzbudila pozornost dohoda, podle n\u00ed\u017e americk\u00e1 banka <strong>Capital One<\/strong> p\u0159evezme fintech spole\u010dnost <strong>Brex<\/strong> v transakci ocen\u011bn\u00e9 na <strong>5,15 mld USD<\/strong>. Akvizice m\u00e1 za c\u00edl roz\u0161\u00ed\u0159it digit\u00e1ln\u00ed platebn\u00ed \u0159e\u0161en\u00ed pro firemn\u00ed klientelu a potvrzuje trend sbli\u017eov\u00e1n\u00ed tradi\u010dn\u00edho bankovnictv\u00ed s technologick\u00fdmi firmami.<\/p>\n\n\n\n<p>Stavebn\u00ed skupina <strong>Holcim<\/strong> z\u00e1rove\u0148 ozn\u00e1mila, \u017ee v roce 2026 pl\u00e1nuje uskute\u010dnit a\u017e <strong>15 men\u0161\u00edch a st\u0159edn\u011b velk\u00fdch akvizic<\/strong>, zejm\u00e9na v oblasti stavebn\u00edch materi\u00e1l\u016f, recyklace a udr\u017eiteln\u00fdch technologi\u00ed. Tyto kroky ukazuj\u00ed na rostouc\u00ed d\u016fraz investor\u016f na infrastrukturu a ekologick\u00e9 projekty.<\/p>\n\n\n\n<h2 class=\"wp-block-heading\">V\u00fdznamn\u00e9 ud\u00e1losti mimo \u010cR s glob\u00e1ln\u00edm dopadem<\/h2>\n\n\n\n<p>Z\u00e1sadn\u00ed glob\u00e1ln\u00ed ekonomickou zpr\u00e1vou je posun v obchodn\u00edch jedn\u00e1n\u00edch mezi <strong>Evropskou uni\u00ed a Indi\u00ed<\/strong>. Indie hodl\u00e1 <strong>sn\u00ed\u017eit cla na dovoz automobil\u016f z EU z dosavadn\u00edch a\u017e 110 % na 40 %<\/strong>, co\u017e je pova\u017eov\u00e1no za kl\u00ed\u010dov\u00fd krok k uzav\u0159en\u00ed dohody o voln\u00e9m obchodu. Tento krok by v\u00fdrazn\u011b zlep\u0161il p\u0159\u00edstup evropsk\u00fdch v\u00fdrobc\u016f na indick\u00fd trh.<\/p>\n\n\n\n<p>Na indick\u00e9m trhu ji\u017e p\u016fsob\u00ed automobilka <strong>\u0160koda Auto<\/strong>, kter\u00e1 je v Indii odpov\u011bdn\u00e1 za aktivity cel\u00e9ho koncernu <strong>Volkswagen<\/strong>. O\u010dek\u00e1v\u00e1 se, \u017ee sn\u00ed\u017een\u00ed cel by mohlo v\u00e9st k r\u016fstu investic do v\u00fdroby, roz\u0161\u00ed\u0159en\u00ed dodavatelsk\u00fdch \u0159et\u011bzc\u016f a zv\u00fd\u0161en\u00ed konkurence v glob\u00e1ln\u00edm automobilov\u00e9m pr\u016fmyslu.<\/p>\n\n\n\n<p>Celkov\u011b glob\u00e1ln\u00ed ekonomick\u00e9 prost\u0159ed\u00ed z\u016fst\u00e1v\u00e1 dynamick\u00e9, s rostouc\u00edm v\u00fdznamem obchodn\u00edch dohod, investic a strategick\u00fdch akvizic, kter\u00e9 budou v n\u00e1sleduj\u00edc\u00edch m\u011bs\u00edc\u00edch z\u00e1sadn\u011b ovliv\u0148ovat v\u00fdvoj sv\u011btov\u00fdch i \u010desk\u00fdch trh\u016f.<\/p>\n\n\n\n<p><strong>gnews.cz &#8211; GH<\/strong><\/p>\n\n\n<p>[currency_and_metal_rates]<\/p>\n\n\n\n<figure class=\"wp-block-image size-large\"><img decoding=\"async\" src=\"https:\/\/www.gnews.cz\/wp-content\/uploads\/2026\/01\/Bez-nazvu-56-1024x548.png\" alt=\"\" class=\"wp-image-40165\"\/><\/figure>\n\n\n\n<figure class=\"wp-block-image size-large\"><img decoding=\"async\" src=\"https:\/\/www.gnews.cz\/wp-content\/uploads\/2026\/01\/Bez-nazvu-57-1024x544.png\" alt=\"\" class=\"wp-image-40166\"\/><\/figure>\n\n\n\n<figure class=\"wp-block-image size-large\"><img decoding=\"async\" src=\"https:\/\/www.gnews.cz\/wp-content\/uploads\/2026\/01\/Bez-nazvu-58-1024x393.png\" alt=\"\" class=\"wp-image-40167\"\/><\/figure>\n\n\n\n<figure class=\"wp-block-image size-large\"><img decoding=\"async\" src=\"https:\/\/www.gnews.cz\/wp-content\/uploads\/2026\/01\/Bez-nazvu-59-1024x665.png\" alt=\"\" class=\"wp-image-40168\"\/><\/figure>\n\n\n\n<p><strong>tradingeconomics.com<\/strong><\/p>\n","protected":false},"excerpt":{"rendered":"<p>An overview of the latest economic events in the Czech Republic The Czech economy enters 2026 with continued pressure on housing prices and increased interest...<\/p>","protected":false},"author":6,"featured_media":26379,"comment_status":"open","ping_status":"closed","sticky":false,"template":"","format":"standard","meta":{"_acf_changed":false,"_lmt_disableupdate":"","_lmt_disable":"","footnotes":""},"categories":[2968,4,3,2973],"tags":[4716,1595,6827,960,9673,3798,3883,5436,2180,9766,137,9463,9765,6140,2033,1453,17,41,2317],"class_list":["post-40164","post","type-post","status-publish","format-standard","has-post-thumbnail","hentry","category-domaci","category-ekonomika","category-neprehlednete","category-zahranicni","tag-akvizice","tag-automobilovy-prumysl","tag-bankovni-sektor","tag-cez","tag-csg-ipo","tag-czechoslovak-group","tag-ekonomika-cr","tag-fuze-a-akvizice","tag-globalni-ekonomika","tag-indie-a-eu","tag-investice","tag-kapitalovy-trh","tag-najemne-v-cesku","tag-obchodni-dohody","tag-realitni-trh","tag-skoda-auto","tag-top","tag-world","tag-zahranicni-investice"],"acf":[],"aioseo_notices":[],"_links":{"self":[{"href":"https:\/\/gnews.cz\/en\/wp-json\/wp\/v2\/posts\/40164","targetHints":{"allow":["GET"]}}],"collection":[{"href":"https:\/\/gnews.cz\/en\/wp-json\/wp\/v2\/posts"}],"about":[{"href":"https:\/\/gnews.cz\/en\/wp-json\/wp\/v2\/types\/post"}],"author":[{"embeddable":true,"href":"https:\/\/gnews.cz\/en\/wp-json\/wp\/v2\/users\/6"}],"replies":[{"embeddable":true,"href":"https:\/\/gnews.cz\/en\/wp-json\/wp\/v2\/comments?post=40164"}],"version-history":[{"count":1,"href":"https:\/\/gnews.cz\/en\/wp-json\/wp\/v2\/posts\/40164\/revisions"}],"predecessor-version":[{"id":40169,"href":"https:\/\/gnews.cz\/en\/wp-json\/wp\/v2\/posts\/40164\/revisions\/40169"}],"wp:featuredmedia":[{"embeddable":true,"href":"https:\/\/gnews.cz\/en\/wp-json\/wp\/v2\/media\/26379"}],"wp:attachment":[{"href":"https:\/\/gnews.cz\/en\/wp-json\/wp\/v2\/media?parent=40164"}],"wp:term":[{"taxonomy":"category","embeddable":true,"href":"https:\/\/gnews.cz\/en\/wp-json\/wp\/v2\/categories?post=40164"},{"taxonomy":"post_tag","embeddable":true,"href":"https:\/\/gnews.cz\/en\/wp-json\/wp\/v2\/tags?post=40164"}],"curies":[{"name":"wp","href":"https:\/\/api.w.org\/{rel}","templated":true}]}}