{"id":42926,"date":"2026-03-28T21:30:00","date_gmt":"2026-03-28T20:30:00","guid":{"rendered":"https:\/\/gnews.cz\/?p=42926"},"modified":"2026-04-01T15:58:32","modified_gmt":"2026-04-01T13:58:32","slug":"gnews-rozhovor-s-poslancem-janem-hrncirem-spd-dil-v-o-iranu-vzdy-je-lepsi-hledat-diplomaticke-reseni","status":"publish","type":"post","link":"https:\/\/gnews.cz\/en\/rozhovory\/gnews-rozhovor-s-poslancem-janem-hrncirem-spd-dil-v-o-iranu-vzdy-je-lepsi-hledat-diplomaticke-reseni\/","title":{"rendered":"GNEWS Interview with MP Jan Hrn\u010d\u00ed\u0159 (SPD), part V: on Iran - it is always better to seek a diplomatic solution"},"content":{"rendered":"<p><strong>MP Jan Hrn\u010d\u00ed\u0159 from the Freedom and Direct Democracy (SPD) warns sharply of the consequences of military conflicts. In an interview, he stressed that aggression, in his opinion, never solves anything and, on the contrary, brings further problems that can affect Europe.<\/strong> <strong>In the last part of the interview for&nbsp;<a href=\"https:\/\/gnews.cz\/en\/\">Gnews.cz<\/a>&nbsp;<\/strong><\/p>\n\n\n\n<figure class=\"wp-block-embed is-provider-youtube wp-block-embed-youtube\"><div class=\"wp-block-embed__wrapper\">\n<iframe title=\"Jan Hrn\u010d\u00ed\u0159 (SPD) on Iran\" width=\"1170\" height=\"658\" src=\"https:\/\/www.youtube.com\/embed\/eJEgolFQmlU?feature=oembed\" frameborder=\"0\" allow=\"accelerometer; autoplay; clipboard-write; encrypted-media; gyroscope; picture-in-picture; web-share\" referrerpolicy=\"strict-origin-when-cross-origin\" allowfullscreen><\/iframe>\n<\/div><\/figure>\n\n\n\n<p><em>You can also listen to the fourth part of our interview with Jan Hrn\u010d\u00ed\u0159<\/em> <strong><a href=\"https:\/\/youtu.be\/_H6TAGFwnDk\">here<\/a><\/strong><\/p>\n\n\n\n<p><strong>\u201eWe are against any aggression. It is always better to seek a diplomatic solution,\u201c Hrn\u010d\u00ed\u0159 said. He recalled that military interventions in the past have often led to divided states, migration waves and security threats.<\/strong><\/p>\n\n\n\n<p>As an example, he cited the conflict in Syria, after which Europe faced not only a migration crisis but also a series of terrorist attacks. He said there was a real risk that a similar situation could be repeated. \u201eThere could be a resurgence of Islamist attacks on our territory as well,\u201c he warned.<\/p>\n\n\n\n<p>He also drew attention to the possible economic impact. A further escalation of the conflicts could, in his view, negatively affect the economic growth of the European Union and put the economy back into recession. Hrn\u010d\u00ed\u0159 also commented on the tensions over Iran. Although he admits that the actions of the United States or Israel may have security reasons, he rejects the elimination of political leaders without trial.<\/p>\n\n\n\n<blockquote class=\"wp-block-quote is-layout-flow wp-block-quote-is-layout-flow\">\n<p><strong>\u201eEven if the regime is harmful, certain limits must not be crossed,\u201c he stressed. He said it was necessary to return to diplomacy and seek solutions at the negotiating table, not on the battlefield.<\/strong><\/p>\n<\/blockquote>\n\n\n\n<p>The statement thus reopens a fundamental question: is Europe in danger of a return to terror because of the ongoing conflicts?<\/p>\n\n\n\n<p><em>You can watch the previous part of the interview<\/em>: <strong><a href=\"https:\/\/gnews.cz\/en\/theme\/gnews-rozhovor-s-poslancem-janem-hrncirem-spd-dil-iv-o-fialove-politice-a-co-delat\/\" title=\"\">here<\/a><\/strong><\/p>\n\n\n\n<p><strong>General News<\/strong><\/p>","protected":false},"excerpt":{"rendered":"<p>MP Jan Hrn\u010d\u00ed\u0159 from the Freedom and Direct Democracy (SPD) warns sharply of the consequences of military conflicts. In an interview he stressed that aggression, in his opinion,...<\/p>","protected":false},"author":9,"featured_media":42785,"comment_status":"open","ping_status":"closed","sticky":false,"template":"","format":"standard","meta":{"_acf_changed":false,"_lmt_disableupdate":"","_lmt_disable":"","footnotes":""},"categories":[2968,3,7,2,580,2973],"tags":[2482,8453,45,1523,5327,78,5420,4025,760,11890,11732,11889,10,9267,9960,11755,212,17,5689,11888,11887,41],"class_list":["post-42926","post","type-post","status-publish","format-standard","has-post-thumbnail","hentry","category-domaci","category-neprehlednete","category-politika","category-rozhovory","category-vyber-sefredaktora","category-zahranicni","tag-agrese","tag-bezpecnostni-hrozby","tag-cr","tag-diplomacie","tag-eskalace","tag-evropa","tag-general-news","tag-gnews-cz","tag-iran-3","tag-islamisticke-utoky","tag-jan-hrncir","tag-migracni-krize","tag-news","tag-poslanec","tag-riziko","tag-svoboda-a-prima-demokracie-spd","tag-syrie","tag-top","tag-top2","tag-vojenske-zasahy","tag-vojenskych-konfliktu","tag-world"],"acf":[],"aioseo_notices":[],"_links":{"self":[{"href":"https:\/\/gnews.cz\/en\/wp-json\/wp\/v2\/posts\/42926","targetHints":{"allow":["GET"]}}],"collection":[{"href":"https:\/\/gnews.cz\/en\/wp-json\/wp\/v2\/posts"}],"about":[{"href":"https:\/\/gnews.cz\/en\/wp-json\/wp\/v2\/types\/post"}],"author":[{"embeddable":true,"href":"https:\/\/gnews.cz\/en\/wp-json\/wp\/v2\/users\/9"}],"replies":[{"embeddable":true,"href":"https:\/\/gnews.cz\/en\/wp-json\/wp\/v2\/comments?post=42926"}],"version-history":[{"count":3,"href":"https:\/\/gnews.cz\/en\/wp-json\/wp\/v2\/posts\/42926\/revisions"}],"predecessor-version":[{"id":43281,"href":"https:\/\/gnews.cz\/en\/wp-json\/wp\/v2\/posts\/42926\/revisions\/43281"}],"wp:featuredmedia":[{"embeddable":true,"href":"https:\/\/gnews.cz\/en\/wp-json\/wp\/v2\/media\/42785"}],"wp:attachment":[{"href":"https:\/\/gnews.cz\/en\/wp-json\/wp\/v2\/media?parent=42926"}],"wp:term":[{"taxonomy":"category","embeddable":true,"href":"https:\/\/gnews.cz\/en\/wp-json\/wp\/v2\/categories?post=42926"},{"taxonomy":"post_tag","embeddable":true,"href":"https:\/\/gnews.cz\/en\/wp-json\/wp\/v2\/tags?post=42926"}],"curies":[{"name":"wp","href":"https:\/\/api.w.org\/{rel}","templated":true}]}}