{"id":42963,"date":"2026-03-29T09:00:00","date_gmt":"2026-03-29T07:00:00","guid":{"rendered":"https:\/\/gnews.cz\/?p=42963"},"modified":"2026-03-30T00:16:42","modified_gmt":"2026-03-29T22:16:42","slug":"obrazarna-spejchar-zelec-si-vydobyla-predni-misto-mezi-jihoceskymi-stanky-vytvarneho-umeni","status":"publish","type":"post","link":"https:\/\/gnews.cz\/en\/tema\/obrazarna-spejchar-zelec-si-vydobyla-predni-misto-mezi-jihoceskymi-stanky-vytvarneho-umeni\/","title":{"rendered":"The \u0160pejchar \u017dele\u010d Picture Gallery has earned a leading place among South Bohemian art stalls"},"content":{"rendered":"<h2 class=\"wp-block-heading\"><strong>Enlighteners of the South<\/strong><\/h2>\n\n\n\n<p>Under this term, the art-loving public will surely recall the South Bohemian gallery OBRAZ\u00c1RNA \u0160PEJCHAR \u017dELE\u010c, which has earned a leading place among (not only) South Bohemian stands of fine art during the decades of its existence. This is due to its varied exhibition dramaturgy, regularly presenting dozens of Czechoslovak masters of the 20th and 21st century palette. The Association Osv\u011bt\u00e1\u0159i Jihu was founded by the tireless art historian, curator, art publicist and writer Pavel \u0160midrkal. The aim of the association is to discover, preserve and disseminate the cultural heritage associated with the region through lectures, exhibitions and its own publishing activities. At the same time, it promotes and increases tourism in the region by promoting its history and present and by disseminating useful information.<\/p>\n\n\n\n<figure class=\"wp-block-gallery has-nested-images columns-default is-cropped wp-block-gallery-1 is-layout-flex wp-block-gallery-is-layout-flex\">\n<figure class=\"wp-block-image size-large\"><img fetchpriority=\"high\" decoding=\"async\" width=\"1024\" height=\"739\" data-id=\"42987\" src=\"https:\/\/gnews.cz\/wp-content\/uploads\/2026\/03\/imageresize_20260329_112102-1024x739.webp\" alt=\"\" class=\"wp-image-42987\" srcset=\"https:\/\/gnews.cz\/wp-content\/uploads\/2026\/03\/imageresize_20260329_112102-1024x739.webp 1024w, https:\/\/gnews.cz\/wp-content\/uploads\/2026\/03\/imageresize_20260329_112102-300x217.webp 300w, https:\/\/gnews.cz\/wp-content\/uploads\/2026\/03\/imageresize_20260329_112102-768x554.webp 768w, https:\/\/gnews.cz\/wp-content\/uploads\/2026\/03\/imageresize_20260329_112102-18x12.webp 18w, https:\/\/gnews.cz\/wp-content\/uploads\/2026\/03\/imageresize_20260329_112102-1170x844.webp 1170w, https:\/\/gnews.cz\/wp-content\/uploads\/2026\/03\/imageresize_20260329_112102-585x422.webp 585w, https:\/\/gnews.cz\/wp-content\/uploads\/2026\/03\/imageresize_20260329_112102.webp 1247w\" sizes=\"(max-width: 1024px) 100vw, 1024px\" \/><\/figure>\n<\/figure>\n\n\n\n<h2 class=\"wp-block-heading\"><strong>Opening ceremony of the new gallery<\/strong><\/h2>\n\n\n\n<p>The \u017dele\u010d Picture Gallery celebrated its 13th exhibition season in 2024. In the spirit of the saying about the unlucky number, it was also the last one, when other interests won over culture and education. The village thus lost its extraordinary cultural magnet that attracted those interested in the visual arts from home and abroad. The enlighteners of the South therefore had to change their location, which happened thanks to the understanding of the owner of the Bechyn\u011b Spa and the listed building, the so-called Kot\u011bra Villa (built in 1905), which was thus transformed into an exhibition hall.<\/p>\n\n\n\n<p>The Osv\u011bt\u00e1\u0159i have been cooperating with the spa for several years, and exhibitions organized by them have contributed to the leisure activities of spa guests and holidaymakers. Their popularity grew hand in hand with the visitors (normally 100 guests at the opening), until the premises in the main building of the spa began to serve a different purpose and the time came to look for a replacement, more representative. All's well that ends well! Kot\u00e9r's Villa is thus the new and important location of the Association of the Enlightened of the South.<\/p>\n\n\n\n<figure class=\"wp-block-gallery has-nested-images columns-default is-cropped wp-block-gallery-2 is-layout-flex wp-block-gallery-is-layout-flex\">\n<figure class=\"wp-block-image size-large\"><img decoding=\"async\" width=\"1024\" height=\"775\" data-id=\"42988\" src=\"https:\/\/gnews.cz\/wp-content\/uploads\/2026\/03\/imageresize_20260330_010152-1024x775.webp\" alt=\"\" class=\"wp-image-42988\" srcset=\"https:\/\/gnews.cz\/wp-content\/uploads\/2026\/03\/imageresize_20260330_010152-1024x775.webp 1024w, https:\/\/gnews.cz\/wp-content\/uploads\/2026\/03\/imageresize_20260330_010152-300x227.webp 300w, https:\/\/gnews.cz\/wp-content\/uploads\/2026\/03\/imageresize_20260330_010152-768x581.webp 768w, https:\/\/gnews.cz\/wp-content\/uploads\/2026\/03\/imageresize_20260330_010152-16x12.webp 16w, https:\/\/gnews.cz\/wp-content\/uploads\/2026\/03\/imageresize_20260330_010152-1170x886.webp 1170w, https:\/\/gnews.cz\/wp-content\/uploads\/2026\/03\/imageresize_20260330_010152-585x443.webp 585w, https:\/\/gnews.cz\/wp-content\/uploads\/2026\/03\/imageresize_20260330_010152.webp 1189w\" sizes=\"(max-width: 1024px) 100vw, 1024px\" \/><\/figure>\n<\/figure>\n\n\n\n<h2 class=\"wp-block-heading\"><strong>What we can look forward to<\/strong><\/h2>\n\n\n\n<p>As Pavel \u0160midrkal told us, the premiere of the exhibition opened with a presentation by the top Czech landscape painter Josef \u010cern\u00fd entitled Homage to Landscape and City, which will run until the beginning of May. In this context, we must remind you that visitors to the gallery will also have the opportunity to see several works commemorating the liberation of the republic from the fascists at the end of the Second World War in 1945, as \u010cern\u00fd returned to this theme with several themes of American soldiers during the occupation of Pilsen, after the city's inhabitants themselves had liberated their city after fighting with the Nazis - three hundred patriots were killed at that time, mainly from the ranks of railway and postal workers.<\/p>\n\n\n\n<p>The upcoming events will include a presentation by painter Martin Ko\u0159enko, June will bring a cross-section of the work of art photographer Lev Pavluch, then it will be time for Karel Moln\u00e1r and a series of regional authors. It is certainly pleasing news that a selection of Josef \u010cern\u00fd's work will be presented in April-May alongside the Bechyn\u011b exhibition by the Prague Small Gallery Tudy k badateln\u011b Vojensk\u00e9 \u00fastn\u00edho archivu (Prague 6), this time directed by the Association of Czechoslovak Foreign Airmen-East. Their exhibitions never lack catalogues of the authors and admission is free.<\/p>\n\n\n\n<figure class=\"wp-block-gallery has-nested-images columns-default is-cropped wp-block-gallery-3 is-layout-flex wp-block-gallery-is-layout-flex\">\n<figure class=\"wp-block-image size-large\"><img decoding=\"async\" width=\"1024\" height=\"701\" data-id=\"42989\" src=\"https:\/\/gnews.cz\/wp-content\/uploads\/2026\/03\/imageresize_20260330_010147-1024x701.webp\" alt=\"\" class=\"wp-image-42989\" srcset=\"https:\/\/gnews.cz\/wp-content\/uploads\/2026\/03\/imageresize_20260330_010147-1024x701.webp 1024w, https:\/\/gnews.cz\/wp-content\/uploads\/2026\/03\/imageresize_20260330_010147-300x205.webp 300w, https:\/\/gnews.cz\/wp-content\/uploads\/2026\/03\/imageresize_20260330_010147-768x526.webp 768w, https:\/\/gnews.cz\/wp-content\/uploads\/2026\/03\/imageresize_20260330_010147-18x12.webp 18w, https:\/\/gnews.cz\/wp-content\/uploads\/2026\/03\/imageresize_20260330_010147-1170x801.webp 1170w, https:\/\/gnews.cz\/wp-content\/uploads\/2026\/03\/imageresize_20260330_010147-585x401.webp 585w, https:\/\/gnews.cz\/wp-content\/uploads\/2026\/03\/imageresize_20260330_010147.webp 1314w\" sizes=\"(max-width: 1024px) 100vw, 1024px\" \/><\/figure>\n<\/figure>\n\n\n\n<h2 class=\"wp-block-heading\"><strong>Paintings with themes of Paris and Sumava<\/strong><\/h2>\n\n\n\n<p>The Bechyn\u011b opening of the paintings by the painter Josef \u010cern\u00fd became an opportunity to meet art personalities of the South Bohemian Region, such as Valentin Horba, Josef Z\u00e1ruba, Tom\u00e1\u0161 Pitlik or Lev Pavlucha. The opening speech was given by the mayor of Bechyn\u011b \u0160t\u011bp\u00e1n Ond\u0159ich. Among the distinguished guests was Gen. Franti\u0161ek Pad\u011blek, chairman of the Club of Generals of the Czech Republic. The most satisfaction was expressed by the patients of the spa present, for whom the opening was an inspiring evening of bonding with the paintings to beautiful music.<\/p>\n\n\n\n<p>It remains to add that the painter and draughtsman Josef \u010cern\u00fd (born in 1943) remains unaffected by old age in his current work. He does not lack liveliness, he is tireless and full of energy. He fills his studio with new works, almost daily using his brush to work magic on the canvas. His talent was already strengthened decades ago by private studies (1961- 63) with ac. mal. Franti\u0161ek Jel\u00ednek, then with ac. mal. Vladim\u00edr Havlice. In 1978-1981 Josef \u010cern\u00fd graduated from the Lum\u00edr Topinka Art School. He held eighty solo exhibitions, some of his paintings crossed our borders in all directions (quotation from the exhibition catalogue by curator Pavel \u0160midrkal).<\/p>\n\n\n\n<p><strong>Ivan Cerny <\/strong><\/p>\n\n\n\n<figure class=\"wp-block-image size-full is-resized\"><img loading=\"lazy\" decoding=\"async\" width=\"631\" height=\"900\" src=\"https:\/\/gnews.cz\/wp-content\/uploads\/2026\/03\/Screenshot_20260330_011353.webp\" alt=\"\" class=\"wp-image-42993\" style=\"aspect-ratio:0.70109375;width:780px;height:auto\" srcset=\"https:\/\/gnews.cz\/wp-content\/uploads\/2026\/03\/Screenshot_20260330_011353.webp 631w, https:\/\/gnews.cz\/wp-content\/uploads\/2026\/03\/Screenshot_20260330_011353-210x300.webp 210w, https:\/\/gnews.cz\/wp-content\/uploads\/2026\/03\/Screenshot_20260330_011353-8x12.webp 8w, https:\/\/gnews.cz\/wp-content\/uploads\/2026\/03\/Screenshot_20260330_011353-585x834.webp 585w\" sizes=\"(max-width: 631px) 100vw, 631px\" \/><\/figure>","protected":false},"excerpt":{"rendered":"<p>Illuminators of the South Under this term, the art-loving public will surely recall the connection with the South Bohemian gallery OBRAZ\u00c1RNA \u0160PEJCHAR \u017dELE\u010c, which during the decades of its...<\/p>","protected":false},"author":10,"featured_media":42965,"comment_status":"open","ping_status":"closed","sticky":false,"template":"","format":"standard","meta":{"_acf_changed":false,"_lmt_disableupdate":"","_lmt_disable":"","footnotes":""},"categories":[2968,6,658,1,3104,8,5],"tags":[11902,11913,11918,11915,11910,11909,11905,11906,11912,11920,10,11901,6892,11904,1736,11917,11914,17,11916,11919,11911,1651,11907,41,11908],"class_list":["post-42963","post","type-post","status-publish","format-standard","has-post-thumbnail","hentry","category-domaci","category-kultura","category-prectete-si","category-tema","category-veda","category-zabava","category-zdravy-styl","tag-ceskoslovenssti-mistri-palety","tag-frantisek-padelek","tag-josef-cerny","tag-josef-zaruba","tag-koterova-vila","tag-kulturni-magnet","tag-kunsthistorik","tag-kurator","tag-lev-pavlucha","tag-lumira-topinky","tag-news","tag-obrazarna-spejchar-zelec","tag-pavel-smidrkal-2","tag-prednasky","tag-spisovatel","tag-stepan-ondrich","tag-tomas-pitlik","tag-top","tag-valentin-horba","tag-vladimira-havlice","tag-vystavni-sin","tag-vytvarne-umeni","tag-vytvarny-publicista","tag-world","tag-zelecska-obrazarna"],"acf":[],"aioseo_notices":[],"_links":{"self":[{"href":"https:\/\/gnews.cz\/en\/wp-json\/wp\/v2\/posts\/42963","targetHints":{"allow":["GET"]}}],"collection":[{"href":"https:\/\/gnews.cz\/en\/wp-json\/wp\/v2\/posts"}],"about":[{"href":"https:\/\/gnews.cz\/en\/wp-json\/wp\/v2\/types\/post"}],"author":[{"embeddable":true,"href":"https:\/\/gnews.cz\/en\/wp-json\/wp\/v2\/users\/10"}],"replies":[{"embeddable":true,"href":"https:\/\/gnews.cz\/en\/wp-json\/wp\/v2\/comments?post=42963"}],"version-history":[{"count":4,"href":"https:\/\/gnews.cz\/en\/wp-json\/wp\/v2\/posts\/42963\/revisions"}],"predecessor-version":[{"id":42994,"href":"https:\/\/gnews.cz\/en\/wp-json\/wp\/v2\/posts\/42963\/revisions\/42994"}],"wp:featuredmedia":[{"embeddable":true,"href":"https:\/\/gnews.cz\/en\/wp-json\/wp\/v2\/media\/42965"}],"wp:attachment":[{"href":"https:\/\/gnews.cz\/en\/wp-json\/wp\/v2\/media?parent=42963"}],"wp:term":[{"taxonomy":"category","embeddable":true,"href":"https:\/\/gnews.cz\/en\/wp-json\/wp\/v2\/categories?post=42963"},{"taxonomy":"post_tag","embeddable":true,"href":"https:\/\/gnews.cz\/en\/wp-json\/wp\/v2\/tags?post=42963"}],"curies":[{"name":"wp","href":"https:\/\/api.w.org\/{rel}","templated":true}]}}