{"id":43059,"date":"2026-03-25T13:37:10","date_gmt":"2026-03-25T12:37:10","guid":{"rendered":"https:\/\/gnews.cz\/?p=43059"},"modified":"2026-03-30T13:43:13","modified_gmt":"2026-03-30T11:43:13","slug":"cina-je-skutecnym-ekonomickym-hegemonem-rika-exposlanec-simunek","status":"publish","type":"post","link":"https:\/\/gnews.cz\/en\/ekonomika\/cina-je-skutecnym-ekonomickym-hegemonem-rika-exposlanec-simunek\/","title":{"rendered":"China is the real economic hegemon, says ex-MP \u0160im\u016fnek"},"content":{"rendered":"<p id=\"wnd_TextBlock_97681774870882301349_inner_0\"><strong>First Vice-Chairman of the KS\u010cM and former MP Petr \u0160im\u016fnek said that Europe is facing deep economic problems. According to him, it is mainly a lack of technically educated people, a lack of natural resources and expensive labour. Europe is therefore forced to import workers from third countries.<\/strong><\/p>\n\n\n\n<p id=\"wnd_TextBlock_97681774870882301349_inner_1\">On the other hand, Asia, especially China, is a much stronger economy, according to \u0160im\u016fnek. He recalled that while the European Union has about 300,000 key workers who can fundamentally move the economy, China and India alone have a combined population of nearly 3 billion. He stressed that China does not just rely on cheap labour, but has highly skilled professionals and a quality secondary education system.<\/p>\n\n\n\n<p id=\"wnd_TextBlock_97681774870882301349_inner_2\">\u0160im\u016fnek also appreciated that China is very cleverly building international cooperation with Latin America, Africa and Russia, while at the same time maintaining good trade relations with the United States. In his words, China is a true economic hegemon on a global scale and the world should learn from it.<\/p>\n\n\n\n<p id=\"wnd_TextBlock_97681774870882301349_inner_3\">He concluded by expressing his wish that the Asian economy, and China in particular, would continue to prosper. <em>\u201eIf China does well and remains on good neighbourly terms with the Czech Republic, we will do well too,\u201c<\/em> \u0160im\u016fnek concluded.<\/p>\n\n\n\n<p id=\"wnd_TextBlock_97681774870882301349_inner_4\"><a href=\"https:\/\/ksc4.cms.webnode.cz\/l\/cina-je-skutecnym-ekonomickym-hegemonem-rika-exposlanec-simunek\/#\"><strong>CMG<\/strong><\/a><\/p>","protected":false},"excerpt":{"rendered":"<p>First Vice-Chairman of the KS\u010cM and former MP Petr \u0160im\u016fnek said that Europe is facing deep economic problems. According to him, it is primarily a lack of technically...<\/p>","protected":false},"author":6,"featured_media":43061,"comment_status":"open","ping_status":"closed","sticky":false,"template":"","format":"video","meta":{"_acf_changed":false,"_lmt_disableupdate":"","_lmt_disable":"","footnotes":""},"categories":[4,550],"tags":[84,22,18,27,10363,10866],"class_list":["post-43059","post","type-post","status-publish","format-video","has-post-thumbnail","hentry","category-ekonomika","category-videa","tag-asie","tag-cina","tag-cmg","tag-ekonomika","tag-kscm","tag-petr-simunek","post_format-post-format-video"],"acf":[],"aioseo_notices":[],"_links":{"self":[{"href":"https:\/\/gnews.cz\/en\/wp-json\/wp\/v2\/posts\/43059","targetHints":{"allow":["GET"]}}],"collection":[{"href":"https:\/\/gnews.cz\/en\/wp-json\/wp\/v2\/posts"}],"about":[{"href":"https:\/\/gnews.cz\/en\/wp-json\/wp\/v2\/types\/post"}],"author":[{"embeddable":true,"href":"https:\/\/gnews.cz\/en\/wp-json\/wp\/v2\/users\/6"}],"replies":[{"embeddable":true,"href":"https:\/\/gnews.cz\/en\/wp-json\/wp\/v2\/comments?post=43059"}],"version-history":[{"count":1,"href":"https:\/\/gnews.cz\/en\/wp-json\/wp\/v2\/posts\/43059\/revisions"}],"predecessor-version":[{"id":43060,"href":"https:\/\/gnews.cz\/en\/wp-json\/wp\/v2\/posts\/43059\/revisions\/43060"}],"wp:featuredmedia":[{"embeddable":true,"href":"https:\/\/gnews.cz\/en\/wp-json\/wp\/v2\/media\/43061"}],"wp:attachment":[{"href":"https:\/\/gnews.cz\/en\/wp-json\/wp\/v2\/media?parent=43059"}],"wp:term":[{"taxonomy":"category","embeddable":true,"href":"https:\/\/gnews.cz\/en\/wp-json\/wp\/v2\/categories?post=43059"},{"taxonomy":"post_tag","embeddable":true,"href":"https:\/\/gnews.cz\/en\/wp-json\/wp\/v2\/tags?post=43059"}],"curies":[{"name":"wp","href":"https:\/\/api.w.org\/{rel}","templated":true}]}}