{"id":43109,"date":"2026-03-31T09:00:00","date_gmt":"2026-03-31T07:00:00","guid":{"rendered":"https:\/\/gnews.cz\/?p=43109"},"modified":"2026-03-31T07:42:18","modified_gmt":"2026-03-31T05:42:18","slug":"denni-shrnuti-ekonomiky-v-cr-e-on-ppf-a-prosiebensat-1-louis-vuitton-jab-jde-peets-a-ropa-brent-31-brezna-2026","status":"publish","type":"post","link":"https:\/\/gnews.cz\/en\/ekonomika\/denni-shrnuti-ekonomiky-v-cr-e-on-ppf-a-prosiebensat-1-louis-vuitton-jab-jde-peets-a-ropa-brent-31-brezna-2026\/","title":{"rendered":"Daily summary of the Czech economy: E.ON, PPF and ProSiebenSat.1, Louis Vuitton, JAB, JDE Peet's and Brent crude oil (31 March 2026)"},"content":{"rendered":"\n<h2 class=\"wp-block-heading\">P\u0159ehled nejnov\u011bj\u0161\u00edch ekonomick\u00fdch ud\u00e1lost\u00ed v \u010cR<\/h2>\n\n\n\n<p>Pra\u017esk\u00e1 burza zah\u00e1jila t\u00fdden dal\u0161\u00edm oslaben\u00edm. Hlavn\u00ed index PX klesl o 0,49 procenta na 2470,45 bodu \u2014 n\u00ed\u017ee naposledy uzav\u00edral v druh\u00e9 polovin\u011b listopadu. K poklesu p\u0159isp\u011bly p\u0159edev\u0161\u00edm bankovn\u00ed tituly; jedin\u00fdm sv\u011btl\u00fdm bodem byl energetick\u00fd <strong>\u010cEZ<\/strong>, jeho\u017e akcie ukon\u010dily pond\u011bln\u00ed obchodov\u00e1n\u00ed s m\u00edrn\u00fdm ziskem. Situace na burze odr\u00e1\u017e\u00ed nejistotu investor\u016f v kontextu glob\u00e1ln\u00ed ropn\u00e9 krize a geopolitick\u00e9ho nap\u011bt\u00ed na Bl\u00edzk\u00e9m v\u00fdchod\u011b.<\/p>\n\n\n\n<p>Na trhu pohonn\u00fdch hmot naopak doch\u00e1z\u00ed k \u00falev\u011b. Pr\u016fm\u011brn\u00e1 cena za litr benzinu klesla za posledn\u00ed t\u00fdden o 13 hal\u00e9\u0159\u016f na 33,79 koruny, nafta zlevnila o 27 hal\u00e9\u0159\u016f na litr. Toto zm\u00edrn\u011bn\u00ed cen p\u0159ich\u00e1z\u00ed navzdory glob\u00e1ln\u00edmu tlaku ze strany ropn\u00e9 krize a souvis\u00ed s do\u010dasn\u00fdm uvoln\u011bn\u00edm dom\u00e1c\u00edch cen pohonn\u00fdch hmot.<\/p>\n\n\n\n<p>Energetick\u00e1 spole\u010dnost <strong>E.ON<\/strong> od pond\u011bl\u00ed 30. b\u0159ezna reagovala na tr\u017en\u00ed v\u00fdvoj zdra\u017een\u00edm. Spole\u010dnost zv\u00fd\u0161ila n\u011bkter\u00e9 fixovan\u00e9 cen\u00edky plynu i elekt\u0159iny o ni\u017e\u0161\u00ed stovky korun za spot\u0159ebovanou megawatthodinu, p\u0159i\u010dem\u017e opat\u0159en\u00ed se t\u00fdk\u00e1 nov\u011b uzav\u00edran\u00fdch smluv se z\u00e1vazkem.<\/p>\n\n\n\n<p>D\u016fle\u017eit\u00e9 zm\u011bny p\u0159ich\u00e1zej\u00ed tak\u00e9 v bankovn\u00edm sektoru. Banky od dubna zp\u0159\u00edsn\u00ed limity pro poskytov\u00e1n\u00ed investi\u010dn\u00edch hypot\u00e9k, jak jim doporu\u010dila <strong>\u010cesk\u00e1 n\u00e1rodn\u00ed banka<\/strong>. Nov\u00e9 opat\u0159en\u00ed platn\u00e9 k 1. dubnu 2026 se bude vztahovat pouze na nov\u011b poskytnut\u00e9 \u00fav\u011bry. Vliv na celkov\u00fd po\u010det nov\u011b poskytnut\u00fdch hypot\u00e9k bude znateln\u00fd, nikoli v\u0161ak dramatick\u00fd. <strong>Raiffeisenbank<\/strong> mezit\u00edm spustila novou platformu pro mal\u00e9 a st\u0159edn\u00ed podnikatele, kter\u00e1 sdru\u017euje slu\u017eby t\u0159et\u00edch stran v\u010detn\u011b poji\u0161t\u011bn\u00ed a fakturace na jednom m\u00edst\u011b. Podnikatel\u00e9 mohou d\u00edky platform\u011b z\u00edskat zv\u00fdhodn\u011bn\u00e9 podm\u00ednky, v\u010detn\u011b a\u017e 80procentn\u00ed slevy na faktura\u010dn\u00ed n\u00e1stroje pro za\u010d\u00ednaj\u00edc\u00ed podnikatele.<\/p>\n\n\n\n<p><strong>\u010cesk\u00e1 spo\u0159itelna<\/strong> pokra\u010duje v inovaci sv\u00fdch digit\u00e1ln\u00edch slu\u017eeb. Mobiln\u00ed aplikace George z\u00edskala nov\u00fd kyberbezpe\u010dnostn\u00ed algoritmus, kter\u00fd detekuje potenci\u00e1ln\u00ed podvodn\u00e9 transakce. P\u0159i podez\u0159el\u00e9 transakci George zpomal\u00ed proces odesl\u00e1n\u00ed a zobraz\u00ed klientovi varovn\u00e9 ozn\u00e1men\u00ed. Od \u00fanora 2026 se tato ochrana vztahuje nejen na mobiln\u00ed, ale i internetov\u00e9 bankovnictv\u00ed.<\/p>\n\n\n\n<h2 class=\"wp-block-heading\">Zahrani\u010dn\u00ed investice<\/h2>\n\n\n\n<p>\u010cesk\u00e1 investi\u010dn\u00ed skupina <strong>PPF<\/strong> zavr\u0161ila v\u00fdraznou transakci na evropsk\u00e9m medi\u00e1ln\u00edm trhu. Skupina ozn\u00e1mila ukon\u010den\u00ed sv\u00e9 investice v n\u011bmeck\u00e9 spole\u010dnosti <strong>ProSiebenSat.1<\/strong> a nab\u00eddla italsk\u00e9 skupin\u011b <strong>MFE (MediaForEurope)<\/strong> sv\u00fdch p\u0159ibli\u017en\u011b 15,68 procent z\u00e1kladn\u00edho kapit\u00e1lu n\u011bmeck\u00e9 firmy. Prodej pod\u00edlu zapad\u00e1 do \u0161ir\u0161\u00ed strategie PPF, kter\u00e1 se v posledn\u00edch letech zam\u011b\u0159uje na efektivn\u00ed spr\u00e1vu portfolia a udr\u017eov\u00e1n\u00ed investic v oblastech, kde dok\u00e1\u017ee uplatnit sv\u00e9 know-how. I p\u0159es odchod z medi\u00e1ln\u00ed skupiny PPF zd\u016fraz\u0148uje, \u017ee n\u011bmeck\u00fd trh pro ni z\u016fst\u00e1v\u00e1 kl\u00ed\u010dov\u00fd.<\/p>\n\n\n\n<p>Na realitn\u00edm poli zaznamenal transakci <strong>Raiffeisen realitn\u00ed fond<\/strong>, kter\u00fd dokon\u010dil akvizici nemovitosti v pra\u017esk\u00e9 Pa\u0159\u00ed\u017esk\u00e9 ulici. Objekt je pln\u011b pronajat m\u00f3dn\u00ed spole\u010dnosti <strong>Louis Vuitton<\/strong> ze skupiny LVMH. Transakci vyjednala nemovitostn\u00ed skupina Mint ve spolupr\u00e1ci s poradenskou spole\u010dnost\u00ed Cushman &amp; Wakefield. Jde o presti\u017en\u00ed investici do pr\u00e9miov\u00e9 nemovitosti v srdci Prahy, kter\u00e1 podtrhuje z\u00e1jem institucion\u00e1ln\u00edch investor\u016f o vysoce atraktivn\u00ed lokality.<\/p>\n\n\n\n<p>Ve sv\u011btov\u00e9m kontextu nab\u00fdv\u00e1 na dynamice trh f\u00faz\u00ed a akvizic. Podle pr\u016fzkumu mezi 400 st\u0159edn\u00edmi tr\u017en\u00edmi spole\u010dnostmi a firmami soukrom\u00e9ho kapit\u00e1lu a\u017e 58 procent dot\u00e1zan\u00fdch p\u0159edpov\u00edd\u00e1 n\u00e1r\u016fst objemu M&amp;A do konce tohoto roku. Jako kl\u00ed\u010dov\u00e9 oblasti se jev\u00ed technologie, finan\u010dn\u00ed slu\u017eby a nemovitosti. Siln\u00fd glob\u00e1ln\u00ed z\u00e1jem o f\u00faze a akvizice se projevuje i v tom, \u017ee n\u011bmeck\u00fd konglomer\u00e1t <strong>JAB<\/strong> z\u00edsk\u00e1v\u00e1 od americk\u00e9 potravin\u00e1\u0159sk\u00e9 skupiny <strong>Mondelez International<\/strong> men\u0161inov\u00fd pod\u00edl v nizozemsk\u00e9m v\u00fdrobci k\u00e1vy a \u010daje <strong>JDE Peet&#8217;s<\/strong> \u2014 hodnota transakce dosahuje 2,16 miliardy eur, tedy p\u0159ibli\u017en\u011b 54,6 miliardy korun.<\/p>\n\n\n\n<h2 class=\"wp-block-heading\">V\u00fdznamn\u00e9 ud\u00e1losti mimo \u010cR s glob\u00e1ln\u00edm dopadem<\/h2>\n\n\n\n<p>Nejv\u011bt\u0161\u00ed t\u00e9ma z\u00e1v\u011bru b\u0159ezna 2026 z\u016fst\u00e1v\u00e1 ropn\u00e1 krize zp\u016fsoben\u00e1 konfliktem na Bl\u00edzk\u00e9m v\u00fdchod\u011b. Cena ropy Brent sm\u011b\u0159uje k rekordn\u00edmu m\u011bs\u00ed\u010dn\u00edmu n\u00e1r\u016fstu \u2014 od za\u010d\u00e1tku m\u011bs\u00edce vzrostla o v\u00edce ne\u017e 51 procent, \u010d\u00edm\u017e p\u0159ekon\u00e1v\u00e1 i dosavadn\u00ed rekord ze z\u00e1\u0159\u00ed 1990 po invazi Sadd\u00e1ma Husajna do Kuvajtu. Dne 31. b\u0159ezna se cena term\u00ednov\u00e9ho kontraktu na Brent s dod\u00e1n\u00edm v kv\u011btnu pohybovala nad 110,40 USD za barel, americk\u00e1 lehk\u00e1 ropa WTI se prod\u00e1vala za v\u00edce ne\u017e 97,30 USD za barel.<\/p>\n\n\n\n<p>Mezin\u00e1rodn\u00ed agentura pro energii ozna\u010dila sou\u010dasnou situaci za nejv\u011bt\u0161\u00ed \u0161ok v dod\u00e1vk\u00e1ch ropy v historii. \u00cdr\u00e1nsk\u00e9 revolu\u010dn\u00ed gardy \u00fato\u010d\u00ed na tankery proplouvaj\u00edc\u00ed Hormuzsk\u00fdm pr\u016flivem, kter\u00fd je prakticky zablokov\u00e1n. Tankery v\u011bt\u0161inou kotv\u00ed opod\u00e1l a poji\u0161\u0165ovny odm\u00edtaj\u00ed kr\u00fdt v\u00e1le\u010dn\u00e9 riziko. Dopady p\u0159esahuj\u00ed energetick\u00fd sektor \u2014 ropa a plyn jsou kl\u00ed\u010dov\u00e9 pro v\u00fdrobu plast\u016f, chemik\u00e1li\u00ed i hnojiv, jejich nedostatek tak zdra\u017euje cel\u00e9 spektrum zbo\u017e\u00ed od potravin po pr\u016fmyslov\u00e9 v\u00fdrobky. Minist\u0159i financ\u00ed a guvern\u00e9\u0159i centr\u00e1ln\u00edch bank zem\u00ed G7 jsou p\u0159ipraveni p\u0159ijmout ve\u0161ker\u00e1 nezbytn\u00e1 opat\u0159en\u00ed k udr\u017een\u00ed stability energetick\u00fdch trh\u016f.<\/p>\n\n\n\n<p>Na unijn\u00ed front\u011b \u010del\u00ed nap\u011bt\u00ed Slovensko. Evropsk\u00e1 komise vyzvala Bratislavu, aby p\u0159estala uplat\u0148ovat vl\u00e1dn\u00ed na\u0159\u00edzen\u00ed o prodeji nafty se syst\u00e9mem dvoj\u00edch cen, a pohrozila zah\u00e1jen\u00edm \u0159\u00edzen\u00ed pro poru\u0161en\u00ed pr\u00e1va EU. Slovensk\u00fd premi\u00e9r Robert Fico tyto kroky ve\u0159ejn\u011b odm\u00edtl s t\u00edm, \u017ee Brusel se sna\u017e\u00ed zasahovat do politick\u00e9 situace v zemi. Opat\u0159en\u00ed jsou sou\u010d\u00e1st\u00ed \u0161ir\u0161\u00ed reakce st\u0159edoevropsk\u00fdch zem\u00ed na ropnou krizi.<\/p>\n\n\n\n<p><strong>gnews.cz &#8211; GH<\/strong><\/p>\n\n\n<p>[currency_and_metal_rates]<\/p>\n\n\n\n<figure class=\"wp-block-image size-full\"><img fetchpriority=\"high\" decoding=\"async\" width=\"875\" height=\"412\" src=\"https:\/\/gnews.cz\/wp-content\/uploads\/2026\/03\/cdscds.webp\" alt=\"\" class=\"wp-image-43111\" srcset=\"https:\/\/gnews.cz\/wp-content\/uploads\/2026\/03\/cdscds.webp 875w, https:\/\/gnews.cz\/wp-content\/uploads\/2026\/03\/cdscds-300x141.webp 300w, https:\/\/gnews.cz\/wp-content\/uploads\/2026\/03\/cdscds-768x362.webp 768w, https:\/\/gnews.cz\/wp-content\/uploads\/2026\/03\/cdscds-18x8.webp 18w, https:\/\/gnews.cz\/wp-content\/uploads\/2026\/03\/cdscds-585x275.webp 585w\" sizes=\"(max-width: 875px) 100vw, 875px\" \/><\/figure>\n\n\n\n<figure class=\"wp-block-image size-full\"><img decoding=\"async\" width=\"875\" height=\"410\" src=\"https:\/\/gnews.cz\/wp-content\/uploads\/2026\/03\/oih.webp\" alt=\"\" class=\"wp-image-43112\" srcset=\"https:\/\/gnews.cz\/wp-content\/uploads\/2026\/03\/oih.webp 875w, https:\/\/gnews.cz\/wp-content\/uploads\/2026\/03\/oih-300x141.webp 300w, https:\/\/gnews.cz\/wp-content\/uploads\/2026\/03\/oih-768x360.webp 768w, https:\/\/gnews.cz\/wp-content\/uploads\/2026\/03\/oih-18x8.webp 18w, https:\/\/gnews.cz\/wp-content\/uploads\/2026\/03\/oih-585x274.webp 585w\" sizes=\"(max-width: 875px) 100vw, 875px\" \/><\/figure>\n\n\n\n<figure class=\"wp-block-image size-full\"><img decoding=\"async\" width=\"877\" height=\"300\" src=\"https:\/\/gnews.cz\/wp-content\/uploads\/2026\/03\/oiug.webp\" alt=\"\" class=\"wp-image-43113\" srcset=\"https:\/\/gnews.cz\/wp-content\/uploads\/2026\/03\/oiug.webp 877w, https:\/\/gnews.cz\/wp-content\/uploads\/2026\/03\/oiug-300x103.webp 300w, https:\/\/gnews.cz\/wp-content\/uploads\/2026\/03\/oiug-768x263.webp 768w, https:\/\/gnews.cz\/wp-content\/uploads\/2026\/03\/oiug-18x6.webp 18w, https:\/\/gnews.cz\/wp-content\/uploads\/2026\/03\/oiug-585x200.webp 585w\" sizes=\"(max-width: 877px) 100vw, 877px\" \/><\/figure>\n\n\n\n<figure class=\"wp-block-image size-full\"><img loading=\"lazy\" decoding=\"async\" width=\"876\" height=\"504\" src=\"https:\/\/gnews.cz\/wp-content\/uploads\/2026\/03\/bvgvc.webp\" alt=\"\" class=\"wp-image-43114\" srcset=\"https:\/\/gnews.cz\/wp-content\/uploads\/2026\/03\/bvgvc.webp 876w, https:\/\/gnews.cz\/wp-content\/uploads\/2026\/03\/bvgvc-300x173.webp 300w, https:\/\/gnews.cz\/wp-content\/uploads\/2026\/03\/bvgvc-768x442.webp 768w, https:\/\/gnews.cz\/wp-content\/uploads\/2026\/03\/bvgvc-18x10.webp 18w, https:\/\/gnews.cz\/wp-content\/uploads\/2026\/03\/bvgvc-585x337.webp 585w\" sizes=\"(max-width: 876px) 100vw, 876px\" \/><\/figure>\n\n\n\n<p><strong>tradingeconomics.com<\/strong><\/p>\n","protected":false},"excerpt":{"rendered":"<p>Overview of the latest economic events in the Czech Republic The Prague Stock Exchange started the week with another weakening. The main PX index fell by 0.49 percent to 2470.45 points...<\/p>","protected":false},"author":6,"featured_media":43110,"comment_status":"open","ping_status":"closed","sticky":false,"template":"","format":"standard","meta":{"_acf_changed":false,"_lmt_disableupdate":"","_lmt_disable":"","footnotes":""},"categories":[2968,4,2973],"tags":[9932,12052,12048,7466,12047,12064,12054,12063,12057,12049,12062,12046,11955,12051,6499,12053,12061,12050,12059,12060,17,41],"class_list":["post-43109","post","type-post","status-publish","format-standard","has-post-thumbnail","hentry","category-domaci","category-ekonomika","category-zahranicni","tag-ceska-ekonomika-2026","tag-ceska-narodni-banka-urokove-sazby","tag-ceska-sporitelna-george-aplikace","tag-cez-akcie","tag-e-on-zdrazeni-energie","tag-ekonomicke-zpravy-31-brezna-2026","tag-evropska-komise-slovensko-nafta-dvoji-ceny","tag-fuze-a-akvizice-ma-2026","tag-hdp-ceska-republika-rust","tag-hormuzsky-pruliv-blokada","tag-hypoteky-zprisneni-podminek","tag-jab-mondelez-jde-peets-akvizice","tag-liberty-ostrava-insolvencni-spravce","tag-ppf-prosiebensat-1-prodej-podilu","tag-prazska-burza-index-px","tag-raiffeisen-realitni-fond-parizska","tag-raiffeisenbank-podnikatele","tag-robert-fico-eu","tag-ropa-brent-cena-rekord","tag-ropna-krize-iran-2026","tag-top","tag-world"],"acf":[],"aioseo_notices":[],"_links":{"self":[{"href":"https:\/\/gnews.cz\/en\/wp-json\/wp\/v2\/posts\/43109","targetHints":{"allow":["GET"]}}],"collection":[{"href":"https:\/\/gnews.cz\/en\/wp-json\/wp\/v2\/posts"}],"about":[{"href":"https:\/\/gnews.cz\/en\/wp-json\/wp\/v2\/types\/post"}],"author":[{"embeddable":true,"href":"https:\/\/gnews.cz\/en\/wp-json\/wp\/v2\/users\/6"}],"replies":[{"embeddable":true,"href":"https:\/\/gnews.cz\/en\/wp-json\/wp\/v2\/comments?post=43109"}],"version-history":[{"count":1,"href":"https:\/\/gnews.cz\/en\/wp-json\/wp\/v2\/posts\/43109\/revisions"}],"predecessor-version":[{"id":43115,"href":"https:\/\/gnews.cz\/en\/wp-json\/wp\/v2\/posts\/43109\/revisions\/43115"}],"wp:featuredmedia":[{"embeddable":true,"href":"https:\/\/gnews.cz\/en\/wp-json\/wp\/v2\/media\/43110"}],"wp:attachment":[{"href":"https:\/\/gnews.cz\/en\/wp-json\/wp\/v2\/media?parent=43109"}],"wp:term":[{"taxonomy":"category","embeddable":true,"href":"https:\/\/gnews.cz\/en\/wp-json\/wp\/v2\/categories?post=43109"},{"taxonomy":"post_tag","embeddable":true,"href":"https:\/\/gnews.cz\/en\/wp-json\/wp\/v2\/tags?post=43109"}],"curies":[{"name":"wp","href":"https:\/\/api.w.org\/{rel}","templated":true}]}}