{"id":43547,"date":"2026-04-07T12:00:00","date_gmt":"2026-04-07T10:00:00","guid":{"rendered":"https:\/\/gnews.cz\/?p=43547"},"modified":"2026-04-07T10:36:20","modified_gmt":"2026-04-07T08:36:20","slug":"shrnuti-uplynuleho-14-tydne-na-general-news-30-brezna-5-dubna-2026","status":"publish","type":"post","link":"https:\/\/gnews.cz\/en\/tema\/shrnuti-uplynuleho-14-tydne-na-general-news-30-brezna-5-dubna-2026\/","title":{"rendered":"Recap of the past 14 weeks on General News (March 30 - April 5, 2026)"},"content":{"rendered":"<h2 class=\"wp-block-heading\">30 March 2026 <a href=\"https:\/\/gnews.cz\/wp-admin\/post.php?post=43071&amp;action=edit\" target=\"_blank\" rel=\"noopener\" title=\"\">US and Israel are dragging the world towards World War III, warns Jeffrey Sachs<\/a><\/h2>\n\n\n\n<blockquote class=\"wp-block-quote is-layout-flow wp-block-quote-is-layout-flow\">\n<p>Renowned American economist and Columbia University professor Jeffrey Sachs has issued a stark warning: the US-Israeli attack on Iran could escalate into a global conflict of unprecedented proportions. In an interview with the Japanese portal Nikkei Asia, he declared that the world is on the brink of a third world war.<\/p>\n<\/blockquote>\n\n\n\n<h2 class=\"wp-block-heading\">31 March 2026 <a href=\"https:\/\/gnews.cz\/wp-admin\/post.php?post=43155&amp;action=edit\" target=\"_blank\" rel=\"noopener\" title=\"\">Czech-Slovak government meeting confirms strengthening of partnership between the two countries<\/a><\/h2>\n\n\n\n<blockquote class=\"wp-block-quote is-layout-flow wp-block-quote-is-layout-flow\">\n<p>On Tuesday, 31 March 2026, the ninth joint meeting of the governments of the Czech and Slovak Republic took place at the Nov\u00e1 Horka Castle in Stud\u00e9nka. The Cabinets, headed by Prime Ministers Andrej Babi\u0161 and Robert Fico, discussed, among other things, the current situation with fuel prices and oil supplies following the outbreak of the conflict in the Middle East. The Prime Ministers of both countries also signed a Memorandum on Enhanced Cooperation between the Government of the Czech Republic and the Government of the Slovak Republic, which strengthens their partnership in key areas.<\/p>\n<\/blockquote>\n\n\n\n<h2 class=\"wp-block-heading\">01 April 2026 <a href=\"https:\/\/gnews.cz\/wp-admin\/post.php?post=43296&amp;action=edit\" target=\"_blank\" rel=\"noopener\" title=\"\">Analysis: the Russia-Ukraine Conflict - Defence Industry, Profits, Production and Geopolitical Influence (IV.)<\/a><\/h2>\n\n\n\n<blockquote class=\"wp-block-quote is-layout-flow wp-block-quote-is-layout-flow\">\n<p>The conflict between Russia and Ukraine has become a boon for the global defence industry as governments around the world have significantly increased military spending in response to the deteriorating security environment. The conflict has sparked a surge in demand for a wide range of military equipment - from small arms to advanced missile systems - and arms companies are working around the clock to meet this demand. Here is the fourth part of our analysis, focusing on the defence industry, profits, production and geopolitical influence.<\/p>\n<\/blockquote>\n\n\n\n<h2 class=\"wp-block-heading\">02 April 2026 <a href=\"https:\/\/gnews.cz\/wp-admin\/post.php?post=43366&amp;action=edit\" target=\"_blank\" rel=\"noopener\" title=\"\">Czech Daily Economic Summary: Stocks, Budget, U&amp;C UAS, Pegasus Airlines, Smartwings and CSA, AkzoNobel, Brent and Wti (April 2, 2026)<\/a><\/h2>\n\n\n\n<blockquote class=\"wp-block-quote is-layout-flow wp-block-quote-is-layout-flow\">\n<p>The Prague Stock Exchange ended Wednesday with a significant growth. The PX index rose by 1.72 percent to 2,553.02 points, helped by the appreciation of bank issues - shares of Erste, Komer\u010dn\u00ed banka and Moneta. It is one of the index's strongest one-day performances this year, with investors also reacting to calming domestic fiscal news.<\/p>\n<\/blockquote>\n\n\n\n<h2 class=\"wp-block-heading\">03 April 2026 <a href=\"https:\/\/gnews.cz\/wp-admin\/post.php?post=42685&amp;action=edit\" target=\"_blank\" rel=\"noopener\" title=\"\">Herbarium: Comfrey - Golden herb for blood vessels and blood<\/a><\/h2>\n\n\n\n<blockquote class=\"wp-block-quote is-layout-flow wp-block-quote-is-layout-flow\">\n<p>Melilotus officinalis, also known as sweet alfalfa, is a perennial herb of the legume family, native to Europe and western Asia, which commonly grows in meadows and meadows. It is a biennial herb up to one and a half metres tall with yellow flowers on short stalks arranged in racemes. The fruit is an ovoid pod, about 4 mm long. The main medicinal parts are the flowers and the aerial parts of the plant.<\/p>\n<\/blockquote>\n\n\n\n<h2 class=\"wp-block-heading\">04 April 2026 <a href=\"https:\/\/gnews.cz\/wp-admin\/post.php?post=43482&amp;action=edit\" target=\"_blank\" rel=\"noopener\" title=\"\">U.S. military budget provides for modernization and diversification of nuclear forces, funds are for U.S. defense<\/a><\/h2>\n\n\n\n<blockquote class=\"wp-block-quote is-layout-flow wp-block-quote-is-layout-flow\">\n<p><strong>WASHINGTON, April 3. The U.S. military budget proposal for fiscal year 2027, which the White House submitted to Congress, includes an allocation of funds for the modernization and diversification of strategic nuclear weapons, the White House said in a statement.<\/strong><\/p>\n<\/blockquote>\n\n\n\n<h2 class=\"wp-block-heading\">05 April 2026 <a href=\"https:\/\/gnews.cz\/wp-admin\/post.php?post=43543&amp;action=edit\" target=\"_blank\" rel=\"noopener\" title=\"\">It takes approximately 3 months to develop a cancer vaccine for a specific patient in Russia<\/a><\/h2>\n\n\n\n<blockquote class=\"wp-block-quote is-layout-flow wp-block-quote-is-layout-flow\">\n<p><strong>SIRIUS, April 5. It takes about three months to create a cancer vaccine for a specific patient, said Vladimir Gamaleji, deputy director of the National Research Center of Epidemiology and Microbiology N.F.\u00a0<strong>Alexandrovich Gushchin<\/strong><\/strong>.\"<\/p>\n<\/blockquote>\n\n\n\n<h2 class=\"wp-block-heading\"><strong>Jan Vojt\u011bch, <\/strong>Editor-in-chief, General News<\/h2>","protected":false},"excerpt":{"rendered":"<p>30 March 2026 The US and Israel are dragging the world towards World War III, warns Jeffrey Sachs Renowned American economist and Columbia University professor...<\/p>","protected":false},"author":10,"featured_media":43548,"comment_status":"open","ping_status":"closed","sticky":false,"template":"","format":"standard","meta":{"_acf_changed":false,"_lmt_disableupdate":"","_lmt_disable":"","footnotes":""},"categories":[2968,7,658,1,1376,580,2973],"tags":[12246,12403,2083,12391,1264,45,2408,12399,22,3446,46,78,12395,10003,11683,760,3552,12004,2198,12397,1506,12393,12396,12405,12406,10,11998,12390,5438,12401,2030,4228,1563,12407,458,26,9348,12392,17,11996,29,38,3391,12404,9286,12402,41,12400,12394,12398],"class_list":["post-43547","post","type-post","status-publish","format-standard","has-post-thumbnail","hentry","category-domaci","category-politika","category-prectete-si","category-tema","category-tyden-na-general-news","category-vyber-sefredaktora","category-zahranicni","tag-americka-obrana","tag-americky-vojensky-rozpocet","tag-analyza","tag-andrj-babis","tag-blizkay-vychod","tag-cr","tag-ceska-vlada","tag-cevy","tag-cina","tag-erste-bank","tag-eu","tag-evropa","tag-geopoliticky-vliv","tag-globalni-konflikt","tag-herbar","tag-iran-3","tag-jeffrey-sachs","tag-kolumbijska-univerzita","tag-komercni-banka","tag-komonice-lekarska-2","tag-krev","tag-memorandum","tag-monety-bank","tag-n-f-gamaleji","tag-narodniho-vyzkumneho-centra-epidemiologie-a-mikrobiologie-n-f-gamaleji","tag-news","tag-nikkei-asia","tag-nova-horka-ve-studence","tag-obranny-prumysl","tag-plody","tag-prazska-burza","tag-raketove-systemy","tag-rakovina","tag-reditel","tag-robert-fico","tag-rusko","tag-rusko-ukrajinsky-konflikt","tag-slovenska-vlada","tag-top","tag-treti-svetova-valka","tag-ukrajina","tag-usa","tag-vakciny","tag-vladimir-alexandrovic-guscin","tag-vojenska-technika","tag-vojteska-sladka","tag-world","tag-zapadni-asie","tag-zisky","tag-zlata-bylina"],"acf":[],"aioseo_notices":[],"_links":{"self":[{"href":"https:\/\/gnews.cz\/en\/wp-json\/wp\/v2\/posts\/43547","targetHints":{"allow":["GET"]}}],"collection":[{"href":"https:\/\/gnews.cz\/en\/wp-json\/wp\/v2\/posts"}],"about":[{"href":"https:\/\/gnews.cz\/en\/wp-json\/wp\/v2\/types\/post"}],"author":[{"embeddable":true,"href":"https:\/\/gnews.cz\/en\/wp-json\/wp\/v2\/users\/10"}],"replies":[{"embeddable":true,"href":"https:\/\/gnews.cz\/en\/wp-json\/wp\/v2\/comments?post=43547"}],"version-history":[{"count":4,"href":"https:\/\/gnews.cz\/en\/wp-json\/wp\/v2\/posts\/43547\/revisions"}],"predecessor-version":[{"id":43594,"href":"https:\/\/gnews.cz\/en\/wp-json\/wp\/v2\/posts\/43547\/revisions\/43594"}],"wp:featuredmedia":[{"embeddable":true,"href":"https:\/\/gnews.cz\/en\/wp-json\/wp\/v2\/media\/43548"}],"wp:attachment":[{"href":"https:\/\/gnews.cz\/en\/wp-json\/wp\/v2\/media?parent=43547"}],"wp:term":[{"taxonomy":"category","embeddable":true,"href":"https:\/\/gnews.cz\/en\/wp-json\/wp\/v2\/categories?post=43547"},{"taxonomy":"post_tag","embeddable":true,"href":"https:\/\/gnews.cz\/en\/wp-json\/wp\/v2\/tags?post=43547"}],"curies":[{"name":"wp","href":"https:\/\/api.w.org\/{rel}","templated":true}]}}